{"id":82864,"date":"2020-04-19T17:04:37","date_gmt":"2020-04-19T21:04:37","guid":{"rendered":"https:\/\/linitiative.ca\/International\/la-fabrication-des-masques-desormais-reglementee\/"},"modified":"2020-04-19T17:04:37","modified_gmt":"2020-04-19T21:04:37","slug":"la-fabrication-des-masques-desormais-reglementee","status":"publish","type":"post","link":"https:\/\/linitiative.ca\/International\/la-fabrication-des-masques-desormais-reglementee\/","title":{"rendered":"La fabrication des masques d\u00e9sormais r\u00e9glement\u00e9e"},"content":{"rendered":"<p><strong>La fabrication des masques de protection en tissu non tiss\u00e9 est dor\u00e9navant soumise \u00e0 l\u2019obligation de respecter les sp\u00e9cificit\u00e9s techniques dict\u00e9es par la norme marocaine NM ST 21.5.200, souligne le ministre de l\u2019Industrie, du Commerce, de l\u2019Economie verte et num\u00e9rique.<\/strong><\/p>\n<div class=\"c10\"\/>\n<p>Cette obligation normative est entr\u00e9e en vigueur suite \u00e0 la publication de l\u2019arr\u00eat\u00e9 n\u00b01060-20 du 8 avril 2020 du ministre qui appelle les fabricants et les distributeurs des masques de protection en tissu non tiss\u00e9 \u00e0 usage non m\u00e9dical \u00e0 se conformer aux caract\u00e9ristiques techniques d\u00e9finies par le document normatif y aff\u00e9rant, \u00e9labor\u00e9 conjointement par les diff\u00e9rentes parties prenantes, pr\u00e9cise le minist\u00e8re.<\/p>\n<p>En effet, cet arr\u00eat\u00e9 rel\u00e8ve d\u2019un r\u00e9f\u00e9rentiel obligatoire pour les fabricants et distributeurs des masques de protection subventionn\u00e9s par le Fonds sp\u00e9cial de gestion de la pand\u00e9mie du Covid-19 et dont le prix de vente au public est fix\u00e9 \u00e0 80 centimes l\u2019unit\u00e9, rel\u00e8ve le minist\u00e8re. Il constitue une base garantissant la tra\u00e7abilit\u00e9 du produit et permettant au minist\u00e8re de mener des contr\u00f4les r\u00e9guliers en vue de s\u2019assurer de la conformit\u00e9 des masques aux exigences r\u00e9glementaires. Ainsi, toute non-conformit\u00e9 est sanctionn\u00e9e par un PV et une poursuite judiciaire \u00e0 l\u2019encontre des contrevenants. L\u2019objectif est de mettre \u00e0 la disposition des citoyens des masques conformes aux standards de s\u00e9curit\u00e9 permettant de limiter au maximum la transmission du virus, pr\u00e9cise le d\u00e9partement de Moulay Hafid Elalamy.<\/p>\n<p>Lire aussi : <a href=\"https:\/\/www.challenge.ma\/ce-que-vous-devez-savoir-sur-le-coronavirus-134568\/\" target=\"_blank\" rel=\"noreferrer noopener\" aria-label=\" (s&#x2019;ouvre dans un nouvel onglet)\">Ce que vous devez savoir sur le coronavirus<\/a><\/p>\n<p>En vertu de la nouvelle r\u00e9glementation, les masques doivent notamment \u00eatre fabriqu\u00e9s \u00e0 partir d\u2019un Polypropyl\u00e8ne vierge et compos\u00e9s de trois couches filtrables superpos\u00e9es en tissu non tiss\u00e9 assurant la couverture du nez, de la bouche et du menton de l\u2019utilisateur. Conform\u00e9ment aux caract\u00e9ristiques d\u00e9finies par l\u2019arr\u00eat\u00e9, il est exig\u00e9, entre autres, que les parties du masque susceptibles d\u2019entrer en contact avec la peau du porteur soient exemptes d\u2019ar\u00eates vives et de bavures et de ne pas pr\u00e9senter de risques connus d\u2019irritations ou d\u2019effets ind\u00e9sirables pour la sant\u00e9. Le tissu de fabrication doit \u00eatre ainsi exempt de m\u00e9taux lourds, assurant la respirabilit\u00e9 et \u00e9vitant toute irritation ou allergie \u00e0 l\u2019utilisateur, explique le minist\u00e8re.<\/p>\n<p>L\u2019arr\u00eat\u00e9 souligne \u00e9galement que les masques mis en vente au public doivent \u00eatre conditionn\u00e9s dans des emballages de 10 unit\u00e9s et ne doivent aucunement \u00eatre vendus \u00e0 l\u2019unit\u00e9 ou dans des emballages ouverts. Ces masques doivent \u00e9galement \u00eatre certifi\u00e9s et porter les \u00e9l\u00e9ments d\u2019identification du fabriquant et la mention \u00ab ce produit n\u2019est pas class\u00e9 comme dispositif m\u00e9dical. A usage unique et non r\u00e9utilisables, ces masques ne doivent \u00eatre port\u00e9s plus de 4 heures \u00bb.<\/p>\n<p>Avec MAP<\/p>\n<div class=\"c17\">\n<fieldset class=\"c16\">\n<legend><strong><span class=\"c11\">Challenge<\/span><span class=\"c12\">news<\/span><\/strong><\/legend>\n<div class=\"c15\">Le meilleur de Challenge s\u00e9lectionn\u00e9 par la r\u00e9daction :<\/p>\n<\/div>\n<\/fieldset>\n<\/div>\n<p>Auteur: Karim Handaoui<br \/>\n<a href=\"https:\/\/www.challenge.ma\/la-fabrication-des-masques-desormais-reglementee-137917\/\">Cliquez ici pour lire l&rsquo;article depuis sa source.<\/a><\/p>\n","protected":false},"excerpt":{"rendered":"<p>La fabrication des masques de protection en tissu non tiss\u00e9 est dor\u00e9navant soumise \u00e0 l\u2019obligation de respecter les sp\u00e9cificit\u00e9s techniques dict\u00e9es par la norme marocaine NM ST 21.5.200, souligne le ministre de l\u2019Industrie, du Commerce, de l\u2019Economie verte et num\u00e9rique. Cette obligation normative est entr\u00e9e en vigueur suite \u00e0 la publication de l\u2019arr\u00eat\u00e9 n\u00b01060-20 du [&hellip;]<\/p>\n","protected":false},"author":1787,"featured_media":0,"comment_status":"closed","ping_status":"closed","sticky":false,"template":"","format":"standard","meta":{"fifu_image_url":"","fifu_image_alt":"","footnotes":""},"categories":[78,54],"tags":[],"class_list":["post-82864","post","type-post","status-publish","format-standard","hentry","category-economie","category-maroc"],"_links":{"self":[{"href":"https:\/\/linitiative.ca\/International\/wp-json\/wp\/v2\/posts\/82864","targetHints":{"allow":["GET"]}}],"collection":[{"href":"https:\/\/linitiative.ca\/International\/wp-json\/wp\/v2\/posts"}],"about":[{"href":"https:\/\/linitiative.ca\/International\/wp-json\/wp\/v2\/types\/post"}],"author":[{"embeddable":true,"href":"https:\/\/linitiative.ca\/International\/wp-json\/wp\/v2\/users\/1787"}],"replies":[{"embeddable":true,"href":"https:\/\/linitiative.ca\/International\/wp-json\/wp\/v2\/comments?post=82864"}],"version-history":[{"count":0,"href":"https:\/\/linitiative.ca\/International\/wp-json\/wp\/v2\/posts\/82864\/revisions"}],"wp:attachment":[{"href":"https:\/\/linitiative.ca\/International\/wp-json\/wp\/v2\/media?parent=82864"}],"wp:term":[{"taxonomy":"category","embeddable":true,"href":"https:\/\/linitiative.ca\/International\/wp-json\/wp\/v2\/categories?post=82864"},{"taxonomy":"post_tag","embeddable":true,"href":"https:\/\/linitiative.ca\/International\/wp-json\/wp\/v2\/tags?post=82864"}],"curies":[{"name":"wp","href":"https:\/\/api.w.org\/{rel}","templated":true}]}}