{"id":82868,"date":"2020-04-19T16:47:54","date_gmt":"2020-04-19T20:47:54","guid":{"rendered":"https:\/\/linitiative.ca\/International\/equipe-nationale-marc-lamti-devoile-son-club-de-coeur-en-tunisie\/"},"modified":"2020-04-19T16:47:54","modified_gmt":"2020-04-19T20:47:54","slug":"equipe-nationale-marc-lamti-devoile-son-club-de-coeur-en-tunisie","status":"publish","type":"post","link":"https:\/\/linitiative.ca\/International\/equipe-nationale-marc-lamti-devoile-son-club-de-coeur-en-tunisie\/","title":{"rendered":"\u00c9quipe nationale : Marc Lamti d\u00e9voile son club de c\u0153ur en Tunisie"},"content":{"rendered":"<div class=\"post-cont-in left relative\">\n<div class=\"heateor_sss_sharing_container heateor_sss_horizontal_sharing\" heateor-sss-data-href=\"https:\/\/sport.tunisienumerique.com\/equipe-nationale-marc-lamti-devoile-son-club-de-coeur-en-tunisie\/\">\n<div class=\"heateor_sss_sharing_title c4\">Cet article vous a \u00e9t\u00e9 utile? Partagez le, il int\u00e9ressera d\u2019autres personnes. Merci!<\/div>\n<ul class=\"heateor_sss_sharing_ul\">\n<li class=\"heateorSssSharingRound\"><em alt=\"Facebook\" title=\"Facebook\" class=\"heateorSssSharing heateorSssFacebookBackground c5\" onclick=\"heateorSssPopup(&quot;https:\/\/www.facebook.com\/sharer\/sharer.php?u=https%3A%2F%2Fsport.tunisienumerique.com%2Fequipe-nationale-marc-lamti-devoile-son-club-de-coeur-en-tunisie%2F&quot;)\">\u00a0<\/em><\/li>\n<li class=\"heateorSssSharingRound\"><em alt=\"Twitter\" title=\"Twitter\" class=\"heateorSssSharing heateorSssTwitterBackground c5\" onclick=\"heateorSssPopup(&quot;http:\/\/twitter.com\/intent\/tweet?text=%C3%89quipe%20nationale%20%3A%20Marc%20Lamti%20d%C3%A9voile%20son%20club%20de%20c%C5%93ur%20en%20Tunisie&amp;url=https%3A%2F%2Fsport.tunisienumerique.com%2Fequipe-nationale-marc-lamti-devoile-son-club-de-coeur-en-tunisie%2F&quot;)\">\u00a0<\/em><\/li>\n<li class=\"heateorSssSharingRound\"><em alt=\"Linkedin\" title=\"Linkedin\" class=\"heateorSssSharing heateorSssLinkedinBackground c5\" onclick=\"heateorSssPopup(&quot;http:\/\/www.linkedin.com\/shareArticle?mini=true&amp;url=https%3A%2F%2Fsport.tunisienumerique.com%2Fequipe-nationale-marc-lamti-devoile-son-club-de-coeur-en-tunisie%2F&amp;title=%C3%89quipe%20nationale%20%3A%20Marc%20Lamti%20d%C3%A9voile%20son%20club%20de%20c%C5%93ur%20en%20Tunisie&quot;)\">\u00a0<\/em><\/li>\n<li class=\"heateorSssSharingRound\"><em alt=\"Google Gmail\" title=\"Google Gmail\" class=\"heateorSssSharing heateorSssGoogleGmailBackground c5\" onclick=\"heateorSssPopup(&quot;https:\/\/mail.google.com\/mail\/?ui=2&amp;view=cm&amp;fs=1&amp;tf=1&amp;su=%C3%89quipe%20nationale%20%3A%20Marc%20Lamti%20d%C3%A9voile%20son%20club%20de%20c%C5%93ur%20en%20Tunisie&amp;body=Link:https%3A%2F%2Fsport.tunisienumerique.com%2Fequipe-nationale-marc-lamti-devoile-son-club-de-coeur-en-tunisie%2F&quot;)\">\u00a0<\/em><\/li>\n<li class=\"heateorSssSharingRound\"><em alt=\"Whatsapp\" title=\"Whatsapp\" class=\"heateorSssSharing heateorSssWhatsappBackground c5\"><a href=\"https:\/\/api.whatsapp.com\/send?text=%C3%89quipe%20nationale%20%3A%20Marc%20Lamti%20d%C3%A9voile%20son%20club%20de%20c%C5%93ur%20en%20Tunisie%20https%3A%2F%2Fsport.tunisienumerique.com%2Fequipe-nationale-marc-lamti-devoile-son-club-de-coeur-en-tunisie%2F\" rel=\"nofollow noopener noreferrer\" target=\"_blank\">\u00a0<\/a><\/em><\/li>\n<li class=\"heateorSssSharingRound\">\u00a0<\/li>\n<\/ul>\n<\/div>\n<p dir=\"ltr\">L\u2019international tunisien Marc Lamti a r\u00e9v\u00e9l\u00e9 le nom de son club de c\u0153ur. C\u2019est l\u2019Esp\u00e9rance Sportive de Tunis.<\/p>\n<p dir=\"ltr\">Le d\u00e9fenseur de Leverkusen U19 a \u00e9galement d\u00e9voil\u00e9 qu\u2019il est de R\u00e9al Madrid en exprimant son admiration pour Zinedine Zidane et Wahbi Khazri comme \u00e9tant le meilleur joueur tunisien, selon lui.<\/p>\n<div class=\"code-block code-block-1 c7\"><ins class=\"adsbygoogle c6\" data-ad-layout=\"in-article\" data-ad-format=\"fluid\" data-ad-client=\"ca-pub-2102118777505746\" data-ad-slot=\"7301775417\"\/> <\/div>\n<p dir=\"ltr\">L\u2019\u00e9t\u00e9 dernier, Lamti (19 ans) a particip\u00e9 avec l\u2019\u00e9quipe de Tunisie \u00e0 la Coupe d\u2019Afrique des nations, \u00e9tablissant un record dans ce tournoi en tant que plus jeune joueur participant.<\/p>\n<p><\/p>\n<div class=\"heateor_sss_sharing_container heateor_sss_horizontal_sharing\" heateor-sss-data-href=\"https:\/\/sport.tunisienumerique.com\/equipe-nationale-marc-lamti-devoile-son-club-de-coeur-en-tunisie\/\">\n<div class=\"heateor_sss_sharing_title c4\">Cet article vous a \u00e9t\u00e9 utile? Partagez le, il int\u00e9ressera d\u2019autres personnes. Merci!<\/div>\n<ul class=\"heateor_sss_sharing_ul\">\n<li class=\"heateorSssSharingRound\"><em alt=\"Facebook\" title=\"Facebook\" class=\"heateorSssSharing heateorSssFacebookBackground c5\" onclick=\"heateorSssPopup(&quot;https:\/\/www.facebook.com\/sharer\/sharer.php?u=https%3A%2F%2Fsport.tunisienumerique.com%2Fequipe-nationale-marc-lamti-devoile-son-club-de-coeur-en-tunisie%2F&quot;)\">\u00a0<\/em><\/li>\n<li class=\"heateorSssSharingRound\"><em alt=\"Twitter\" title=\"Twitter\" class=\"heateorSssSharing heateorSssTwitterBackground c5\" onclick=\"heateorSssPopup(&quot;http:\/\/twitter.com\/intent\/tweet?text=%C3%89quipe%20nationale%20%3A%20Marc%20Lamti%20d%C3%A9voile%20son%20club%20de%20c%C5%93ur%20en%20Tunisie&amp;url=https%3A%2F%2Fsport.tunisienumerique.com%2Fequipe-nationale-marc-lamti-devoile-son-club-de-coeur-en-tunisie%2F&quot;)\">\u00a0<\/em><\/li>\n<li class=\"heateorSssSharingRound\"><em alt=\"Linkedin\" title=\"Linkedin\" class=\"heateorSssSharing heateorSssLinkedinBackground c5\" onclick=\"heateorSssPopup(&quot;http:\/\/www.linkedin.com\/shareArticle?mini=true&amp;url=https%3A%2F%2Fsport.tunisienumerique.com%2Fequipe-nationale-marc-lamti-devoile-son-club-de-coeur-en-tunisie%2F&amp;title=%C3%89quipe%20nationale%20%3A%20Marc%20Lamti%20d%C3%A9voile%20son%20club%20de%20c%C5%93ur%20en%20Tunisie&quot;)\">\u00a0<\/em><\/li>\n<li class=\"heateorSssSharingRound\"><em alt=\"Google Gmail\" title=\"Google Gmail\" class=\"heateorSssSharing heateorSssGoogleGmailBackground c5\" onclick=\"heateorSssPopup(&quot;https:\/\/mail.google.com\/mail\/?ui=2&amp;view=cm&amp;fs=1&amp;tf=1&amp;su=%C3%89quipe%20nationale%20%3A%20Marc%20Lamti%20d%C3%A9voile%20son%20club%20de%20c%C5%93ur%20en%20Tunisie&amp;body=Link:https%3A%2F%2Fsport.tunisienumerique.com%2Fequipe-nationale-marc-lamti-devoile-son-club-de-coeur-en-tunisie%2F&quot;)\">\u00a0<\/em><\/li>\n<li class=\"heateorSssSharingRound\"><em alt=\"Whatsapp\" title=\"Whatsapp\" class=\"heateorSssSharing heateorSssWhatsappBackground c5\"><a href=\"https:\/\/api.whatsapp.com\/send?text=%C3%89quipe%20nationale%20%3A%20Marc%20Lamti%20d%C3%A9voile%20son%20club%20de%20c%C5%93ur%20en%20Tunisie%20https%3A%2F%2Fsport.tunisienumerique.com%2Fequipe-nationale-marc-lamti-devoile-son-club-de-coeur-en-tunisie%2F\" rel=\"nofollow noopener noreferrer\" target=\"_blank\">\u00a0<\/a><\/em><\/li>\n<li class=\"heateorSssSharingRound\">\u00a0<\/li>\n<\/ul>\n<\/div>\n<div class=\"mvp-org-wrap mvp-org-logo\" itemprop=\"publisher\" itemscope=\"\" itemtype=\"https:\/\/schema.org\/Organization\"><img decoding=\"async\" src=\"https:\/\/sport.tunisienumerique.com\/wp-content\/uploads\/2017\/05\/logo_tunisie_numerique.png\"\/><\/div>\n<div class=\"mvp-related-posts left relative\">\n<h4 class=\"post-header\"><span class=\"post-header\">Lire aussi<\/span><\/h4>\n<\/div>\n<div id=\"article-ad\"><ins class=\"adsbygoogle c8\" data-ad-client=\"ca-pub-2102118777505746\" data-ad-slot=\"6513972734\" data-ad-format=\"auto\" data-full-width-responsive=\"true\"\/> <\/div>\n<\/div>\n<div id=\"post-sidebar-wrap\"><ins class=\"adsbygoogle c8\" data-ad-client=\"ca-pub-2102118777505746\" data-ad-slot=\"6513972734\" data-ad-format=\"auto\" data-full-width-responsive=\"true\"\/> <\/div>\n<p>Auteur: a.<br \/>\n<a href=\"https:\/\/sport.tunisienumerique.com\/equipe-nationale-marc-lamti-devoile-son-club-de-coeur-en-tunisie\/\">Cliquez ici pour lire l&rsquo;article depuis sa source.<\/a><\/p>\n","protected":false},"excerpt":{"rendered":"<p>Cet article vous a \u00e9t\u00e9 utile? Partagez le, il int\u00e9ressera d\u2019autres personnes. Merci! \u00a0 \u00a0 \u00a0 \u00a0 \u00a0 \u00a0 L\u2019international tunisien Marc Lamti a r\u00e9v\u00e9l\u00e9 le nom de son club de c\u0153ur. C\u2019est l\u2019Esp\u00e9rance Sportive de Tunis. Le d\u00e9fenseur de Leverkusen U19 a \u00e9galement d\u00e9voil\u00e9 qu\u2019il est de R\u00e9al Madrid en exprimant son admiration pour [&hellip;]<\/p>\n","protected":false},"author":1789,"featured_media":0,"comment_status":"closed","ping_status":"closed","sticky":false,"template":"","format":"standard","meta":{"fifu_image_url":"","fifu_image_alt":"","footnotes":""},"categories":[73,55],"tags":[],"class_list":["post-82868","post","type-post","status-publish","format-standard","hentry","category-actualite","category-tunisie"],"_links":{"self":[{"href":"https:\/\/linitiative.ca\/International\/wp-json\/wp\/v2\/posts\/82868","targetHints":{"allow":["GET"]}}],"collection":[{"href":"https:\/\/linitiative.ca\/International\/wp-json\/wp\/v2\/posts"}],"about":[{"href":"https:\/\/linitiative.ca\/International\/wp-json\/wp\/v2\/types\/post"}],"author":[{"embeddable":true,"href":"https:\/\/linitiative.ca\/International\/wp-json\/wp\/v2\/users\/1789"}],"replies":[{"embeddable":true,"href":"https:\/\/linitiative.ca\/International\/wp-json\/wp\/v2\/comments?post=82868"}],"version-history":[{"count":0,"href":"https:\/\/linitiative.ca\/International\/wp-json\/wp\/v2\/posts\/82868\/revisions"}],"wp:attachment":[{"href":"https:\/\/linitiative.ca\/International\/wp-json\/wp\/v2\/media?parent=82868"}],"wp:term":[{"taxonomy":"category","embeddable":true,"href":"https:\/\/linitiative.ca\/International\/wp-json\/wp\/v2\/categories?post=82868"},{"taxonomy":"post_tag","embeddable":true,"href":"https:\/\/linitiative.ca\/International\/wp-json\/wp\/v2\/tags?post=82868"}],"curies":[{"name":"wp","href":"https:\/\/api.w.org\/{rel}","templated":true}]}}