{"id":82869,"date":"2020-04-19T17:07:40","date_gmt":"2020-04-19T21:07:40","guid":{"rendered":"https:\/\/linitiative.ca\/International\/tunisie-fakhfakh-quen-sera-t-il-de-lannee-scolaire-et-universitaire\/"},"modified":"2020-04-19T17:07:40","modified_gmt":"2020-04-19T21:07:40","slug":"tunisie-fakhfakh-quen-sera-t-il-de-lannee-scolaire-et-universitaire","status":"publish","type":"post","link":"https:\/\/linitiative.ca\/International\/tunisie-fakhfakh-quen-sera-t-il-de-lannee-scolaire-et-universitaire\/","title":{"rendered":"Tunisie \u2013 Fakhfakh\u00a0: qu\u2019en sera-t-il de l\u2019ann\u00e9e scolaire et universitaire\u00a0?"},"content":{"rendered":"<div class=\"post-cont-in left relative\">\n<p>Concernant l\u2019ann\u00e9e scolaire, Fakhfakh a assur\u00e9 que la d\u00e9cision d\u00e9finitive sera annonc\u00e9e le 29 mai.<\/p>\n<div class=\"code-block code-block-1 c3\"><ins class=\"adsbygoogle c2\" data-ad-layout=\"in-article\" data-ad-format=\"fluid\" data-ad-client=\"ca-pub-2102118777505746\" data-ad-slot=\"7301775417\"\/> <\/div>\n<p>Il n\u2019y aura pas d\u2019ann\u00e9e blanche.<\/p>\n<p>Les candidats aux examens nationaux reprendront les cours mi mai, et passeront les examens selon un calendrier \u00e0 fixer.<\/p>\n<p>Pour les autres niveaux scolaires, la d\u00e9cision n\u2019a pas, encore, \u00e9t\u00e9 arr\u00eat\u00e9e.<\/p>\n<p>Pour l\u2019universit\u00e9, Fakhfakh a assur\u00e9 que la reprise des cours de fera d\u00e9but juin, et les examens se d\u00e9rouleront jusqu\u2019\u00e0 fin juillet.<\/p>\n<div class=\"swp_social_panel swp_horizontal_panel swp_flat_fresh swp_default_full_color swp_individual_full_color swp_other_full_color scale-100 scale-\" data-min-width=\"1100\" data-float-color=\"#ffffff\" data-float=\"bottom\" data-float-mobile=\"bottom\" data-transition=\"slide\">\n<div class=\"nc_tweetContainer swp_share_button total_shares total_sharesalt\"><span class=\"swp_count\">1 <span class=\"swp_label\">Partages<\/span><\/span><\/div>\n<\/div>\n<p><strong>Que se passe-t-il en Tunisie?<\/strong><br \/>Nous expliquons sur notre <a href=\"https:\/\/www.youtube.com\/channel\/UCRzypVq0B_yBad5eGrwBx0Q?sub_confirmation=1\" target=\"_blank\" rel=\"noopener noreferrer\">cha\u00eene YouTube<\/a> . <a href=\"https:\/\/www.youtube.com\/channel\/UCRzypVq0B_yBad5eGrwBx0Q?sub_confirmation=1\" target=\"_blank\" rel=\"noopener noreferrer\">Abonnez-vous!<\/a><\/p>\n<div class=\"mvp-org-wrap mvp-org-logo\" itemprop=\"publisher\" itemscope=\"\" itemtype=\"https:\/\/schema.org\/Organization\"><img decoding=\"async\" src=\"https:\/\/www.tunisienumerique.com\/wp-content\/uploads\/2017\/02\/logo_tunisie_numerique.png\"\/><\/div>\n<div class=\"mvp-related-posts left relative\">\n<h4 class=\"post-header\"><span class=\"post-header\">Lire aussi<\/span><\/h4>\n<\/div>\n<div id=\"article-ad\"><ins class=\"adsbygoogle c4\" data-ad-client=\"ca-pub-2102118777505746\" data-ad-slot=\"6513972734\" data-ad-format=\"auto\" data-full-width-responsive=\"true\"\/> <\/div>\n<\/div>\n<div id=\"post-sidebar-wrap\"><ins class=\"adsbygoogle c4\" data-ad-client=\"ca-pub-2102118777505746\" data-ad-slot=\"6168283410\" data-ad-format=\"auto\" data-full-width-responsive=\"true\"\/> <\/div>\n<p>Auteur: LM<br \/>\n<a href=\"https:\/\/www.tunisienumerique.com\/tunisie-fakhfakh-quen-sera-t-il-de-lannee-scolaire-et-universitaire\/\">Cliquez ici pour lire l&rsquo;article depuis sa source.<\/a><\/p>\n","protected":false},"excerpt":{"rendered":"<p>Concernant l\u2019ann\u00e9e scolaire, Fakhfakh a assur\u00e9 que la d\u00e9cision d\u00e9finitive sera annonc\u00e9e le 29 mai. Il n\u2019y aura pas d\u2019ann\u00e9e blanche. Les candidats aux examens nationaux reprendront les cours mi mai, et passeront les examens selon un calendrier \u00e0 fixer. Pour les autres niveaux scolaires, la d\u00e9cision n\u2019a pas, encore, \u00e9t\u00e9 arr\u00eat\u00e9e. Pour l\u2019universit\u00e9, Fakhfakh [&hellip;]<\/p>\n","protected":false},"author":1789,"featured_media":0,"comment_status":"closed","ping_status":"closed","sticky":false,"template":"","format":"standard","meta":{"fifu_image_url":"","fifu_image_alt":"","footnotes":""},"categories":[73,55],"tags":[],"class_list":["post-82869","post","type-post","status-publish","format-standard","hentry","category-actualite","category-tunisie"],"_links":{"self":[{"href":"https:\/\/linitiative.ca\/International\/wp-json\/wp\/v2\/posts\/82869","targetHints":{"allow":["GET"]}}],"collection":[{"href":"https:\/\/linitiative.ca\/International\/wp-json\/wp\/v2\/posts"}],"about":[{"href":"https:\/\/linitiative.ca\/International\/wp-json\/wp\/v2\/types\/post"}],"author":[{"embeddable":true,"href":"https:\/\/linitiative.ca\/International\/wp-json\/wp\/v2\/users\/1789"}],"replies":[{"embeddable":true,"href":"https:\/\/linitiative.ca\/International\/wp-json\/wp\/v2\/comments?post=82869"}],"version-history":[{"count":0,"href":"https:\/\/linitiative.ca\/International\/wp-json\/wp\/v2\/posts\/82869\/revisions"}],"wp:attachment":[{"href":"https:\/\/linitiative.ca\/International\/wp-json\/wp\/v2\/media?parent=82869"}],"wp:term":[{"taxonomy":"category","embeddable":true,"href":"https:\/\/linitiative.ca\/International\/wp-json\/wp\/v2\/categories?post=82869"},{"taxonomy":"post_tag","embeddable":true,"href":"https:\/\/linitiative.ca\/International\/wp-json\/wp\/v2\/tags?post=82869"}],"curies":[{"name":"wp","href":"https:\/\/api.w.org\/{rel}","templated":true}]}}