{"id":82870,"date":"2020-04-19T15:11:38","date_gmt":"2020-04-19T19:11:38","guid":{"rendered":"https:\/\/linitiative.ca\/International\/coronathon-et-mesures-dallegement-contre-le-covid-19\/"},"modified":"2020-04-19T15:11:38","modified_gmt":"2020-04-19T19:11:38","slug":"coronathon-et-mesures-dallegement-contre-le-covid-19","status":"publish","type":"post","link":"https:\/\/linitiative.ca\/International\/coronathon-et-mesures-dallegement-contre-le-covid-19\/","title":{"rendered":"CORONATHON ET MESURES D\u2019ALLEGEMENT CONTRE LE COVID-19"},"content":{"rendered":"<div class=\"stream-item stream-item-above-post-content\">\n<p><noscript><\/p>\n<p><a href=\"\/\/www3.smartadserver.com\/ac?jump=1&amp;nwid=2136&amp;siteid=240610&amp;pgname=rg&amp;fmtid=49046&amp;visit=m&amp;tmstp=[timestamp]&amp;out=nonrich\" target=\"_blank\" rel=\"noopener noreferrer\"><img decoding=\"async\" src=\"\/\/www3.smartadserver.com\/ac?out=nonrich&amp;nwid=2136&amp;siteid=240610&amp;pgname=rg&amp;fmtid=49046&amp;visit=m&amp;tmstp=[timestamp]\" border=\"0\" alt=\"\"\/><\/a><\/p>\n<p><\/noscript><\/div>\n<p class=\"c3\"><em>Le Covid-19 a pratiquement r\u00e9ussi le tour de force de faire oublier les autres virus qui rongent s\u00e9rieusement le Burkina Faso. Il s\u2019agit, \u00e0 n\u2019en pas douter, de la crise s\u00e9curitaire et de la crise humanitaire. En effet, presque toutes les activit\u00e9s du pays tournent autour du comment faire pour\u00a0desserrer un tant soit peu l\u2019\u00e9tau du coronavirus autour des populations. En t\u00e9moignent le Coronathon organis\u00e9 le vendredi 18 avril dernier et la prise de mesures d\u2019all\u00e8gement contre le Covid-19. Cela a suscit\u00e9 chez les Burkinab\u00e8, des espoirs, mais aussi des craintes. Au titre des \u00e9l\u00e9ments qui permettent de croire que demain sera meilleur qu\u2019aujourd\u2019hui par rapport \u00e0 la riposte contre le Covid-19 au pays des Hommes int\u00e8gres, l\u2019on peut citer l\u2019organisation du Coronathon. C\u2019\u00e9tait le 17 avril dernier. Et les Burkinab\u00e8 n\u2019ont pas h\u00e9sit\u00e9 \u00e0 cracher au bassinet pour aider \u00e0 lutter contre le Covid-19 dans leur pays. Port\u00e9 par l\u2019Assembl\u00e9e nationale, en association avec des partenaires \u00e9tatiques et de la soci\u00e9t\u00e9 civile, le Coronathon a apport\u00e9 la preuve, s\u2019il en est encore besoin, que les Burkinab\u00e8 savent se montrer g\u00e9n\u00e9reux quand la situation\u00a0l\u2019exige.<\/em><\/p>\n<p class=\"c3\"><strong><em>L\u2019autre \u00e9l\u00e9ment qui incite \u00e0 l\u2019optimisme est li\u00e9 au nombre important des cas de gu\u00e9rison<\/em><\/strong><\/p>\n<p class=\"c3\"><em>Et dans ce mouvement de solidarit\u00e9, il y avait pratiquement tous les profils: hommes politiques, hommes d\u2019affaires, cadres de l\u2019Etat, citoyens lamda et l\u2019on en oublie. En tout cas, si cet engouement observ\u00e9\u00a0 \u00e0 l\u2019occasion de l\u2019organisation du Coronathon se poursuit jusqu\u2019au 14 mai prochain, date de la fin de l\u2019op\u00e9ration, il y a de fortes chances que les fonds qui seront collect\u00e9s soient substantiels. Et la motivation des Burkinab\u00e8 \u00e0 y prendre part est d\u2019autant plus grande, peut-on avoir l\u2019impression, que des structures de lutte contre la corruption v\u00e9ritablement cr\u00e9dibles, ont \u00e9t\u00e9 associ\u00e9es \u00e0 l\u2019initiative. L\u2019autre \u00e9l\u00e9ment qui incite \u00e0 l\u2019optimisme est li\u00e9 au nombre important des cas de gu\u00e9rison. En effet, les derni\u00e8res statistiques font \u00e9tat de 338 personnes gu\u00e9ries sur 576 cas de Covid-19 confirm\u00e9s. Le dernier \u00e9l\u00e9ment qui permet de ne pas jouer les Cassandre est li\u00e9 \u00e0 l\u2019arriv\u00e9e, sur le sol burkinab\u00e8, d\u2019experts chinois dans la lutte contre le Covid-19. Un de leurs objectifs, c\u2019est la formation du personnel soignant burkinab\u00e8 dans la prise en charge des malades du Covid-19. En la mati\u00e8re, l\u2019on sait que les Burkinab\u00e8 ont beaucoup de choses \u00e0 apprendre aupr\u00e8s des sp\u00e9cialistes du pays de Mao. Car, non seulement les Chinois ont une exp\u00e9rience av\u00e9r\u00e9e dans les techniques de prise en charge des malades du coronavirus, mais \u00e9galement ils savent faire preuve d\u2019engagement et de sacrifice dans leur m\u00e9tier. Tous ces \u00e9l\u00e9ments suscitent de l\u2019espoir chez les Burkinab\u00e8. Mais dans le m\u00eame temps, l\u2019Etat vient de prendre des mesures d\u2019all\u00e8gement dont certaines risquent de saper tous les efforts qui avaient \u00e9t\u00e9 faits pour contrer le Covid-19. L\u2019on peut \u00e9voquer d\u2019abord, la r\u00e9ouverture\u00a0annonc\u00e9e des march\u00e9s et yaars du pays. Le march\u00e9 qui est programm\u00e9 pour reprendre ses activit\u00e9s en premier, est Rood Wooko, du nom du march\u00e9 central de la ville de Ouagadougou. Et la pression multiforme des commer\u00e7ants et autres notabilit\u00e9s de la place, a probablement eu raison de la fermet\u00e9 et des consid\u00e9rations scientifiques qui avaient pr\u00e9valu \u00e0 la fermeture des march\u00e9s et yaars du pays.<\/em><\/p>\n<p class=\"c3\"><strong><em>Le gouvernement vient de faire un pari tr\u00e8s risqu\u00e9 avec l\u2019all\u00e8gement de certaines mesures<\/em><\/strong><\/p>\n<p class=\"c3\"><em>Dans ces conditions, l\u2019on peut craindre que les commer\u00e7ants continuent avec leurs mauvaises pratiques, comme si de rien n\u2019\u00e9tait. D\u2019ailleurs, il y a eu une id\u00e9e mill\u00e9naire\u00a0r\u00e9pandue au Burkina, selon laquelle \u00ab\u00a0le march\u00e9, par d\u00e9finition, c\u2019est le d\u00e9sordre\u00a0\u00bb. En moor\u00e9, cela se traduit par ceci\u00a0: \u00ab\u00a0Raaga Ya Yaar\u00e9\u00a0!\u00a0\u00bb. Cette id\u00e9e est inscrite dans les mentalit\u00e9s des populations et sa d\u00e9construction\u00a0 ne sera pas chose ais\u00e9e. Et puis, il ne faut pas oublier que Rood Wooko est un grand\u00a0vivier \u00e9lectoral. Et \u00e0 quelques encablures des \u00e9ch\u00e9ances \u00e9lectorales, l\u2019on peut craindre que le gouvernement,\u00a0 de peur de s\u2019ali\u00e9ner le soutien des commer\u00e7ants, ferme les yeux sur d\u2019\u00e9ventuelles pratiques assassines\u00a0 au march\u00e9 central de Ouagadougou. Et comme tout ce qui se pratique dans la capitale tient lieu de mod\u00e8le pour le reste du pays, ces mauvaises pratiques risquent d\u2019\u00eatre dupliqu\u00e9es partout au Burkina. L\u2019autre crainte qui pourrait se profiler \u00e0 l\u2019horizon, est celle de l\u2019incapacit\u00e9 chronique de l\u2019Etat \u00e0 faire respecter la loi. D\u00e9j\u00e0, l\u2019on observe de mani\u00e8re r\u00e9currente, une d\u00e9fiance des population vis-\u00e0-vis des mesures barri\u00e8res \u00e9dict\u00e9es. Qu\u2019en sera-t-il des nouvelles mesures prises par le gouvernement\u00a0? Cette question est d\u2019autant plus justifi\u00e9e que l\u2019on peut avoir l\u2019impression que la Justice et l\u2019Ex\u00e9cutif\u00a0jouent des airs\u00a0 discordants face aux\u00a0contrevenants des mesures barri\u00e8res.\u00a0 En tout cas, il se pose la n\u00e9cessit\u00e9 pour toutes les institutions de la R\u00e9publique, de regarder dans la m\u00eame direction si tant est qu\u2019elles soient toutes\u00a0pr\u00e9occup\u00e9es par la crise sanitaire que traverse le Burkina. L\u2019on peut aussi d\u00e9plorer le fait que le gouvernement n\u2019a pas pu \u00e9valuer l\u2019impact des mesures qui \u00e9taient en vigueur contre le Covid-19 avant de proc\u00e9der \u00e0 l\u2019all\u00e8gement de certaines. Un tel exercice aurait permis \u00e0 tout le monde de mesurer le chemin d\u00e9j\u00e0 parcouru et de d\u00e9terminer celui qui reste \u00e0 parcourir pour tordre le cou au Covid-19. En tout cas, le gouvernement vient de faire un pari tr\u00e8s risqu\u00e9 avec l\u2019all\u00e8gement de certaines mesures. Il doit d\u00e9sormais ouvrir l\u2019\u0153il et le bon de sorte \u00e0 ce que ces mesures d\u2019all\u00e8gement n\u2019ouvrent pas un boulevard \u00e0 la propagation du Covid-19. Au-del\u00e0 de tout cela, la principale le\u00e7on que l\u2019on peut tirer de cette crise sanitaire, est l\u2019imp\u00e9rieuse n\u00e9cessit\u00e9 de repenser de fond en comble l\u2019ensemble de notre syst\u00e8me sanitaire. L\u2019objectif est de faire en sorte que le pays dispose de plateaux techniques relev\u00e9s et de personnel de qualit\u00e9 pour relever n\u2019importe quel d\u00e9fi sanitaire.<\/em><\/p>\n<p class=\"c3\"><strong><em>\u00ab\u00a0Le Pays\u00a0\u00bb<\/em><\/strong><\/p>\n<p>Auteur: Le Pays<br \/>\n<a href=\"http:\/\/lepays.bf\/coronathon-et-mesures-dallegement-contre-le-covid-19\/\">Cliquez ici pour lire l&rsquo;article depuis sa source.<\/a><\/p>\n","protected":false},"excerpt":{"rendered":"<p>Le Covid-19 a pratiquement r\u00e9ussi le tour de force de faire oublier les autres virus qui rongent s\u00e9rieusement le Burkina Faso. Il s\u2019agit, \u00e0 n\u2019en pas douter, de la crise s\u00e9curitaire et de la crise humanitaire. En effet, presque toutes les activit\u00e9s du pays tournent autour du comment faire pour\u00a0desserrer un tant soit peu l\u2019\u00e9tau [&hellip;]<\/p>\n","protected":false},"author":1813,"featured_media":0,"comment_status":"closed","ping_status":"closed","sticky":false,"template":"","format":"standard","meta":{"fifu_image_url":"","fifu_image_alt":"","footnotes":""},"categories":[73,81],"tags":[],"class_list":["post-82870","post","type-post","status-publish","format-standard","hentry","category-actualite","category-burkina-faso"],"_links":{"self":[{"href":"https:\/\/linitiative.ca\/International\/wp-json\/wp\/v2\/posts\/82870","targetHints":{"allow":["GET"]}}],"collection":[{"href":"https:\/\/linitiative.ca\/International\/wp-json\/wp\/v2\/posts"}],"about":[{"href":"https:\/\/linitiative.ca\/International\/wp-json\/wp\/v2\/types\/post"}],"author":[{"embeddable":true,"href":"https:\/\/linitiative.ca\/International\/wp-json\/wp\/v2\/users\/1813"}],"replies":[{"embeddable":true,"href":"https:\/\/linitiative.ca\/International\/wp-json\/wp\/v2\/comments?post=82870"}],"version-history":[{"count":0,"href":"https:\/\/linitiative.ca\/International\/wp-json\/wp\/v2\/posts\/82870\/revisions"}],"wp:attachment":[{"href":"https:\/\/linitiative.ca\/International\/wp-json\/wp\/v2\/media?parent=82870"}],"wp:term":[{"taxonomy":"category","embeddable":true,"href":"https:\/\/linitiative.ca\/International\/wp-json\/wp\/v2\/categories?post=82870"},{"taxonomy":"post_tag","embeddable":true,"href":"https:\/\/linitiative.ca\/International\/wp-json\/wp\/v2\/tags?post=82870"}],"curies":[{"name":"wp","href":"https:\/\/api.w.org\/{rel}","templated":true}]}}