{"id":82871,"date":"2020-04-19T15:14:58","date_gmt":"2020-04-19T19:14:58","guid":{"rendered":"https:\/\/linitiative.ca\/International\/second-tour-des-legislatives-au-mali\/"},"modified":"2020-04-19T15:14:58","modified_gmt":"2020-04-19T19:14:58","slug":"second-tour-des-legislatives-au-mali","status":"publish","type":"post","link":"https:\/\/linitiative.ca\/International\/second-tour-des-legislatives-au-mali\/","title":{"rendered":"SECOND TOUR DES LEGISLATIVES AU MALI"},"content":{"rendered":"<div class=\"stream-item stream-item-above-post-content\">\n<p><noscript><\/p>\n<p><a href=\"\/\/www3.smartadserver.com\/ac?jump=1&amp;nwid=2136&amp;siteid=240610&amp;pgname=rg&amp;fmtid=49046&amp;visit=m&amp;tmstp=[timestamp]&amp;out=nonrich\" target=\"_blank\" rel=\"noopener noreferrer\"><img decoding=\"async\" src=\"\/\/www3.smartadserver.com\/ac?out=nonrich&amp;nwid=2136&amp;siteid=240610&amp;pgname=rg&amp;fmtid=49046&amp;visit=m&amp;tmstp=[timestamp]\" border=\"0\" alt=\"\"\/><\/a><\/p>\n<p><\/noscript><\/div>\n<p class=\"c3\"><em>Les \u00e9lecteurs maliens ont \u00e9t\u00e9 de nouveau appel\u00e9s aux urnes, hier, 19 avril, pour le dernier round des l\u00e9gislatives, toujours dans un contexte de peur g\u00e9n\u00e9ralis\u00e9e et au terme d\u2019une campagne \u00e9lectorale atone et soporifique, sans tambour ni trompette, contrairement \u00e0 l\u2019ambiance carnavalesque qui pr\u00e9c\u00e9dait chaque scrutin dans ce pays r\u00e9put\u00e9 pour \u00eatre l\u2019un des plus grands f\u00eatards de l\u2019Afrique de l\u2019Ouest. Pour tout dire, rarement une \u00e9lection malienne n\u2019a \u00e9t\u00e9 organis\u00e9e dans un environnement aussi d\u00e9primant, avec des rues d\u00e9sertes et des panneaux cens\u00e9s accueillir les portraits et les affiches des candidats, pour la plupart vides, si l\u2019on en croit les images diffus\u00e9es par la t\u00e9l\u00e9vision publique. Cette ambiance de sinistrose s\u2019explique non seulement par la d\u00e9saffection de nombreux Maliens vis-\u00e0-vis des discours creux et fades des candidats \u00e0 la d\u00e9putation, mais aussi et surtout par la parano\u00efa ambiante cr\u00e9\u00e9e par les menaces it\u00e9ratives des groupes terroristes, et depuis peu, par la propagation \u00e0 grande vitesse de la maladie \u00e0 coronavirus dans ce pays. Qu\u2019\u00e0 cela ne tienne, le pr\u00e9sident Ibrahim Boubacar Keita (IBK) est rest\u00e9 droit dans ses bottes et a tenu \u00e0 organiser ce second tour \u00e0\u2026bonne date, malgr\u00e9 de nombreux appels au report du scrutin afin d\u2019\u00e9viter la d\u00e9culott\u00e9e du 29 mars dernier o\u00f9 seulement 35% des inscrits avaient accompli leur devoir civique au premier tour de ces l\u00e9gislatives. R\u00e9sultat des courses: les Maliens ont encore exprim\u00e9 de fa\u00e7on claire ce dimanche, leur d\u00e9sint\u00e9r\u00eat pour ce rendez-vous \u00e9lectoral dans ce contexte de guerre meurtri\u00e8re au Nord et de maladie infectieuse galopante au Sud, et ils n\u2019ont pas eu tort au regard des menaces qui ont \u00e9t\u00e9 mises \u00e0 ex\u00e9cution dans certaines circonscriptions. Cons\u00e9quence, \u00e0 moins d\u2019une manipulation \u00e9hont\u00e9e des chiffres, le taux d\u2019abstention sera globalement sans \u00e9quivalent dans l\u2019histoire \u00e9lectorale du Mali\u00a0; ce qui pose \u00e9videmment le probl\u00e8me de l\u00e9gitimit\u00e9 des futurs d\u00e9put\u00e9s qui se satisferont, avec une mauvaise foi de chacal, de leur titre trompeur de repr\u00e9sentants du peuple.<\/em><\/p>\n<p class=\"c3\"><strong><em>Ces l\u00e9gislatives ont visiblement ressoud\u00e9 les liens entre la R\u00e9publique du Mali et ses rebelles s\u00e9cessionnistes<\/em><\/strong><\/p>\n<p class=\"c3\"><em>On a, en tout cas, toutes les raisons du monde de douter de l\u2019engagement des futurs \u00e9lus \u00e0 d\u00e9fendre davantage les int\u00e9r\u00eats du peuple que les leurs propres, et de nombreux signes pr\u00e9curseurs observ\u00e9s, ici et l\u00e0, pendant la campagne, incitent \u00e0 ce scepticisme: le niveau particuli\u00e8rement bas de certains \u00ab\u00a0perroquets des plateaux-t\u00e9l\u00e9\u00a0\u00bb qui en dit long sur leur incapacit\u00e9 \u00e0 faire des propositions novatrices et salvatrices pour un Mali en crise, des discours de campagne insipides, des coalitions h\u00e9t\u00e9roclites et souvent m\u00eame contre-nature juste pour renouveler son bail au Parlement de Bagadadji ou pour y acc\u00e9der, sans oublier tous ces anciens s\u00e9cessionnistes qui ont promis monts et merveilles \u00e0 leurs laudateurs s\u2019ils venaient \u00e0 \u00eatre \u00e9lus, \u00e9tant entendu que c\u2019est la future l\u00e9gislature qui sera charg\u00e9e de la mise en \u0153uvre effective de l\u2019accord d\u2019Alger qui accorde une large autonomie au fameux territoire de l\u2019Azawad dont ils se r\u00e9clament. C\u2019est ce qui explique l\u2019engouement des populations du Nord et les taux de participation particuli\u00e8rement \u00e9lev\u00e9s et m\u00eame surr\u00e9alistes enregistr\u00e9s au premier tour dans la r\u00e9gion de Kidal, notamment et dans une certaine mesure de Gao, qui vont profiter, \u00e0 l\u2019heure du d\u00e9compte des si\u00e8ges, au parti au pouvoir dont sont issus la plupart des candidats les plus influents dans cette partie du pays. A Bamako par contre, le suspense demeure entier car, comme chacun le sait d\u00e9j\u00e0, aucune alliance n\u2019y a glan\u00e9 de si\u00e8ge lors du premier tour, m\u00eame pas dans la commune II o\u00f9 l\u2019on pensait qu\u2019au nom du p\u00e8re, du fils et \u2026 des int\u00e9r\u00eats de la majorit\u00e9 pr\u00e9sidentielle, cette \u00e9lection allait \u00eatre une partie de plaisir pour Karim K\u00e9ita. Eh bien, comme en 2013, l\u2019enfant ch\u00e9ri du pr\u00e9sident IBK va devoir attendre les r\u00e9sultats du second tour pour conna\u00eetre son sort car, m\u00eame s\u2019il est en ballotage favorable, son challenger de l\u2019URD ne d\u00e9sesp\u00e8re pas de lui damer le pion dans cette commune centrale de la capitale. Ce serait, en tout cas, la plus belle \u2018\u2019prise \u00e9lectorale\u2019\u2019 pour l\u2019URD dont la prise en otage de son chef d\u2019orchestre, Souma\u00efla Ciss\u00e9, par des djihadistes qui, dit-on, r\u00e9clament la bagatelle de 50 milliards de F CFA et la lib\u00e9ration de certains prisonniers en contrepartie de son \u00e9ventuelle lib\u00e9ration. Notons que le rapt de Souma\u00efla Ciss\u00e9, pendant la campagne en fin mars, n\u2019a pas emp\u00each\u00e9 ce dernier d\u2019\u00eatre \u00e9lu d\u00e8s le premier tour dans son fief de Niafunk\u00e9. Mais, cruel revers du destin, il ne pourra pas si\u00e9ger au Parlement, \u00e0 moins d\u2019une divine surprise apr\u00e8s les n\u00e9gociations en cours avec ses ravisseurs. Il ne devait pas y avoir de chamboulement au sein de l\u2019H\u00e9micycle o\u00f9 les d\u00e9put\u00e9s doivent si\u00e9ger au plus tard le 2 mai prochain car ce sera vraisemblablement la m\u00eame configuration et les m\u00eames forces politiques qui vont s\u2019y retrouver, \u00e0 quelques exceptions pr\u00e8s. Ce qui retiendra plut\u00f4t l\u2019attention, c\u2019est le nombre de femmes \u00e9lues qui va passer du simple au double voire plus, par rapport \u00e0 la pr\u00e9c\u00e9dente l\u00e9gislature qui en comptait 14, gr\u00e2ce notamment \u00e0 l\u2019actuel Code \u00e9lectoral qui a permis la candidature de 427 femmes cette ann\u00e9e, soit 30% des candidats comme l\u2019exige la norme onusienne en la mati\u00e8re. Esp\u00e9rons qu\u2019elles ne feront pas de la figuration lors des d\u00e9bats parlementaires et qu\u2019elles apporteront leur touche contributive au renforcement de la d\u00e9mocratie et au d\u00e9veloppement du Mali. C\u2019est ce r\u00f4le qui sera \u00e9galement attendu des futurs \u00e9lus des r\u00e9gions septentrionales, quel que soit leur bord politique, afin que le micro se substitue d\u00e9sormais \u00e0 la kalachnikov dans l\u2019expression des opinions et des particularismes r\u00e9gionaux. L\u2019espoir est d\u2019autant permis que ces l\u00e9gislatives ont, pour ainsi dire, visiblement ressoud\u00e9 les liens entre la R\u00e9publique du Mali et ses rebelles s\u00e9cessionnistes qui ont facilit\u00e9 et s\u00e9curis\u00e9 le scrutin dans leur sph\u00e8re d\u2019influence. C\u2019est, en tout \u00e9tat de cause, un bon signe de d\u00e9crispation, et on ne d\u00e9sesp\u00e8re pas de voir les autres groupes arm\u00e9s, les ultra que sont les djihadistes, s\u2019asseoir sur la m\u00eame natte que les autorit\u00e9s gouvernementales afin de trouver une solution n\u00e9goci\u00e9e \u00e0 l\u2019h\u00e9catombe en cours au Mali et dans les pays voisins.<\/em><\/p>\n<p class=\"c3\"><strong><em>Hamadou GADIAGA<\/em><\/strong><\/p>\n<p>Auteur: Le Pays<br \/>\n<a href=\"http:\/\/lepays.bf\/second-tour-des-legislatives-au-mali\/\">Cliquez ici pour lire l&rsquo;article depuis sa source.<\/a><\/p>\n","protected":false},"excerpt":{"rendered":"<p>Les \u00e9lecteurs maliens ont \u00e9t\u00e9 de nouveau appel\u00e9s aux urnes, hier, 19 avril, pour le dernier round des l\u00e9gislatives, toujours dans un contexte de peur g\u00e9n\u00e9ralis\u00e9e et au terme d\u2019une campagne \u00e9lectorale atone et soporifique, sans tambour ni trompette, contrairement \u00e0 l\u2019ambiance carnavalesque qui pr\u00e9c\u00e9dait chaque scrutin dans ce pays r\u00e9put\u00e9 pour \u00eatre l\u2019un des [&hellip;]<\/p>\n","protected":false},"author":1813,"featured_media":0,"comment_status":"closed","ping_status":"closed","sticky":false,"template":"","format":"standard","meta":{"fifu_image_url":"","fifu_image_alt":"","footnotes":""},"categories":[73,81],"tags":[],"class_list":["post-82871","post","type-post","status-publish","format-standard","hentry","category-actualite","category-burkina-faso"],"_links":{"self":[{"href":"https:\/\/linitiative.ca\/International\/wp-json\/wp\/v2\/posts\/82871","targetHints":{"allow":["GET"]}}],"collection":[{"href":"https:\/\/linitiative.ca\/International\/wp-json\/wp\/v2\/posts"}],"about":[{"href":"https:\/\/linitiative.ca\/International\/wp-json\/wp\/v2\/types\/post"}],"author":[{"embeddable":true,"href":"https:\/\/linitiative.ca\/International\/wp-json\/wp\/v2\/users\/1813"}],"replies":[{"embeddable":true,"href":"https:\/\/linitiative.ca\/International\/wp-json\/wp\/v2\/comments?post=82871"}],"version-history":[{"count":0,"href":"https:\/\/linitiative.ca\/International\/wp-json\/wp\/v2\/posts\/82871\/revisions"}],"wp:attachment":[{"href":"https:\/\/linitiative.ca\/International\/wp-json\/wp\/v2\/media?parent=82871"}],"wp:term":[{"taxonomy":"category","embeddable":true,"href":"https:\/\/linitiative.ca\/International\/wp-json\/wp\/v2\/categories?post=82871"},{"taxonomy":"post_tag","embeddable":true,"href":"https:\/\/linitiative.ca\/International\/wp-json\/wp\/v2\/tags?post=82871"}],"curies":[{"name":"wp","href":"https:\/\/api.w.org\/{rel}","templated":true}]}}