{"id":82872,"date":"2020-04-19T06:44:36","date_gmt":"2020-04-19T10:44:36","guid":{"rendered":"https:\/\/linitiative.ca\/International\/cameg-de-tenkodogo-un-camion-de-ravitaillement-et-son-contenu-consumes\/"},"modified":"2020-04-19T06:44:36","modified_gmt":"2020-04-19T10:44:36","slug":"cameg-de-tenkodogo-un-camion-de-ravitaillement-et-son-contenu-consumes","status":"publish","type":"post","link":"https:\/\/linitiative.ca\/International\/cameg-de-tenkodogo-un-camion-de-ravitaillement-et-son-contenu-consumes\/","title":{"rendered":"CAMEG de Tenkodogo: Un camion de ravitaillement et son contenu consum\u00e9s"},"content":{"rendered":"<div class=\"td-post-featured-image\"><a href=\"https:\/\/i2.wp.com\/www.sidwaya.info\/wp-content\/uploads\/2020\/04\/cameg.jpg?fit=800%2C499&amp;ssl=1\" data-caption=\"\"><img loading=\"lazy\" decoding=\"async\" width=\"696\" height=\"434\" class=\"entry-thumb td-modal-image\" src=\"https:\/\/i2.wp.com\/www.sidwaya.info\/wp-content\/uploads\/2020\/04\/cameg.jpg?resize=696%2C434&amp;ssl=1\" srcset=\"https:\/\/i2.wp.com\/www.sidwaya.info\/wp-content\/uploads\/2020\/04\/cameg.jpg?w=800&amp;ssl=1 800w, https:\/\/i2.wp.com\/www.sidwaya.info\/wp-content\/uploads\/2020\/04\/cameg.jpg?resize=300%2C187&amp;ssl=1 300w, https:\/\/i2.wp.com\/www.sidwaya.info\/wp-content\/uploads\/2020\/04\/cameg.jpg?resize=768%2C479&amp;ssl=1 768w, https:\/\/i2.wp.com\/www.sidwaya.info\/wp-content\/uploads\/2020\/04\/cameg.jpg?resize=696%2C434&amp;ssl=1 696w, https:\/\/i2.wp.com\/www.sidwaya.info\/wp-content\/uploads\/2020\/04\/cameg.jpg?resize=673%2C420&amp;ssl=1 673w, https:\/\/i2.wp.com\/www.sidwaya.info\/wp-content\/uploads\/2020\/04\/cameg.jpg?resize=600%2C374&amp;ssl=1 600w\" sizes=\"auto, (max-width: 696px) 100vw, 696px\" alt=\"\" title=\"cameg\"\/><\/a><\/div>\n<p><strong>Un v\u00e9hicule de ravitaillement de l\u2019Agence de la centrale d\u2019Achat des M\u00e9dicaments essentiels g\u00e9n\u00e9riques (CAMEG) de Tenkodogo, a pris feu le samedi 18 avril 2020 aux environs de 15 heures.<\/strong><\/p>\n<p><strong>\u00a0<\/strong>Le camion de ravitaillement de l\u2019Agence de la centrale d\u2019achat des m\u00e9dicaments essentiels g\u00e9n\u00e9riques (CAMEG) revenait de Ouagadougou, charg\u00e9 de produits pharmaceutiques. Selon des t\u00e9moignages recueillis sur le lieu, c\u2019est apr\u00e8s avoir constat\u00e9 \u00a0qu\u2019une fum\u00e9e provenait du camion qui est stationn\u00e9 devant le magasin de d\u00e9p\u00f4t avec son contenu, que le chauffeur a vite fait de le faire sortir hors des locaux, qu\u2019il stationnait \u00e0 environ 500 m\u00e8tres pour \u00e9viter que le pire ne se produise. Au moment o\u00f9 nous arrivions sur le lieu de l\u2019incendie, c\u2019est un camion que nous trouvons totalement en flamme avec tout son contenu. Alert\u00e9s, des responsables de la CAMEG, aid\u00e9s des riverains, s\u2019effor\u00e7aient de mieux pour \u00e9teindre le feu afin de circonscrire les d\u00e9g\u00e2ts. Les\u00a0 bouteilles d\u2019extincteurs utilis\u00e9es n\u2019ont permis aux \u00absauveteurs\u00bb de ma\u00eetriser le feu au vue de l\u2019ampleur de la flamme. C\u2019est donc sous regards impuissants, que les responsables de la CAMEG ont regard\u00e9 leur camion de ravitaillement et son contenu totalement consum\u00e9s. Le gouverneur de la r\u00e9gion, Antoine Ou\u00e9draogo a fait le d\u00e9placement de la CAMEG pour porter assistance aux responsables de la nationale d\u2019achat des m\u00e9dicaments essentiels g\u00e9n\u00e9riques. En cette circonstance, le gouverneur Antoine Ou\u00e9draogo a t\u00e9moign\u00e9 sa solidarit\u00e9 au personnel et f\u00e9licit\u00e9 le chauffeur pour sa prompte r\u00e9action en parvenant \u00e0 sortir le camion qui a commenc\u00e9 \u00e0 s\u2019enflammer hors des locaux du d\u00e9p\u00f4t et qui a permis d\u2019\u00e9viter le pire. La section de la police nationale de Tenkodogo des accidents et la brigade de recherches de la gendarmerie \u00e9taient aussi sur les lieux pour faire le constat. Malgr\u00e9 notre tentative pour obtenir des informations \u00e0 chaud sur les circonstances de l\u2019incendie, les responsables pr\u00e9sents dans les locaux de la CAMEG ont refus\u00e9 tout commentaire. Ils ont dit attendre l\u2019ordre de leur hi\u00e9rarchie \u00e0 Ouagadougou avant toute d\u00e9claration relative \u00e0 cet incendie. Au moment o\u00f9 nous quittions les lieux, l\u2019arriv\u00e9e des sapeurs-pompiers bas\u00e9s \u00e0 Koup\u00e8la, \u00e0 45 km \u00a0de Tenkodogo \u00e9tait toujours attendue. L\u2019autorit\u00e9 r\u00e9gionale a d\u00e9clar\u00e9 qu\u2019une enqu\u00eate sera ouverte pour d\u00e9terminer les circonstances de l\u2019incendie.<\/p>\n<p><strong>Bougnan NAON<\/strong><\/p>\n<div class=\"td-a-rec td-a-rec-id-content_bottom tdi_30_0ca td_block_template_1\"><img loading=\"lazy\" decoding=\"async\" class=\"aligncenter size-full wp-image-9623\" src=\"https:\/\/www.sidwaya.info\/wp-content\/uploads\/2019\/06\/Projet-bannie%CC%80re-Orange-mobile.jpg\" alt=\"\" width=\"728\" height=\"81\"\/><\/div>\n<p>Auteur: BS. Sidwaya<br \/>\n<a href=\"https:\/\/www.sidwaya.info\/blog\/2020\/04\/19\/cameg-de-tenkodogo-un-camion-de-ravitaillement-et-son-contenu-consumes\/\">Cliquez ici pour lire l&rsquo;article depuis sa source.<\/a><\/p>\n","protected":false},"excerpt":{"rendered":"<p>Un v\u00e9hicule de ravitaillement de l\u2019Agence de la centrale d\u2019Achat des M\u00e9dicaments essentiels g\u00e9n\u00e9riques (CAMEG) de Tenkodogo, a pris feu le samedi 18 avril 2020 aux environs de 15 heures. \u00a0Le camion de ravitaillement de l\u2019Agence de la centrale d\u2019achat des m\u00e9dicaments essentiels g\u00e9n\u00e9riques (CAMEG) revenait de Ouagadougou, charg\u00e9 de produits pharmaceutiques. Selon des t\u00e9moignages [&hellip;]<\/p>\n","protected":false},"author":1816,"featured_media":0,"comment_status":"closed","ping_status":"closed","sticky":false,"template":"","format":"standard","meta":{"fifu_image_url":"","fifu_image_alt":"","footnotes":""},"categories":[73,81],"tags":[],"class_list":["post-82872","post","type-post","status-publish","format-standard","hentry","category-actualite","category-burkina-faso"],"_links":{"self":[{"href":"https:\/\/linitiative.ca\/International\/wp-json\/wp\/v2\/posts\/82872","targetHints":{"allow":["GET"]}}],"collection":[{"href":"https:\/\/linitiative.ca\/International\/wp-json\/wp\/v2\/posts"}],"about":[{"href":"https:\/\/linitiative.ca\/International\/wp-json\/wp\/v2\/types\/post"}],"author":[{"embeddable":true,"href":"https:\/\/linitiative.ca\/International\/wp-json\/wp\/v2\/users\/1816"}],"replies":[{"embeddable":true,"href":"https:\/\/linitiative.ca\/International\/wp-json\/wp\/v2\/comments?post=82872"}],"version-history":[{"count":0,"href":"https:\/\/linitiative.ca\/International\/wp-json\/wp\/v2\/posts\/82872\/revisions"}],"wp:attachment":[{"href":"https:\/\/linitiative.ca\/International\/wp-json\/wp\/v2\/media?parent=82872"}],"wp:term":[{"taxonomy":"category","embeddable":true,"href":"https:\/\/linitiative.ca\/International\/wp-json\/wp\/v2\/categories?post=82872"},{"taxonomy":"post_tag","embeddable":true,"href":"https:\/\/linitiative.ca\/International\/wp-json\/wp\/v2\/tags?post=82872"}],"curies":[{"name":"wp","href":"https:\/\/api.w.org\/{rel}","templated":true}]}}