{"id":82876,"date":"2020-04-19T17:41:06","date_gmt":"2020-04-19T21:41:06","guid":{"rendered":"https:\/\/linitiative.ca\/International\/que-le-consensus-prevale\/"},"modified":"2020-04-19T17:41:06","modified_gmt":"2020-04-19T21:41:06","slug":"que-le-consensus-prevale","status":"publish","type":"post","link":"https:\/\/linitiative.ca\/International\/que-le-consensus-prevale\/","title":{"rendered":"Que le consensus\u00a0pr\u00e9vale !"},"content":{"rendered":"<div class=\"td-post-featured-image\"><a href=\"https:\/\/i0.wp.com\/www.sidwaya.info\/wp-content\/uploads\/2020\/04\/dgedito20.jpg?fit=418%2C520&amp;ssl=1\" data-caption=\"\"><img loading=\"lazy\" decoding=\"async\" width=\"418\" height=\"520\" class=\"entry-thumb td-modal-image\" src=\"https:\/\/i0.wp.com\/www.sidwaya.info\/wp-content\/uploads\/2020\/04\/dgedito20.jpg?resize=418%2C520&amp;ssl=1\" srcset=\"https:\/\/i0.wp.com\/www.sidwaya.info\/wp-content\/uploads\/2020\/04\/dgedito20.jpg?w=418&amp;ssl=1 418w, https:\/\/i0.wp.com\/www.sidwaya.info\/wp-content\/uploads\/2020\/04\/dgedito20.jpg?resize=241%2C300&amp;ssl=1 241w, https:\/\/i0.wp.com\/www.sidwaya.info\/wp-content\/uploads\/2020\/04\/dgedito20.jpg?resize=338%2C420&amp;ssl=1 338w\" sizes=\"auto, (max-width: 418px) 100vw, 418px\" alt=\"\" title=\"dgedito20\"\/><\/a><\/div>\n<p>Le Pr\u00e9sident du Faso, Roch Marc Christian Kabor\u00e9, a \u00e9chang\u00e9, le vendredi 17 avril 2020, avec les repr\u00e9sentants du Chef de file de l\u2019opposition politique (CFOP) et de l\u2019Alliance des partis de la majorit\u00e9 pr\u00e9sidentielle (APMP). Outre la situation s\u00e9curitaire et humanitaire toujours aussi pr\u00e9gnante, la gestion de la lutte contre le coronavirus, les \u00e9ch\u00e9ances \u00e9lectorales ont \u00e9t\u00e9 au menu de ces concertations ou pr\u00e9-concertations entre le chef de l\u2019Etat et les principales sensibilit\u00e9s de la sc\u00e8ne politique nationale. Le Premier ministre, Christophe Dabir\u00e9, d\u2019autres membres du gouvernement et le pr\u00e9sident de la Commission \u00e9lectorale nationale ind\u00e9pendante (CENI), Newton Ahmed Barry, ont \u00e9t\u00e9 t\u00e9moins de ces \u00e9changes. Ces concertations, qui participent au renforcement de la d\u00e9mocratie, \u00e0 une meilleure coordination et adh\u00e9sion aux d\u00e9cisions prises, parfois dans l\u2019urgence, en cette p\u00e9riode de crise multidimensionnelle, tombent \u00e0 pic. Elles interviennent au moment o\u00f9 bon nombre de compatriotes se posent moult questions apr\u00e8s la \u00ab\u00a0suspension imm\u00e9diate\u00a0\u00bb des op\u00e9rations d\u2019enr\u00f4lement biom\u00e9trique et act\u00e9e par la CENI dans le cadre de la pr\u00e9vention individuelle et collective contre le COVID-19 et qui impacte directement le calendrier \u00e9lectoral. La date des \u00e9lections coupl\u00e9es pr\u00e9sidentielle et l\u00e9gislatives, qui devra consacrer enfin le vote de la diaspora, a \u00e9t\u00e9 officiellement fix\u00e9e au 22 novembre 2020. Tiendra, tiendra pas\u00a0? Les \u00e9ch\u00e9ances seront-elles repouss\u00e9es\u00a0? L\u2019\u00e9lection pr\u00e9sidentielle sera-t-elle d\u00e9coupl\u00e9e des \u00e9lections l\u00e9gislatives\u00a0? Ce sont autant de questionnements l\u00e9gitimes, que la classe politique r\u00e9unie autour du chef de l\u2019Etat aura \u00e0 examiner, esp\u00e9rons-le, dans un esprit de recherche de consensus et de l\u2019int\u00e9r\u00eat g\u00e9n\u00e9ral. Tout ne semble pas remis en cause pour autant, car, selon toute vraisemblance, l\u2019ex\u00e9cutif plaiderait fortement pour un maintien de la date du scrutin au 22 novembre, d\u00e9cid\u00e9e par le Conseil des ministres du 5 f\u00e9vrier dernier \u00e0 l\u2019issue de diff\u00e9rentes concertations. Ce \u00ab\u00a0pr\u00e9alable\u00a0\u00bb, si nos informations s\u2019av\u00e8rent exactes, se justifie tr\u00e8s amplement, car, un report, m\u00eame de quelques jours, fait courir des risques d\u2019inconstitutionnalit\u00e9 de textes ou de pratiques, potentiellement g\u00e9n\u00e9rateurs d\u2019incertitudes dans la gouvernance. Si la classe politique pouvait convenir avec le gouvernement de la \u00ab\u00a0sanctuarisation\u00a0\u00bb de la date du scrutin, ce serait, de notre point de vue, le bon cap, la meilleure approche politique des pr\u00e9occupations de l\u2019heure. Et cela n\u2019enl\u00e8verait en rien la teneur des concertations qui pourraient mieux se focaliser par exemple sur les questions relatives aux modifications \u00e9ventuelles du Code \u00e9lectoral (cette modification reste encore possible et conforme aux textes supranationaux si elle est op\u00e9r\u00e9e dans le cadre d\u2019un accord des forces politiques en pr\u00e9sence\u2026), la r\u00e9vision des d\u00e9lais impartis au processus d\u2019enr\u00f4lement stopp\u00e9 net, ainsi que sur toutes les autres implications du processus \u00e9lectoral. Se mettre \u00e0 \u00e9chafauder d\u2019autres plans, reviendrait \u00e0 livrer le pays aux incertitudes et \u00e0 des calculs forc\u00e9ment int\u00e9ress\u00e9s de tous ordres. Dans les discussions pr\u00e9vues demain mardi, souhaitons que l\u2019esprit de consensus pr\u00e9vale, loin de la surench\u00e8re politique, car c\u2019est la survie m\u00eame du Faso qui est en jeu en ce moment pr\u00e9cis. Ne l\u2019oublions pas\u00a0!<\/p>\n<div class=\"td-a-rec td-a-rec-id-content_bottom tdi_30_c55 td_block_template_1\"><img loading=\"lazy\" decoding=\"async\" class=\"aligncenter size-full wp-image-9623\" src=\"https:\/\/www.sidwaya.info\/wp-content\/uploads\/2019\/06\/Projet-bannie%CC%80re-Orange-mobile.jpg\" alt=\"\" width=\"728\" height=\"81\"\/><\/div>\n<p>Auteur: BM. Sidwaya<br \/>\n<a href=\"https:\/\/www.sidwaya.info\/blog\/2020\/04\/19\/que-le-consensus-prevale\/\">Cliquez ici pour lire l&rsquo;article depuis sa source.<\/a><\/p>\n","protected":false},"excerpt":{"rendered":"<p>Le Pr\u00e9sident du Faso, Roch Marc Christian Kabor\u00e9, a \u00e9chang\u00e9, le vendredi 17 avril 2020, avec les repr\u00e9sentants du Chef de file de l\u2019opposition politique (CFOP) et de l\u2019Alliance des partis de la majorit\u00e9 pr\u00e9sidentielle (APMP). Outre la situation s\u00e9curitaire et humanitaire toujours aussi pr\u00e9gnante, la gestion de la lutte contre le coronavirus, les \u00e9ch\u00e9ances [&hellip;]<\/p>\n","protected":false},"author":1816,"featured_media":0,"comment_status":"closed","ping_status":"closed","sticky":false,"template":"","format":"standard","meta":{"fifu_image_url":"","fifu_image_alt":"","footnotes":""},"categories":[73,81],"tags":[],"class_list":["post-82876","post","type-post","status-publish","format-standard","hentry","category-actualite","category-burkina-faso"],"_links":{"self":[{"href":"https:\/\/linitiative.ca\/International\/wp-json\/wp\/v2\/posts\/82876","targetHints":{"allow":["GET"]}}],"collection":[{"href":"https:\/\/linitiative.ca\/International\/wp-json\/wp\/v2\/posts"}],"about":[{"href":"https:\/\/linitiative.ca\/International\/wp-json\/wp\/v2\/types\/post"}],"author":[{"embeddable":true,"href":"https:\/\/linitiative.ca\/International\/wp-json\/wp\/v2\/users\/1816"}],"replies":[{"embeddable":true,"href":"https:\/\/linitiative.ca\/International\/wp-json\/wp\/v2\/comments?post=82876"}],"version-history":[{"count":0,"href":"https:\/\/linitiative.ca\/International\/wp-json\/wp\/v2\/posts\/82876\/revisions"}],"wp:attachment":[{"href":"https:\/\/linitiative.ca\/International\/wp-json\/wp\/v2\/media?parent=82876"}],"wp:term":[{"taxonomy":"category","embeddable":true,"href":"https:\/\/linitiative.ca\/International\/wp-json\/wp\/v2\/categories?post=82876"},{"taxonomy":"post_tag","embeddable":true,"href":"https:\/\/linitiative.ca\/International\/wp-json\/wp\/v2\/tags?post=82876"}],"curies":[{"name":"wp","href":"https:\/\/api.w.org\/{rel}","templated":true}]}}