{"id":82877,"date":"2020-04-19T13:50:05","date_gmt":"2020-04-19T17:50:05","guid":{"rendered":"https:\/\/linitiative.ca\/International\/coronavirus-impatiente-et-craintive-litalie-prepare-son-deconfinement\/"},"modified":"2020-04-19T13:50:05","modified_gmt":"2020-04-19T17:50:05","slug":"coronavirus-impatiente-et-craintive-litalie-prepare-son-deconfinement","status":"publish","type":"post","link":"https:\/\/linitiative.ca\/International\/coronavirus-impatiente-et-craintive-litalie-prepare-son-deconfinement\/","title":{"rendered":"Coronavirus: Impatiente et craintive, l\u2019Italie pr\u00e9pare son d\u00e9confinement"},"content":{"rendered":"<div readability=\"32\">\n<p>Publi\u00e9 le 19.04.2020 \u00e0 18h50 par AFP<\/p>\n<\/div>\n<div readability=\"156\">\n<p>Son \u00e9conomie \u00e0 l\u2019arr\u00eat, ses citoyens enferm\u00e9s \u00e0 la maison, l\u2019Italie ne parle plus que de d\u00e9confinement, entre impatience de repartir et crainte d\u2019une deuxi\u00e8me vague pand\u00e9mique.<\/p>\n<p>\u00ab\u00a0Nous sommes de retour!\u00a0\u00bb. Sur son compte Instagram, le c\u00e9l\u00e8bre glacier romain Giolitti annonce une reprise de ses livraisons mardi et exprime la volont\u00e9 de beaucoup de retrouver un semblant de normalit\u00e9, m\u00eame partielle.<\/p>\n<p>Premier touch\u00e9 en Europe, le pays d\u00e9plore plus de 23.600 morts officiellement recens\u00e9s (433 nouveaux d\u00e9c\u00e8s dans les derni\u00e8res 24 heures). Mais il sort de la phase aigu\u00eb de la pand\u00e9mie de nouveau coronavirus, apr\u00e8s plusieurs semaines d\u2019un confinement commenc\u00e9 le 9 mars.<\/p>\n<p>Jour apr\u00e8s jour, les m\u00e9dias \u00e9voquent ce qui sera de nouveau bient\u00f4t autoris\u00e9. Ces sp\u00e9culations ont pouss\u00e9 le gouvernement \u00e0 rappeler ce week-end \u00ab\u00a0qu\u2019aucune modification n\u2019est pr\u00e9vue\u00a0\u00bb dans un confinement en vigueur jusqu\u2019au 3 mai inclus.<\/p>\n<p>Mais m\u00eame les ministres \u00e9voquent le sujet. \u00ab\u00a0Nous devons donner aux citoyens une plus grande libert\u00e9 de circulation\u00a0\u00bb, a d\u00e9clar\u00e9 le vice-ministre de la Sant\u00e9 Pierpaolo Sileri.<\/p>\n<p>Sa coll\u00e8gue de la Famille Elena Bonnetti laisse entrevoir une r\u00e9ouverture partielle des aires de jeu: \u00ab\u00a0Quelque chose doit changer dans les deux prochaines semaines pour nos enfants! Nos enfants ont le droit de jouer!\u00a0\u00bb<\/p>\n<p>\u2013 Une \u00e9conomie en souffrance \u2013<\/p>\n<p>La pression est forte pour faire red\u00e9marrer la troisi\u00e8me \u00e9conomie europ\u00e9enne, en grande souffrance.<\/p>\n<p>La maison de luxe Gucci relance lundi son centre de recherche pr\u00e8s de Florence, avec un nombre limit\u00e9 d\u2019employ\u00e9s. Fincantieri rouvre lui tous ses chantiers navals, \u00ab\u00a0de mani\u00e8re tr\u00e8s graduelle\u00a0\u00bb, avec dans un premier temps, un maximum de 10% des salari\u00e9s dont la temp\u00e9rature sera prise \u00e0 l\u2019entr\u00e9e.<\/p>\n<p>Selon une \u00e9tude publi\u00e9e samedi par la Confindustria, la premi\u00e8re organisation patronale, la quasi-totalit\u00e9 des entreprises italiennes (97,2%) a souffert de la pand\u00e9mie, pr\u00e8s de la moiti\u00e9 de mani\u00e8re \u00ab\u00a0tr\u00e8s grave\u00a0\u00bb; leur chiffre d\u2019affaires a baiss\u00e9 d\u2019un tiers par rapport \u00e0 mars 2019 (32,6%).<\/p>\n<p>Selon le quotidien La Repubblica, la moiti\u00e9 des 23 millions de salari\u00e9s et travailleurs ind\u00e9pendants devra \u00eatre aid\u00e9 par l\u2019Etat, une proportion appel\u00e9e \u00e0 augmenter.<\/p>\n<p>\u00ab\u00a0Dans le plein respect des protocoles sanitaires (\u2026), il faut regarder vers l\u2019avant. Le mot d\u2019ordre est de repartir\u00a0\u00bb, a d\u00e9clar\u00e9 Marco Marsilio, gouverneur des Abruzzes (centre).<\/p>\n<p>Adversaire du confinement depuis le d\u00e9but, l\u2019ex-Premier ministre Matteo Renzi a m\u00eame appel\u00e9 \u00e0 une r\u00e9ouverture des \u00e9coles, condition selon lui du red\u00e9marrage \u00e9conomique, quand le gouvernement semble privil\u00e9gier septembre.<\/p>\n<p>Sur Facebook, le chef du gouvernement Giuseppe Conte a insist\u00e9 sur l\u2019importance d\u2019un programme \u00ab\u00a0bien articul\u00e9, qui concilie protection de la sant\u00e9 et exigences de la production\u00a0\u00bb pour une reprise \u00ab\u00a0qui garde sous contr\u00f4le la courbe \u00e9pid\u00e9miologique et la capacit\u00e9 de r\u00e9action de nos structures hospitali\u00e8res\u00a0\u00bb.<\/p>\n<p>Si le gros de cette premi\u00e8re vague pand\u00e9mique semble pass\u00e9, \u00ab\u00a0la vraie question est le retour du virus \u00e0 l\u2019automne\u00a0\u00bb, met en garde Luca Zaia, gouverneur de V\u00e9n\u00e9tie.<\/p>\n<p>\u00ab\u00a0Cohabiter avec le virus signifie repenser les journ\u00e9es. Non aux heures de pointe dans toutes les phases du quotidien. Il faut oublier les rues et les transports publics bond\u00e9s\u00a0\u00bb, exhorte le patron de l\u2019Institut sup\u00e9rieur de la Sant\u00e9, Silvio Brusaferro.<\/p>\n<p>\u2013 Divergences Nord-Sud \u2013<\/p>\n<p>Ce rythme de reprise suscite des divergences entre le Nord, moteur \u00e9conomique du pays tr\u00e8s touch\u00e9 par la maladie, et le Sud, pauvre et relativement \u00e9pargn\u00e9, dont le syst\u00e8me sanitaire appara\u00eet mal arm\u00e9 pour affronter un \u00e9ventuel rebond de la pand\u00e9mie.<\/p>\n<p>La Lombardie et la V\u00e9n\u00e9tie (Nord) veulent rouvrir rapidement? \u00ab\u00a0Peut-\u00eatre qu\u2019ils sont plus optimistes que nous. Ici on fera les choses par \u00e9tapes, on ne peut pas prendre de risques\u00a0\u00bb, pr\u00e9vient la pr\u00e9sidente de la Calabre (Sud) Jole Santelli.<\/p>\n<p>Son homologue de Campanie (Sud), la r\u00e9gion de Naples, Vincenzo de Luca souhaite qu\u2019une fois le confinement lev\u00e9, les d\u00e9placements d\u2019une r\u00e9gion \u00e0 l\u2019autre restent prohib\u00e9s et que les visiteurs du Nord puissent \u00eatre plac\u00e9s en quarantaine.<\/p>\n<p>Dans sa strat\u00e9gie pour pr\u00e9venir tout regain pand\u00e9mique, l\u2019Italie a augment\u00e9 le rythme des tests salivaires (entre 50.000 et 60.000 par jour), et la Lombardie compte commencer cette semaine les tests s\u00e9rologiques sur le personnel m\u00e9dical des villes les plus touch\u00e9es.<\/p>\n<p>L\u2019application de tra\u00e7age Immuni sera exp\u00e9riment\u00e9e dans certaines r\u00e9gions mais ne sera effective partout que durant la deuxi\u00e8me quinzaine de mai, selon les autorit\u00e9s.<\/p>\n<\/div>\n<p>Auteur: AFP<br \/>\n<a href=\"https:\/\/www.journalducameroun.com\/coronavirus-impatiente-et-craintive-litalie-prepare-son-deconfinement-2\/\">Cliquez ici pour lire l&rsquo;article depuis sa source.<\/a><\/p>\n","protected":false},"excerpt":{"rendered":"<p>Publi\u00e9 le 19.04.2020 \u00e0 18h50 par AFP Son \u00e9conomie \u00e0 l\u2019arr\u00eat, ses citoyens enferm\u00e9s \u00e0 la maison, l\u2019Italie ne parle plus que de d\u00e9confinement, entre impatience de repartir et crainte d\u2019une deuxi\u00e8me vague pand\u00e9mique. \u00ab\u00a0Nous sommes de retour!\u00a0\u00bb. Sur son compte Instagram, le c\u00e9l\u00e8bre glacier romain Giolitti annonce une reprise de ses livraisons mardi et [&hellip;]<\/p>\n","protected":false},"author":1965,"featured_media":0,"comment_status":"closed","ping_status":"closed","sticky":false,"template":"","format":"standard","meta":{"fifu_image_url":"","fifu_image_alt":"","footnotes":""},"categories":[73,82],"tags":[],"class_list":["post-82877","post","type-post","status-publish","format-standard","hentry","category-actualite","category-cameroun"],"_links":{"self":[{"href":"https:\/\/linitiative.ca\/International\/wp-json\/wp\/v2\/posts\/82877","targetHints":{"allow":["GET"]}}],"collection":[{"href":"https:\/\/linitiative.ca\/International\/wp-json\/wp\/v2\/posts"}],"about":[{"href":"https:\/\/linitiative.ca\/International\/wp-json\/wp\/v2\/types\/post"}],"author":[{"embeddable":true,"href":"https:\/\/linitiative.ca\/International\/wp-json\/wp\/v2\/users\/1965"}],"replies":[{"embeddable":true,"href":"https:\/\/linitiative.ca\/International\/wp-json\/wp\/v2\/comments?post=82877"}],"version-history":[{"count":0,"href":"https:\/\/linitiative.ca\/International\/wp-json\/wp\/v2\/posts\/82877\/revisions"}],"wp:attachment":[{"href":"https:\/\/linitiative.ca\/International\/wp-json\/wp\/v2\/media?parent=82877"}],"wp:term":[{"taxonomy":"category","embeddable":true,"href":"https:\/\/linitiative.ca\/International\/wp-json\/wp\/v2\/categories?post=82877"},{"taxonomy":"post_tag","embeddable":true,"href":"https:\/\/linitiative.ca\/International\/wp-json\/wp\/v2\/tags?post=82877"}],"curies":[{"name":"wp","href":"https:\/\/api.w.org\/{rel}","templated":true}]}}