{"id":82878,"date":"2020-04-19T14:50:04","date_gmt":"2020-04-19T18:50:04","guid":{"rendered":"https:\/\/linitiative.ca\/International\/le-gouvernement-et-les-etats-americains-secharpent-sur-la-sortie-du-confinement\/"},"modified":"2020-04-19T14:50:04","modified_gmt":"2020-04-19T18:50:04","slug":"le-gouvernement-et-les-etats-americains-secharpent-sur-la-sortie-du-confinement","status":"publish","type":"post","link":"https:\/\/linitiative.ca\/International\/le-gouvernement-et-les-etats-americains-secharpent-sur-la-sortie-du-confinement\/","title":{"rendered":"Le gouvernement et les Etats am\u00e9ricains s\u2019\u00e9charpent sur la sortie du confinement"},"content":{"rendered":"<div readability=\"32\">\n<p>Publi\u00e9 le 19.04.2020 \u00e0 19h50 par AFP<\/p>\n<\/div>\n<div readability=\"89\">\n<p>L\u2019administration de Donald Trump et les gouverneurs des Etats am\u00e9ricains s\u2019affrontaient dimanche sur la possibilit\u00e9 de la lev\u00e9e des restrictions mises en place \u00e0 cause de la pand\u00e9mie de coronavirus, dans un climat tendu renforc\u00e9 par le soutien du pr\u00e9sident \u00e0 des manifestations r\u00e9clamant la reprise d\u2019une activit\u00e9 normale.<\/p>\n<p>Ils se renvoyaient notamment la balle sur les capacit\u00e9s de tests au Covid-19, le gouvernement assurant que les Etats en ont d\u00e9sormais assez \u00e0 leur disposition, ce que d\u00e9mentent de nombreux gouverneurs.<\/p>\n<p>\u00ab\u00a0M\u00eame si nous faisons d\u00e9sormais 150.000 tests par jour, si les Etats activaient tous les laboratoires pr\u00e9sents chez eux, nous pourrions plus que doubler ce nombre du jour au lendemain\u00a0\u00bb, a d\u00e9clar\u00e9 sur Fox News le vice-pr\u00e9sident Mike Pence dimanche.<\/p>\n<p>\u00ab\u00a0Il y a une capacit\u00e9 suffisante de tests dans le pays aujourd\u2019hui pour que n\u2019importe quel Etat puisse entrer dans la phase 1\u00a0\u00bb de r\u00e9ouverture de l\u2019\u00e9conomie, a-t-il ajout\u00e9, en r\u00e9f\u00e9rence aux \u00e9tapes recommand\u00e9es par la Maison Blanche pour d\u00e9cider la lev\u00e9e progressive du confinement.<\/p>\n<p>Cette premi\u00e8re \u00e9tape pr\u00e9voit la r\u00e9ouverture partielle de certains commerces, sous condition notamment que les autorit\u00e9s soient en mesure de d\u00e9pister \u00e0 large \u00e9chelle les nouveaux cas de coronavirus afin d\u2019\u00e9viter une deuxi\u00e8me vague de contamination.<\/p>\n<p>Le gouverneur d\u00e9mocrate de Virginie, Ralph Northam, a qualifi\u00e9 de \u00ab\u00a0d\u00e9lirantes\u00a0\u00bb et \u00ab\u00a0d\u2019irresponsables\u00a0\u00bb les d\u00e9clarations du gouvernement sur la disponibilit\u00e9 en nombre suffisant de ces tests. \u00ab\u00a0Il nous a \u00e9t\u00e9 demand\u00e9, en tant que gouverneurs, de mener cette guerre sans le mat\u00e9riel dont nous avons besoin\u00a0\u00bb, a-t-il tanc\u00e9 sur CNN.<\/p>\n<p>\u00ab\u00a0Nous pourrions tripler le nombre de tests que nous r\u00e9alisons par jour si nous avions les tampons (n\u00e9cessaires aux pr\u00e9l\u00e8vements, ndlr) et les produits r\u00e9actifs\u00a0\u00bb n\u00e9cessaires \u00e0 l\u2019obtention des r\u00e9sultats, a dit sur CNN la gouverneure d\u00e9mocrate du Michigan, Gretchen Whitmer, pointant comme d\u2019autres une p\u00e9nurie.<\/p>\n<p>Le Michigan, o\u00f9 la plus importante manifestation anti-confinement du pays \u00e0 ce jour s\u2019est d\u00e9roul\u00e9e mercredi, est seulement le dixi\u00e8me Etat le plus peupl\u00e9 mais le troisi\u00e8me en nombre de morts du coronavirus, a-t-elle rappel\u00e9, appelant Donald Trump \u00e0 utiliser une loi permettant de r\u00e9quisitionner des entreprises pour fabriquer les produits manquants.<\/p>\n<\/div>\n<p>Auteur: AFP<br \/>\n<a href=\"https:\/\/www.journalducameroun.com\/le-gouvernement-et-les-etats-americains-secharpent-sur-la-sortie-du-confinement\/\">Cliquez ici pour lire l&rsquo;article depuis sa source.<\/a><\/p>\n","protected":false},"excerpt":{"rendered":"<p>Publi\u00e9 le 19.04.2020 \u00e0 19h50 par AFP L\u2019administration de Donald Trump et les gouverneurs des Etats am\u00e9ricains s\u2019affrontaient dimanche sur la possibilit\u00e9 de la lev\u00e9e des restrictions mises en place \u00e0 cause de la pand\u00e9mie de coronavirus, dans un climat tendu renforc\u00e9 par le soutien du pr\u00e9sident \u00e0 des manifestations r\u00e9clamant la reprise d\u2019une activit\u00e9 [&hellip;]<\/p>\n","protected":false},"author":1965,"featured_media":0,"comment_status":"closed","ping_status":"closed","sticky":false,"template":"","format":"standard","meta":{"fifu_image_url":"","fifu_image_alt":"","footnotes":""},"categories":[73,82],"tags":[],"class_list":["post-82878","post","type-post","status-publish","format-standard","hentry","category-actualite","category-cameroun"],"_links":{"self":[{"href":"https:\/\/linitiative.ca\/International\/wp-json\/wp\/v2\/posts\/82878","targetHints":{"allow":["GET"]}}],"collection":[{"href":"https:\/\/linitiative.ca\/International\/wp-json\/wp\/v2\/posts"}],"about":[{"href":"https:\/\/linitiative.ca\/International\/wp-json\/wp\/v2\/types\/post"}],"author":[{"embeddable":true,"href":"https:\/\/linitiative.ca\/International\/wp-json\/wp\/v2\/users\/1965"}],"replies":[{"embeddable":true,"href":"https:\/\/linitiative.ca\/International\/wp-json\/wp\/v2\/comments?post=82878"}],"version-history":[{"count":0,"href":"https:\/\/linitiative.ca\/International\/wp-json\/wp\/v2\/posts\/82878\/revisions"}],"wp:attachment":[{"href":"https:\/\/linitiative.ca\/International\/wp-json\/wp\/v2\/media?parent=82878"}],"wp:term":[{"taxonomy":"category","embeddable":true,"href":"https:\/\/linitiative.ca\/International\/wp-json\/wp\/v2\/categories?post=82878"},{"taxonomy":"post_tag","embeddable":true,"href":"https:\/\/linitiative.ca\/International\/wp-json\/wp\/v2\/tags?post=82878"}],"curies":[{"name":"wp","href":"https:\/\/api.w.org\/{rel}","templated":true}]}}