{"id":82881,"date":"2020-04-19T17:50:05","date_gmt":"2020-04-19T21:50:05","guid":{"rendered":"https:\/\/linitiative.ca\/International\/des-milliers-disraeliens-manifestent-pour-sauver-la-democratie\/"},"modified":"2020-04-19T17:50:05","modified_gmt":"2020-04-19T21:50:05","slug":"des-milliers-disraeliens-manifestent-pour-sauver-la-democratie","status":"publish","type":"post","link":"https:\/\/linitiative.ca\/International\/des-milliers-disraeliens-manifestent-pour-sauver-la-democratie\/","title":{"rendered":"Des milliers d\u2019Isra\u00e9liens manifestent pour \u00ab\u00a0sauver la d\u00e9mocratie\u00a0\u00bb"},"content":{"rendered":"<div readability=\"32\">\n<p>Publi\u00e9 le 19.04.2020 \u00e0 22h50 par AFP<\/p>\n<\/div>\n<div readability=\"109\">\n<p>Des milliers d\u2019Isra\u00e9liens ont manifest\u00e9 dimanche soir \u00e0 Tel-Aviv contre des menaces pesant selon eux sur la d\u00e9mocratie isra\u00e9lienne, sur fond de tractations entre le Premier ministre Benjamin Netanyahu et son ex-rival Benny Gantz, en vue d\u2019un gouvernement.<\/p>\n<p>Environ 2.000 manifestants \u2013selon les chiffres donn\u00e9s par des m\u00e9dias isra\u00e9liens\u2013 ont r\u00e9pondu \u00e0 l\u2019appel lanc\u00e9 sur Facebook par le mouvement dit des \u00ab\u00a0drapeaux noirs\u00a0\u00bb en se rassemblant sur la place Yitzhak Rabin pour \u00ab\u00a0sauver la d\u00e9mocratie\u00a0\u00bb.<\/p>\n<p>Ce rassemblement vise aussi \u00e0 marquer leur opposition aux pourparlers en cours entre Benny Gantz, \u00e0 la t\u00eate du parti centriste Bleu-Blanc, et le chef du parti de droite Likoud, Benjamin Netanyahu, inculp\u00e9 pour corruption.<\/p>\n<p>Munis de masques de protection et v\u00eatus majoritairement de noir, les protestataires se sont tenus \u00e0 deux m\u00e8tres de distance les uns des autres, respectant ainsi les mesures de distanciation sociale en vigueur pour lutter contre la pand\u00e9mie de Covid-19 qui a officiellement contamin\u00e9 en Isra\u00ebl plus de 13.000 personnes, dont 172 sont d\u00e9c\u00e9d\u00e9es.<\/p>\n<p>\u00ab\u00a0Laissez la d\u00e9mocratie gagner\u00a0\u00bb, pouvait-on lire sur des pancartes. \u00ab\u00a0Ministre du crime\u00a0\u00bb, ont \u00e9crit d\u2019autres manifestants sur leurs masques, agitant des drapeaux noirs, symbole pour eux des menaces sur la d\u00e9mocratie isra\u00e9lienne.<\/p>\n<p>A l\u2019issue d\u2019\u00e9lections l\u00e9gislatives le 2 mars \u2013les troisi\u00e8mes en moins d\u2019un an, qui devaient enfin d\u00e9partager MM. Netanyahu et Gantz\u2013, le pr\u00e9sident Reuven Rivlin avait confi\u00e9 \u00e0 ce dernier la t\u00e2che de former le prochain gouvernement.<\/p>\n<p>Et en pleine pand\u00e9mie de nouveau coronavirus, M. Gantz avait caus\u00e9 la surprise en ouvrant la voie \u00e0 un gouvernement \u00ab\u00a0d\u2019union et d\u2019urgence\u00a0\u00bb avec Benjamin Netanyahu. Il avait pourtant jur\u00e9 auparavant de ne pas partager le pouvoir avec lui, tant qu\u2019il n\u2019avait pas r\u00e9gl\u00e9 ses d\u00e9m\u00eal\u00e9s avec la justice.<\/p>\n<p>Des partisans de l\u2019opposition ont alors reproch\u00e9 \u00e0 M. Gantz, ancien chef d\u2019\u00e9tat-major de l\u2019arm\u00e9e, d\u2019avoir rendu les armes.<\/p>\n<p>Lundi soir, son mandat est \u00e9chu sans accord et M. Rivlin a confi\u00e9 le soin au Parlement de proposer, d\u2019ici un peu moins de trois semaines, un \u00e9lu ayant suffisamment d\u2019appuis pour tenter de former un gouvernement et mettre ainsi fin \u00e0 plus d\u2019un an de crise politique.<\/p>\n<p>\u2013 \u00ab\u00a0Mourir de l\u2019int\u00e9rieur\u00a0\u00bb \u2013<\/p>\n<p>En attendant, les camps de MM. Gantz et Netanyahu disent poursuivre leurs pourparlers en vue d\u2019une possible union.<\/p>\n<p>\u00ab\u00a0On ne combat pas la corruption de l\u2019int\u00e9rieur. Si tu es dedans, tu en fais partie\u00a0\u00bb, a lanc\u00e9 le d\u00e9put\u00e9 Yair Lapid, le nouveau dirigeant de l\u2019opposition, visant son ancien alli\u00e9 Benny Gantz.<\/p>\n<p>\u00ab\u00a0Les d\u00e9mocraties meurent de l\u2019int\u00e9rieur parce que des bonnes personnes se taisent et des personnes faibles se rendent\u00a0\u00bb, a-t-il ajout\u00e9, d\u00e9non\u00e7ant des manoeuvres pr\u00e9sum\u00e9es de M. Netanyahu pour se maintenir au pouvoir. \u00ab\u00a0Nous sommes ici pour dire que nous n\u2019abandonnerons jamais\u00a0\u00bb.<\/p>\n<\/div>\n<p>Auteur: AFP<br \/>\n<a href=\"https:\/\/www.journalducameroun.com\/des-milliers-disraeliens-manifestent-pour-sauver-la-democratie\/\">Cliquez ici pour lire l&rsquo;article depuis sa source.<\/a><\/p>\n","protected":false},"excerpt":{"rendered":"<p>Publi\u00e9 le 19.04.2020 \u00e0 22h50 par AFP Des milliers d\u2019Isra\u00e9liens ont manifest\u00e9 dimanche soir \u00e0 Tel-Aviv contre des menaces pesant selon eux sur la d\u00e9mocratie isra\u00e9lienne, sur fond de tractations entre le Premier ministre Benjamin Netanyahu et son ex-rival Benny Gantz, en vue d\u2019un gouvernement. Environ 2.000 manifestants \u2013selon les chiffres donn\u00e9s par des m\u00e9dias [&hellip;]<\/p>\n","protected":false},"author":1965,"featured_media":0,"comment_status":"closed","ping_status":"closed","sticky":false,"template":"","format":"standard","meta":{"fifu_image_url":"","fifu_image_alt":"","footnotes":""},"categories":[73,82],"tags":[],"class_list":["post-82881","post","type-post","status-publish","format-standard","hentry","category-actualite","category-cameroun"],"_links":{"self":[{"href":"https:\/\/linitiative.ca\/International\/wp-json\/wp\/v2\/posts\/82881","targetHints":{"allow":["GET"]}}],"collection":[{"href":"https:\/\/linitiative.ca\/International\/wp-json\/wp\/v2\/posts"}],"about":[{"href":"https:\/\/linitiative.ca\/International\/wp-json\/wp\/v2\/types\/post"}],"author":[{"embeddable":true,"href":"https:\/\/linitiative.ca\/International\/wp-json\/wp\/v2\/users\/1965"}],"replies":[{"embeddable":true,"href":"https:\/\/linitiative.ca\/International\/wp-json\/wp\/v2\/comments?post=82881"}],"version-history":[{"count":0,"href":"https:\/\/linitiative.ca\/International\/wp-json\/wp\/v2\/posts\/82881\/revisions"}],"wp:attachment":[{"href":"https:\/\/linitiative.ca\/International\/wp-json\/wp\/v2\/media?parent=82881"}],"wp:term":[{"taxonomy":"category","embeddable":true,"href":"https:\/\/linitiative.ca\/International\/wp-json\/wp\/v2\/categories?post=82881"},{"taxonomy":"post_tag","embeddable":true,"href":"https:\/\/linitiative.ca\/International\/wp-json\/wp\/v2\/tags?post=82881"}],"curies":[{"name":"wp","href":"https:\/\/api.w.org\/{rel}","templated":true}]}}