{"id":82884,"date":"2020-04-20T10:10:22","date_gmt":"2020-04-20T14:10:22","guid":{"rendered":"https:\/\/linitiative.ca\/International\/lapres-covid-19\/"},"modified":"2020-04-20T10:10:22","modified_gmt":"2020-04-20T14:10:22","slug":"lapres-covid-19","status":"publish","type":"post","link":"https:\/\/linitiative.ca\/International\/lapres-covid-19\/","title":{"rendered":"L\u2019apr\u00e8s-Covid-19"},"content":{"rendered":"<p><img decoding=\"async\" class=\"post_layout_5_img\" src=\"http:\/\/aujourdhui.ma\/wp-content\/uploads\/2020\/04\/maba3d-corona.jpg?x29840\" alt=\"L&#x2019;apr&#xE8;s-Covid-19\"\/><\/p>\n<p class=\"c8\"><strong><span class=\"c7\"><span class=\"c4\">Lu dans la plate-forme du RNi :<\/span> <span class=\"c6\"><a class=\"c5\" href=\"http:\/\/maba3d-corona.com\">maba3d-corona.com<\/a><\/span><\/span><\/strong><span id=\"more-342229\"\/><\/p>\n<p><a href=\"http:\/\/aujourdhui.ma\/wp-content\/uploads\/2020\/04\/Omar-Dahbi-Medi1-.jpg?x29840\"><img loading=\"lazy\" decoding=\"async\" class=\" wp-image-342231\" src=\"http:\/\/aujourdhui.ma\/wp-content\/uploads\/2020\/04\/Omar-Dahbi-Medi1-.jpg?x29840\" alt=\"\" width=\"197\" height=\"201\" srcset=\"http:\/\/aujourdhui.ma\/wp-content\/uploads\/2020\/04\/Omar-Dahbi-Medi1-.jpg 373w, http:\/\/aujourdhui.ma\/wp-content\/uploads\/2020\/04\/Omar-Dahbi-Medi1--294x300.jpg 294w\" sizes=\"auto, (max-width: 197px) 100vw, 197px\"\/><\/a><strong><span class=\"c9\">Par Omar Dahbi<\/span><\/strong><\/p>\n<p><span class=\"c9\"><strong>1)<\/strong><\/span> Les liens ind\u00e9fectibles entre le Tr\u00f4ne et le peuple sont la cl\u00e9 de notre force. Face aux crises, les Marocains se sentent entre de tr\u00e8s bonnes mains, renouvellent leur confiance dans leur leader et s\u2019alignent derri\u00e8re lui. Cette extraordinaire capacit\u00e9 de mobilisation derri\u00e8re le Souverain devrait continuer dans un \u00e9lan sans r\u00e9pit pour aller imm\u00e9diatement vers toutes les r\u00e9formes n\u00e9cessaires, capitalisant ainsi sur l\u2019\u00e9lan de patriotisme engendr\u00e9 par la pand\u00e9mie. Il faut d\u00e9politiser les grands chantiers de r\u00e9forme.<\/p>\n<p><span class=\"c9\"><strong>2)<\/strong><\/span> La crise a r\u00e9v\u00e9l\u00e9 la limite de l\u2019impact du discours populiste, et ce, tant \u00e0 l\u2019\u00e9chelle mondiale que nationale. Le discours politique, aujourd\u2019hui, et notamment apr\u00e8s la crise, devrait \u00eatre bas\u00e9 sur le pragmatisme et sur les actions concr\u00e8tes et s\u00e9rieuses. Les citoyens n\u2019accepteront plus l\u2019esbroufe politique, ils voudront du concret, sinc\u00e8re.<\/p>\n<p><span class=\"c9\"><strong>3)<\/strong><\/span> La crise a r\u00e9v\u00e9l\u00e9 que, dans les situations de crise, les grandes puissances se concentrent, d\u2019abord sur leurs propres int\u00e9r\u00eats. Elles ne se pr\u00e9occupent m\u00eame pas de leurs alli\u00e9s proches. L\u2019initiative royale vers certains pays d\u2019Afrique est le pr\u00e9lude d\u2019un nouvel ordre r\u00e9gional hautement strat\u00e9gique que le Souverain pr\u00e9pare d\u2019ores et d\u00e9j\u00e0. La coop\u00e9ration sud-sud devrait c\u00e9der la place \u00e0 une \u00e9tape plus avanc\u00e9e : l\u2019alliance strat\u00e9gique sud-sud.<\/p>\n<p><span class=\"c9\"><strong>4)<\/strong><\/span> La crise engendr\u00e9e par la baisse ses rentr\u00e9es en devises (MRE, exportations, tourisme, etc.) est tellement forte qu\u2019il faudra, entre autres, baisser les importations afin de pr\u00e9server nos r\u00e9serves en devises et, par la m\u00eame occasion, stimuler la consommation pour cr\u00e9er de la richesse en interne. Encourager le tourisme interne par des offres s\u00e9rieuses et accessibles, enclencher le processus d\u00e9marr\u00e9 la veille de la pand\u00e9mie, de stimulation de la cr\u00e9ation d\u2019entreprises pour cr\u00e9er une dynamique locale, encourager l\u2019industrie nationale et la consommation du produit marocain (profiter de la d\u00e9couverte de talents nationaux en la mati\u00e8re).<\/p>\n<p><span class=\"c9\"><strong>5)<\/strong><\/span> L\u2019enseignement est un secteur qui aura besoin d\u2019une attention particuli\u00e8re puisque l\u2019on s\u2019est rendu compte de la n\u00e9cessit\u00e9 de produire de la comp\u00e9tence nationale \u00e0 grande \u00e9chelle. \u00abSous-traiter\u00bb aux instituts \u00e9trangers la pr\u00e9paration d\u2019une \u00e9lite nationale, en nombre insuffisant et dont la majorit\u00e9 reste \u00e0 l\u2019\u00e9tranger, s\u2019est av\u00e9r\u00e9 handicapant. Le Maroc a besoin de stimuler la cr\u00e9ation d\u2019une \u00e9lite locale en plus de celle qui part acqu\u00e9rir d\u2019autres connaissances et comp\u00e9tences \u00e0 l\u2019\u00e9tranger. La r\u00e9forme devrait \u00eatre acc\u00e9l\u00e9r\u00e9e mais avec une vision claire et pragmatique. Il n\u2019y a plus de temps \u00e0 perdre.<\/p>\n<p><span class=\"c9\"><strong>6)<\/strong><\/span> Le pouvoir d\u2019achat des m\u00e9nages sera terriblement affect\u00e9, le ch\u00f4mage en hausse et donc la consommation interne aura du mal \u00e0 servir de levier de croissance face \u00e0 la crise post-corona. Des mesures d\u2019encouragement seraient les bienvenues et l\u2019ing\u00e9niosit\u00e9 fiscale devrait se manifester, enfin, au Maroc. Restitution d\u2019une part de l\u2019IR sur la scolarisation des enfants dans les \u00e9coles priv\u00e9es, baisse de l\u2019IR pour certaines cat\u00e9gories, suppression de l\u2019IR pour autres.<\/p>\n<p><span class=\"c9\"><strong>7)<\/strong><\/span> Les m\u00e9dias se sont r\u00e9v\u00e9l\u00e9s aussi d\u2019une tr\u00e8s haute importance en p\u00e9riode de crise. Ils ont inform\u00e9, sensibilis\u00e9, expliqu\u00e9, alert\u00e9, combattu les fake news, etc.<\/p>\n<p>Mais, ils ont v\u00e9cu une crise in\u00e9dite.La majorit\u00e9 risque de ne pas s\u2019en sortir. Il serait judicieux de proc\u00e9der \u00e0 un plan Marshall en faveur des m\u00e9dias et une politique favorisant les entreprises structur\u00e9es et professionnelles.<\/p>\n<p>Auteur: ALM<br \/>\n<a href=\"http:\/\/aujourdhui.ma\/politique\/lapres-covid-19\">Cliquez ici pour lire l&rsquo;article depuis sa source.<\/a><\/p>\n","protected":false},"excerpt":{"rendered":"<p>Lu dans la plate-forme du RNi : maba3d-corona.com Par Omar Dahbi 1) Les liens ind\u00e9fectibles entre le Tr\u00f4ne et le peuple sont la cl\u00e9 de notre force. Face aux crises, les Marocains se sentent entre de tr\u00e8s bonnes mains, renouvellent leur confiance dans leur leader et s\u2019alignent derri\u00e8re lui. Cette extraordinaire capacit\u00e9 de mobilisation derri\u00e8re [&hellip;]<\/p>\n","protected":false},"author":1759,"featured_media":0,"comment_status":"closed","ping_status":"closed","sticky":false,"template":"","format":"standard","meta":{"fifu_image_url":"","fifu_image_alt":"","footnotes":""},"categories":[73,54],"tags":[],"class_list":["post-82884","post","type-post","status-publish","format-standard","hentry","category-actualite","category-maroc"],"_links":{"self":[{"href":"https:\/\/linitiative.ca\/International\/wp-json\/wp\/v2\/posts\/82884","targetHints":{"allow":["GET"]}}],"collection":[{"href":"https:\/\/linitiative.ca\/International\/wp-json\/wp\/v2\/posts"}],"about":[{"href":"https:\/\/linitiative.ca\/International\/wp-json\/wp\/v2\/types\/post"}],"author":[{"embeddable":true,"href":"https:\/\/linitiative.ca\/International\/wp-json\/wp\/v2\/users\/1759"}],"replies":[{"embeddable":true,"href":"https:\/\/linitiative.ca\/International\/wp-json\/wp\/v2\/comments?post=82884"}],"version-history":[{"count":0,"href":"https:\/\/linitiative.ca\/International\/wp-json\/wp\/v2\/posts\/82884\/revisions"}],"wp:attachment":[{"href":"https:\/\/linitiative.ca\/International\/wp-json\/wp\/v2\/media?parent=82884"}],"wp:term":[{"taxonomy":"category","embeddable":true,"href":"https:\/\/linitiative.ca\/International\/wp-json\/wp\/v2\/categories?post=82884"},{"taxonomy":"post_tag","embeddable":true,"href":"https:\/\/linitiative.ca\/International\/wp-json\/wp\/v2\/tags?post=82884"}],"curies":[{"name":"wp","href":"https:\/\/api.w.org\/{rel}","templated":true}]}}