{"id":82886,"date":"2020-04-20T11:21:21","date_gmt":"2020-04-20T15:21:21","guid":{"rendered":"https:\/\/linitiative.ca\/International\/coronavirus-11-cas-testes-positifs-dans-les-prisons\/"},"modified":"2020-04-20T11:21:21","modified_gmt":"2020-04-20T15:21:21","slug":"coronavirus-11-cas-testes-positifs-dans-les-prisons","status":"publish","type":"post","link":"https:\/\/linitiative.ca\/International\/coronavirus-11-cas-testes-positifs-dans-les-prisons\/","title":{"rendered":"Coronavirus : 11 cas test\u00e9s positifs dans les prisons"},"content":{"rendered":"<p><img decoding=\"async\" class=\"post_layout_5_img\" src=\"http:\/\/aujourdhui.ma\/wp-content\/uploads\/2020\/04\/Coronavirus-Maroc.jpg?x29840\" alt=\"Coronavirus : 11 cas test&#xE9;s positifs dans les prisons\"\/><\/p>\n<p><span class=\"c4\"><strong>Le Maroc s\u2019appr\u00eate \u00e0 franchir la barre des 3.000 cas de contamination<\/strong><\/span><span id=\"more-342234\"\/><\/p>\n<div class=\"base-box mom_box_sc_custom mom_box_sc clear c5\" readability=\"8\">\n<p><strong>Deux d\u00e9tenus sur une population de 80.000 ont \u00e9t\u00e9 infect\u00e9s et 10 fonctionnaires parmi une population de 10.200 employ\u00e9s.<\/strong><\/p>\n<\/div>\n<p>Le minist\u00e8re de la sant\u00e9 a annonc\u00e9 ce lundi 20 avril \u00e0 10 h un nouveau bilan du Covid-19 avec l\u2019apparition de 135 nouveaux cas, portant \u00e0 2.990 le nombre total. Les cas exclus apr\u00e8s des r\u00e9sultats n\u00e9gatifs se sont \u00e9lev\u00e9s \u00e0 12.746. Le Maroc a enregistr\u00e9 deux nouveaux d\u00e9c\u00e8s, ce qui porte le nombre total \u00e0 143. Le nombre de personnes d\u00e9clar\u00e9es gu\u00e9ries s\u2019est \u00e9tabli \u00e0 340 avec 13 nouvelles r\u00e9missions.<\/p>\n<p>Les 2.990 cas test\u00e9s positifs ont \u00e9t\u00e9 recens\u00e9s dans les r\u00e9gions de Casa-Settat (840), Marrakech-Safi (739), F\u00e8s-Mekn\u00e8s (448 ), Tanger-T\u00e9touan-Al Hoceima (335), Rabat-Sal\u00e9-K\u00e9nitra (273), l\u2019Oriental (155 ), Dar\u00e2a-Tafilalet, (86), Beni Mellal-Kh\u00e9nifra (60), Souss-Massa (47), La\u00e2youne-Sakia El Hamra (4), Dakhla-Oued Dahhab (2) et Guelmim-Oued Noun (1).<\/p>\n<p>Le ministre de la sant\u00e9, Khalid Ait Taleb, a d\u00e9clar\u00e9 dimanche lors du point de presse sur la situation \u00e9pid\u00e9miologique du coronavirus que les mesures proactives prises ont permis d\u2019\u00e9viter le pire et de maintenir la situation sous contr\u00f4le. Il a mis en garde contre tout rel\u00e2chement dans le respect des mesures de l\u2019\u00e9tat d\u2019urgence et a appel\u00e9 \u00e0 tout faire pour capitaliser sur les r\u00e9sultats obtenus jusqu\u2019ici qu\u2019il a qualifi\u00e9s de \u00absatisfaisants\u00bb.<\/p>\n<p><span class=\"c6\"><strong>Le Covid-19 atteint les prisons marocaines<\/strong><\/span><\/p>\n<p>La D\u00e9l\u00e9gation g\u00e9n\u00e9rale \u00e0 l\u2019administration p\u00e9nitentiaire et \u00e0 la r\u00e9insertion (DGAPR) a confirm\u00e9 le dimanche 19 avril que 11 personnes ont \u00e9t\u00e9 test\u00e9es positives au coronavirus. Il s\u2019agit de neuf fonctionnaires et de deux d\u00e9tenus. La D\u00e9l\u00e9gation fait remarquer que deux d\u00e9tenus sur une population de 80.000 ont \u00e9t\u00e9 infect\u00e9s et 10 fonctionnaires parmi une population de 10.200 employ\u00e9s.<\/p>\n<p>Dans le d\u00e9tail, il s\u2019agit de trois fonctionnaires dans la prison d\u2019Oudaya \u00e0 Marrakech, quatre fonctionnaires au sein de la prison locale de Ksar K\u00e9bir, deux d\u00e9tenus dans le m\u00eame \u00e9tablissement. Deux autres cas ont \u00e9t\u00e9 enregistr\u00e9s \u00e0 Ouarzazate, \u00e0 savoir le directeur de la prison et un employ\u00e9.<\/p>\n<p>Les fonctionnaires infect\u00e9s ont \u00e9t\u00e9 soumis au protocole de traitement adopt\u00e9 par les autorit\u00e9s sanitaires, tandis que les autres ont \u00e9t\u00e9 mis en quarantaine \u00e0 leurs domiciles. La D\u00e9l\u00e9gation signale que d\u00e8s la d\u00e9couverte des premiers cas de contamination, celle-ci a durci les mesures de pr\u00e9caution pour prot\u00e9ger la population carc\u00e9rale.<\/p>\n<p>Ces mesures reposent essentiellement sur la st\u00e9rilisation p\u00e9riodique compl\u00e8te de toutes les d\u00e9pendances des \u00e9tablissements par des entreprises sp\u00e9cialis\u00e9es et la distribution du nombre suffisant de masques de protection aux fonctionnaires, au personnel des entreprises d\u2019alimentation, ainsi qu\u2019aux d\u00e9tenus. Les fonctionnaires des \u00e9tablissements p\u00e9nitentiaires ont \u00e9galement \u00e9t\u00e9 dot\u00e9s de v\u00eatements de protection.<\/p>\n<p>Rappelons que SM le Roi Mohammed VI avait accord\u00e9 sa gr\u00e2ce au profit de 5.654 d\u00e9tenus et ordonn\u00e9 de prendre toutes les mesures n\u00e9cessaires pour renforcer la protection des d\u00e9tenus au sein des \u00e9tablissements p\u00e9nitentiaires contre la propagation de l\u2019\u00e9pid\u00e9mie du coronavirus.<\/p>\n<p><a href=\"http:\/\/aujourdhui.ma\/wp-content\/uploads\/2020\/04\/Khaled-El-Talbi-Coronavirus.jpg?x29840\"><img loading=\"lazy\" decoding=\"async\" class=\"size-full wp-image-342240 aligncenter\" src=\"http:\/\/aujourdhui.ma\/wp-content\/uploads\/2020\/04\/Khaled-El-Talbi-Coronavirus.jpg?x29840\" alt=\"\" width=\"746\" height=\"380\" srcset=\"http:\/\/aujourdhui.ma\/wp-content\/uploads\/2020\/04\/Khaled-El-Talbi-Coronavirus.jpg 746w, http:\/\/aujourdhui.ma\/wp-content\/uploads\/2020\/04\/Khaled-El-Talbi-Coronavirus-300x153.jpg 300w\" sizes=\"auto, (max-width: 746px) 100vw, 746px\"\/><\/a><\/p>\n<p><span class=\"c6\"><strong>La fabrication des masques en tissu non tiss\u00e9 soumise \u00e0 l\u2019obligation normative<\/strong><\/span><\/p>\n<p>La fabrication des masques de protection en tissu non tiss\u00e9 est d\u00e9sormais soumise \u00e0 l\u2019obligation de respecter les sp\u00e9cificit\u00e9s techniques dict\u00e9es par la norme marocaine NM ST 21.5.200. C\u2019est ce qu\u2019a annonc\u00e9 le ministre de l\u2019industrie, du commerce, de l\u2019\u00e9conomie verte et num\u00e9rique dans un communiqu\u00e9.<\/p>\n<p>Cette obligation normative est entr\u00e9e en vigueur suite \u00e0 la publication de l\u2019arr\u00eat\u00e9 n\u00b01060-20 du 8 avril 2020 du ministre qui appelle les fabricants et les distributeurs des masques de protection en tissu non tiss\u00e9 \u00e0 usage non m\u00e9dical \u00e0 se conformer aux caract\u00e9ristiques techniques d\u00e9finies par le document normatif y aff\u00e9rent. Cet arr\u00eat\u00e9 rel\u00e8ve d\u2019un r\u00e9f\u00e9rentiel obligatoire pour les fabricants et distributeurs des masques de protection subventionn\u00e9s par le Fonds Covid-19.<\/p>\n<p>Il constitue une base garantissant la tra\u00e7abilit\u00e9 du produit et permettant au minist\u00e8re de mener des contr\u00f4les r\u00e9guliers en vue de s\u2019assurer de la conformit\u00e9 des masques aux exigences r\u00e9glementaires. Ainsi, toute non-conformit\u00e9 est sanctionn\u00e9e par un PV et une poursuite judiciaire \u00e0 l\u2019encontre des contrevenants.<\/p>\n<p>En vertu de la nouvelle r\u00e9glementation, les masques doivent notamment \u00eatre fabriqu\u00e9s \u00e0 partir d\u2019un polypropyl\u00e8ne vierge et compos\u00e9s de trois couches filtrables superpos\u00e9es en tissu non tiss\u00e9 assurant la couverture du nez, de la bouche et du menton de l\u2019utilisateur. Il est exig\u00e9, entre autres, que les parties du masque susceptibles d\u2019entrer en contact avec la peau du porteur soient exemptes d\u2019ar\u00eates vives et de bavures et de ne pas pr\u00e9senter de risques connus d\u2019irritations ou d\u2019effets ind\u00e9sirables pour la sant\u00e9. Le tissu de fabrication doit \u00eatre ainsi exempt de m\u00e9taux lourds, assurant la respirabilit\u00e9 et \u00e9vitant toute irritation ou allergie \u00e0 l\u2019utilisateur.<\/p>\n<p>Enfin, le minist\u00e8re rappelle que les masques mis en vente au public doivent \u00eatre conditionn\u00e9s dans des emballages de 10 unit\u00e9s et ne doivent aucunement \u00eatre vendus \u00e0 l\u2019unit\u00e9 ou dans des emballages ouverts. Ces masques doivent \u00eatre certifi\u00e9s et porter les \u00e9l\u00e9ments d\u2019identification du fabricant et la mention \u00abce produit n\u2019est pas class\u00e9 comme dispositif m\u00e9dical\u00bb. A usage unique et non r\u00e9utilisables, ces masques ne doivent pas \u00eatre port\u00e9s plus de 4 heures.<\/p>\n<p>Auteur: Laila Zerrour<br \/>\n<a href=\"http:\/\/aujourdhui.ma\/societe\/coronavirus-11-cas-testes-positifs-dans-les-prisons\">Cliquez ici pour lire l&rsquo;article depuis sa source.<\/a><\/p>\n","protected":false},"excerpt":{"rendered":"<p>Le Maroc s\u2019appr\u00eate \u00e0 franchir la barre des 3.000 cas de contamination Deux d\u00e9tenus sur une population de 80.000 ont \u00e9t\u00e9 infect\u00e9s et 10 fonctionnaires parmi une population de 10.200 employ\u00e9s. Le minist\u00e8re de la sant\u00e9 a annonc\u00e9 ce lundi 20 avril \u00e0 10 h un nouveau bilan du Covid-19 avec l\u2019apparition de 135 nouveaux [&hellip;]<\/p>\n","protected":false},"author":1759,"featured_media":0,"comment_status":"closed","ping_status":"closed","sticky":false,"template":"","format":"standard","meta":{"fifu_image_url":"","fifu_image_alt":"","footnotes":""},"categories":[73,54],"tags":[],"class_list":["post-82886","post","type-post","status-publish","format-standard","hentry","category-actualite","category-maroc"],"_links":{"self":[{"href":"https:\/\/linitiative.ca\/International\/wp-json\/wp\/v2\/posts\/82886","targetHints":{"allow":["GET"]}}],"collection":[{"href":"https:\/\/linitiative.ca\/International\/wp-json\/wp\/v2\/posts"}],"about":[{"href":"https:\/\/linitiative.ca\/International\/wp-json\/wp\/v2\/types\/post"}],"author":[{"embeddable":true,"href":"https:\/\/linitiative.ca\/International\/wp-json\/wp\/v2\/users\/1759"}],"replies":[{"embeddable":true,"href":"https:\/\/linitiative.ca\/International\/wp-json\/wp\/v2\/comments?post=82886"}],"version-history":[{"count":0,"href":"https:\/\/linitiative.ca\/International\/wp-json\/wp\/v2\/posts\/82886\/revisions"}],"wp:attachment":[{"href":"https:\/\/linitiative.ca\/International\/wp-json\/wp\/v2\/media?parent=82886"}],"wp:term":[{"taxonomy":"category","embeddable":true,"href":"https:\/\/linitiative.ca\/International\/wp-json\/wp\/v2\/categories?post=82886"},{"taxonomy":"post_tag","embeddable":true,"href":"https:\/\/linitiative.ca\/International\/wp-json\/wp\/v2\/tags?post=82886"}],"curies":[{"name":"wp","href":"https:\/\/api.w.org\/{rel}","templated":true}]}}