{"id":82892,"date":"2020-04-20T08:20:05","date_gmt":"2020-04-20T12:20:05","guid":{"rendered":"https:\/\/linitiative.ca\/International\/prerogatives-du-csm-lamt-accuse-le-ministere-de-la-justice-dingerence\/"},"modified":"2020-04-20T08:20:05","modified_gmt":"2020-04-20T12:20:05","slug":"prerogatives-du-csm-lamt-accuse-le-ministere-de-la-justice-dingerence","status":"publish","type":"post","link":"https:\/\/linitiative.ca\/International\/prerogatives-du-csm-lamt-accuse-le-ministere-de-la-justice-dingerence\/","title":{"rendered":"Pr\u00e9rogatives du CSM : L\u2019AMT accuse le minist\u00e8re de la Justice d\u2019ing\u00e9rence"},"content":{"rendered":"<p>L\u2019Association des Magistrats tunisiens (AMT) s\u2019est dit \u00e9tonn\u00e9e de la publication par le minist\u00e8re de la Justice d\u2019une note sur la marche du service judiciaire et la tenue des audiences. Une note qui prend la forme de directives adress\u00e9es aux responsables des tribunaux, s\u2019indigne l\u2019association qui accuse le minist\u00e8re de tutelle d\u2019empi\u00e9ter sur les pr\u00e9rogatives du Conseil Sup\u00e9rieur de la Magistrature (CSM).<\/p>\n<p>Dans une d\u00e9claration publi\u00e9e par son bureau ex\u00e9cutif, l\u2019AMT pr\u00e9cise que la Constitution garantit le principe de s\u00e9paration des pouvoirs et l\u2019ind\u00e9pendance de la Justice.<\/p>\n<p>Et d\u2019ajouter que le CSM est la partie habilit\u00e9e \u00e0 garantir le bon fonctionnement du service judiciaire et \u00e0 d\u00e9fendre son ind\u00e9pendance en ces circonstances exceptionnelles, et ce, conform\u00e9ment \u00e0 la Constitution.<\/p>\n<p>L\u2019AMT estime, dans sa d\u00e9claration, que l\u2019ing\u00e9rence sans pr\u00e9c\u00e9dent du minist\u00e8re de tutelle dans le travail du CSM qui constitue une instance constitutionnelle est de nature \u00e0 d\u00e9stabiliser le service judiciaire en cette p\u00e9riode d\u00e9licate qui demande davantage de coop\u00e9ration et de coordination entre les diff\u00e9rentes structures de l\u2019Etat dans le respect de la constitution.<\/p>\n<p>L\u2019association dit approuver, dans ce sens, la note publi\u00e9e par le conseil de l\u2019ordre judiciaire qui appelle que les magistrats \u00e0 se conformer aux seules notes \u00e9mises par le CSM.<\/p>\n<p>L\u2019association appelle le CSM \u00e0 veiller au suivi de l\u2019ex\u00e9cution des notes qu\u2019il \u00e9met dans toutes les juridictions et \u00e0 identifier les difficult\u00e9s rencontr\u00e9es ainsi que les r\u00e9els besoins des tribunaux sur tout le territoire.<\/p>\n<div class=\"wp-post-author-wrap wp-post-author-shortcode left\">\n<h3 class=\"awpa-title\"\/>\n<div class=\"wp-post-author\">\n<div class=\"awpa-img awpa-author-block square\"><a href=\"http:\/\/lexpertjournal.net\/fr\/?author=5\"><img loading=\"lazy\" decoding=\"async\" alt=\"\" src=\"http:\/\/0.gravatar.com\/avatar\/97f8e10a1c1125ba104a76514ee07b16?s=150&amp;d=mm&amp;r=g\" srcset=\"http:\/\/0.gravatar.com\/avatar\/97f8e10a1c1125ba104a76514ee07b16?s=300&amp;d=mm&amp;r=g 2x\" class=\"avatar avatar-150 photo\" height=\"150\" width=\"150\"\/><\/a><\/div>\n<\/div>\n<\/div>\n<aside class=\"mashsb-container mashsb-main mashsb-stretched\">\n<\/aside>\n<p>Auteur: L&rsquo;expert<br \/>\n<a href=\"http:\/\/lexpertjournal.net\/fr\/?p=14114\">Cliquez ici pour lire l&rsquo;article depuis sa source.<\/a><\/p>\n","protected":false},"excerpt":{"rendered":"<p>L\u2019Association des Magistrats tunisiens (AMT) s\u2019est dit \u00e9tonn\u00e9e de la publication par le minist\u00e8re de la Justice d\u2019une note sur la marche du service judiciaire et la tenue des audiences. Une note qui prend la forme de directives adress\u00e9es aux responsables des tribunaux, s\u2019indigne l\u2019association qui accuse le minist\u00e8re de tutelle d\u2019empi\u00e9ter sur les pr\u00e9rogatives [&hellip;]<\/p>\n","protected":false},"author":1775,"featured_media":0,"comment_status":"closed","ping_status":"closed","sticky":false,"template":"","format":"standard","meta":{"fifu_image_url":"","fifu_image_alt":"","footnotes":""},"categories":[78,55],"tags":[],"class_list":["post-82892","post","type-post","status-publish","format-standard","hentry","category-economie","category-tunisie"],"_links":{"self":[{"href":"https:\/\/linitiative.ca\/International\/wp-json\/wp\/v2\/posts\/82892","targetHints":{"allow":["GET"]}}],"collection":[{"href":"https:\/\/linitiative.ca\/International\/wp-json\/wp\/v2\/posts"}],"about":[{"href":"https:\/\/linitiative.ca\/International\/wp-json\/wp\/v2\/types\/post"}],"author":[{"embeddable":true,"href":"https:\/\/linitiative.ca\/International\/wp-json\/wp\/v2\/users\/1775"}],"replies":[{"embeddable":true,"href":"https:\/\/linitiative.ca\/International\/wp-json\/wp\/v2\/comments?post=82892"}],"version-history":[{"count":0,"href":"https:\/\/linitiative.ca\/International\/wp-json\/wp\/v2\/posts\/82892\/revisions"}],"wp:attachment":[{"href":"https:\/\/linitiative.ca\/International\/wp-json\/wp\/v2\/media?parent=82892"}],"wp:term":[{"taxonomy":"category","embeddable":true,"href":"https:\/\/linitiative.ca\/International\/wp-json\/wp\/v2\/categories?post=82892"},{"taxonomy":"post_tag","embeddable":true,"href":"https:\/\/linitiative.ca\/International\/wp-json\/wp\/v2\/tags?post=82892"}],"curies":[{"name":"wp","href":"https:\/\/api.w.org\/{rel}","templated":true}]}}