{"id":82895,"date":"2020-04-20T08:27:09","date_gmt":"2020-04-20T12:27:09","guid":{"rendered":"https:\/\/linitiative.ca\/International\/la-tendance-baissiere-saccelere-la-bourse-de-tunis-a-lepreuve-du-covid-19\/"},"modified":"2020-04-20T08:27:09","modified_gmt":"2020-04-20T12:27:09","slug":"la-tendance-baissiere-saccelere-la-bourse-de-tunis-a-lepreuve-du-covid-19","status":"publish","type":"post","link":"https:\/\/linitiative.ca\/International\/la-tendance-baissiere-saccelere-la-bourse-de-tunis-a-lepreuve-du-covid-19\/","title":{"rendered":"La tendance baissi\u00e8re s\u2019acc\u00e9l\u00e8re :La Bourse de Tunis \u00e0 l\u2019\u00e9preuve du Covid-19"},"content":{"rendered":"<p>La pand\u00e9mie mondiale du Covid-19, et notamment les mesures in\u00e9dites prises par le gouvernement tunisien pour l\u2019endiguer, ont cr\u00e9\u00e9 une tendance fortement baissi\u00e8re du Tunindex, qui s\u2019est acc\u00e9l\u00e9r\u00e9e (tendance) suite au passage au 2\u00e8me niveau du plan de lutte et la fermeture des fronti\u00e8res maritimes (13 mars 2020), a d\u00e9clar\u00e9 \u00e0 TAP Moez Hadidane, conseiller en investissement et g\u00e9rant-fondateur de Tera Finances (bureau de conseil).<\/p>\n<p>En l\u2019espace de trois jours (13 ,16 et 17 mars 2020), le Tunindex a perdu 10,2%, chutant de 15,11% entre le 2 et le 17 mars 2020, a rappel\u00e9 l\u2019analyste, ajoutant que \u00bb sur l\u2019ensemble du premier trimestre 2020, l\u2019indice de la bourse de Tunis a enregistr\u00e9 une baisse de -8,97% et l\u2019indice des valeurs bancaires s\u2019est affaiss\u00e9 quant \u00e0 lui de 9,76%.<\/p>\n<p><strong>Une baisse qui concerne tous les secteurs<\/strong><\/p>\n<p>Dans un premier temps, cette tendance baissi\u00e8re a \u00e9t\u00e9 g\u00e9n\u00e9rale et n\u2019a \u00e9pargn\u00e9 aucun secteur de la cote. Naturellement, on retrouve plus particuli\u00e8rement les banques qui repr\u00e9sentent 41,4% de la capitalisation totale de la bourse de Tunis et 52,6% du Tunindex, a indiqu\u00e9 le conseiller en investissement.<\/p>\n<p>Pour cet analyste, il est tout \u00e0 fait raisonnable que les cours des actions bancaires chutent en raison du Covid-19 et sur fonds de changements d\u00e9favorables des anticipations des investisseurs sur les r\u00e9sultats de l\u2019ann\u00e9e 2020.<\/p>\n<p>Et de poursuivre que le march\u00e9 boursier a replong\u00e9 de nouveau dans le rouge suite \u00e0 l\u2019appel de la BCT aux banques (note aux banques et aux \u00e9tablissements financiers n\u00b0 : 2020-17 du 1er avril 2020) de suspendre toute mesure de distribution de dividendes au titre de l\u2019exercice 2019 et \u00e0 s\u2019abstenir d\u2019effectuer toute op\u00e9ration de rachat de leurs propres actions.<\/p>\n<p>\u00bb Les dividendes qui reviennent aux actionnaires minoritaires, constituent des revenus attendus par les investisseurs \u00ab , a expliqu\u00e9 Hadidane, pr\u00e9cisant que pour certaines personnes physiques, ces dividendes sont leurs seuls revenus.<\/p>\n<p>Qualifiant la r\u00e9action du march\u00e9 boursier \u00e0 l\u2019annonce de cette mesure pr\u00e9ventive de \u00bb compr\u00e9hensible \u00ab , l\u2019analyste estime toutefois qu\u2019elle reste excessive, d\u2019autant plus que l\u2019indice des valeurs bancaires a plong\u00e9 de -2,86% le 2 avril 2020 et de -1,94% le 3 avril.<\/p>\n<p>\u00bb T\u00f4t ou tard, les banques vont distribuer ces dividendes qui sont int\u00e9gr\u00e9s dans les cours, mais tout d\u00e9pend de la vision de l\u2019investisseur, a-t-il encore affirm\u00e9.<\/p>\n<p><strong>Mesures incitatives<\/strong><\/p>\n<p>Les autorit\u00e9s de r\u00e9gulation du march\u00e9 boursier et financier doivent adopter des mesures incitatives pour ne pas tomber dans une situation de chaos, soit une d\u00e9prime durable et intense de la bourse en raison de la propagation du Covid-19, a estim\u00e9 Hadidane.<\/p>\n<p>Au niveau fiscal, l\u2019analyste recommande au gouvernement de proposer une d\u00e9duction de la base imposable des personnes physiques et morales, sur tout investissement en bourse r\u00e9alis\u00e9 sur les actions durant la p\u00e9riode, allant du 15 avril 2020 jusqu\u2019\u00e0 la fin de l\u2019ann\u00e9e, \u00e0 condition de non-cession pendant deux ans.<\/p>\n<p>Le gouvernement peut \u00e9galement exon\u00e9rer les dividendes qui seront distribu\u00e9es en 2020 de l\u2019imp\u00f4t sur le revenu, c\u2019est-\u00e0-dire pas de retenue \u00e0 la source de 10%, a indiqu\u00e9 l\u2019analyste.<\/p>\n<p>Il propose, \u00e9galement, de cr\u00e9er, \u00e0 partir de 2021, des comptes \u00e9pargnes en action entreprises avec un plafond de d\u00e9duction de 1 million de dinars, sous r\u00e9serve du minimum d\u2019imp\u00f4t sur les soci\u00e9t\u00e9s, outre la cr\u00e9ation de plans Epargnes Salari\u00e9s, qui viendront renforcer les pensions de retraites, une fois le salari\u00e9 atteint l\u2019\u00e2ge de 60 ans.<\/p>\n<p>Concr\u00e8tement, il s\u2019agit d\u2019accorder aux salari\u00e9s la possibilit\u00e9 (option) de d\u00e9duire toute prime accord\u00e9e par l\u2019employeur (cot\u00e9 en bourse) si elle est allou\u00e9e \u00e0 l\u2019achat en bourse d\u2019actions de la soci\u00e9t\u00e9 dans laquelle il est employ\u00e9, avec condition de non-cession jusqu\u2019\u00e0 l\u2019\u00e2ge de retraite, a-t-il encore pr\u00e9cis\u00e9.<\/p>\n<p>Et d\u2019ajouter qu\u2019une telle mesure permettra de cibler trois objectifs en m\u00eame temps; \u00e0 savoir renforcer le lien employ\u00e9\/entreprise, puisqu\u2019il devient actionnaire, pr\u00e9parer un compl\u00e9ment de retraite et encourager les achats en bourse.<\/p>\n<div class=\"wp-post-author-wrap wp-post-author-shortcode left\">\n<h3 class=\"awpa-title\"\/>\n<div class=\"wp-post-author\">\n<div class=\"awpa-img awpa-author-block square\"><a href=\"http:\/\/lexpertjournal.net\/fr\/?author=5\"><img loading=\"lazy\" decoding=\"async\" alt=\"\" src=\"http:\/\/0.gravatar.com\/avatar\/97f8e10a1c1125ba104a76514ee07b16?s=150&amp;d=mm&amp;r=g\" srcset=\"http:\/\/0.gravatar.com\/avatar\/97f8e10a1c1125ba104a76514ee07b16?s=300&amp;d=mm&amp;r=g 2x\" class=\"avatar avatar-150 photo\" height=\"150\" width=\"150\"\/><\/a><\/div>\n<\/div>\n<\/div>\n<aside class=\"mashsb-container mashsb-main mashsb-stretched\">\n<\/aside>\n<p>Auteur: L&rsquo;expert<br \/>\n<a href=\"http:\/\/lexpertjournal.net\/fr\/?p=14121\">Cliquez ici pour lire l&rsquo;article depuis sa source.<\/a><\/p>\n","protected":false},"excerpt":{"rendered":"<p>La pand\u00e9mie mondiale du Covid-19, et notamment les mesures in\u00e9dites prises par le gouvernement tunisien pour l\u2019endiguer, ont cr\u00e9\u00e9 une tendance fortement baissi\u00e8re du Tunindex, qui s\u2019est acc\u00e9l\u00e9r\u00e9e (tendance) suite au passage au 2\u00e8me niveau du plan de lutte et la fermeture des fronti\u00e8res maritimes (13 mars 2020), a d\u00e9clar\u00e9 \u00e0 TAP Moez Hadidane, conseiller [&hellip;]<\/p>\n","protected":false},"author":1775,"featured_media":0,"comment_status":"closed","ping_status":"closed","sticky":false,"template":"","format":"standard","meta":{"fifu_image_url":"","fifu_image_alt":"","footnotes":""},"categories":[78,55],"tags":[],"class_list":["post-82895","post","type-post","status-publish","format-standard","hentry","category-economie","category-tunisie"],"_links":{"self":[{"href":"https:\/\/linitiative.ca\/International\/wp-json\/wp\/v2\/posts\/82895","targetHints":{"allow":["GET"]}}],"collection":[{"href":"https:\/\/linitiative.ca\/International\/wp-json\/wp\/v2\/posts"}],"about":[{"href":"https:\/\/linitiative.ca\/International\/wp-json\/wp\/v2\/types\/post"}],"author":[{"embeddable":true,"href":"https:\/\/linitiative.ca\/International\/wp-json\/wp\/v2\/users\/1775"}],"replies":[{"embeddable":true,"href":"https:\/\/linitiative.ca\/International\/wp-json\/wp\/v2\/comments?post=82895"}],"version-history":[{"count":0,"href":"https:\/\/linitiative.ca\/International\/wp-json\/wp\/v2\/posts\/82895\/revisions"}],"wp:attachment":[{"href":"https:\/\/linitiative.ca\/International\/wp-json\/wp\/v2\/media?parent=82895"}],"wp:term":[{"taxonomy":"category","embeddable":true,"href":"https:\/\/linitiative.ca\/International\/wp-json\/wp\/v2\/categories?post=82895"},{"taxonomy":"post_tag","embeddable":true,"href":"https:\/\/linitiative.ca\/International\/wp-json\/wp\/v2\/tags?post=82895"}],"curies":[{"name":"wp","href":"https:\/\/api.w.org\/{rel}","templated":true}]}}