{"id":82899,"date":"2020-04-20T13:01:48","date_gmt":"2020-04-20T17:01:48","guid":{"rendered":"https:\/\/linitiative.ca\/International\/constantine-cheikh-kaddour-darsouni-inhume-au-cimetiere-de-zouaghi\/"},"modified":"2020-04-20T13:01:48","modified_gmt":"2020-04-20T17:01:48","slug":"constantine-cheikh-kaddour-darsouni-inhume-au-cimetiere-de-zouaghi","status":"publish","type":"post","link":"https:\/\/linitiative.ca\/International\/constantine-cheikh-kaddour-darsouni-inhume-au-cimetiere-de-zouaghi\/","title":{"rendered":"Constantine : Cheikh Kaddour Darsouni inhum\u00e9 au cimeti\u00e8re de Zouaghi"},"content":{"rendered":"<div readability=\"38\">\n<p><strong>CONSTANTINE- Le Cheikh du malouf, Kaddour Darsouni, d\u00e9c\u00e9d\u00e9 lundi \u00e0 l\u2019\u00e2ge de 93 ans, a \u00e9t\u00e9 inhum\u00e9 dans l&rsquo;apr\u00e8s-midi au cimeti\u00e8re de la cit\u00e9 Zouaghi \u00e0 Constantine en pr\u00e9sence des membres de sa famille, d&rsquo;artistes et d\u2019autorit\u00e9s locales.<\/strong><\/p>\n<\/div>\n<div readability=\"83.9145088368\">\n<p>Dans une atmosph\u00e8re sobre empreinte d&rsquo;\u00e9motion, des chanteurs et admirateurs ont tenu \u00e0 accompagner le cheikh \u00e0 sa derni\u00e8re demeure.<\/p>\n<p>Des chanteurs du malouf constantinois repr\u00e9sentant plusieurs g\u00e9n\u00e9rations, \u00e9l\u00e8ves pour la plupart du Cheikh, ont tenu \u00e0 rendre un hommage \u00e0 la m\u00e9moire d&rsquo;un des piliers de la musique savante \u00e0 l\u2019antique Cirta.<\/p>\n<blockquote readability=\"7\">\n<p><em><strong>Le chanteur Abbas Righi a confi\u00e9 \u00e0 l\u2019APS, regretter la perte d&rsquo;un \u00ab\u00a0monument de la chanson constantinoise et \u00e9galement alg\u00e9rienne au parcours tr\u00e8s riche\u00a0\u00bb.<\/strong><\/em><\/p>\n<\/blockquote>\n<p>\u00ab\u00a0Cheikh Darsouni a form\u00e9 depuis 1950, quatre g\u00e9n\u00e9rations de chanteurs de malouf et \u00e9tait le professeur, le p\u00e9dagogue et l\u2019ami. Il m\u2019a appris les fondements de base de la musique malouf et 80% des chanteurs de ce genre musical ont \u00e9t\u00e9 form\u00e9s par le Cheikh\u00a0\u00bb, a-t-il relev\u00e9.<\/p>\n<hr\/>\n<h3 class=\"catItemTitle\">Lire aussi:\u00a0<a href=\"https:\/\/41.110.185.2\/proxy\/7f585269\/http\/www.aps.dz\/culture\/104210-constantine-deces-du-cheikh-du-malouf-kaddour-darsouni\">Constantine : D\u00e9c\u00e8s du Cheikh du malouf, Kaddour Darsouni<\/a><\/h3>\n<hr\/>\n<p>Pour sa part, le chanteur Salim Fergani regrette la disparition \u2018\u2019du dernier Cheikh du malouf\u2019\u2019.<\/p>\n<p>\u00ab\u00a0\u2019En 1968, j\u2019avais int\u00e9gr\u00e9 l\u2019orchestre pilote du malouf. J\u2019\u00e9tais le plus jeune membre et Cheikh Darsouni m\u2019avait vite adopt\u00e9 et mis au devant de la sc\u00e8ne m\u2019encourageant m\u00eame \u00e0 interpr\u00e9ter des istikhbar devant des monuments de la musique arabo-andalouse. Il avait cette facult\u00e9 d\u2019entretenir les talents\u00a0\u00bb.<\/p>\n<p>Kamel Bouda, un autre chanteur de malouf, se rappelle d&rsquo;un artiste \u00ab\u00a0discret\u00a0\u00bb et \u00ab\u00a0humble\u00a0\u00bb qui a servi la culture et mettait un point d\u2019honneur \u00e0 pr\u00e9server la m\u00e9moire musicale de la ville de Constantine.<\/p>\n<p>Le chanteur Chemseddine Djebassi, se souvient d&rsquo;un artiste \u00ab\u00a0encyclop\u00e9die\u00a0\u00bb de la musique savante, transmetteur d\u2019un legs culturel et qui a marqu\u00e9 de son empreinte la sc\u00e8ne musicale alg\u00e9rienne.<\/p>\n<blockquote readability=\"7\">\n<p><em><strong>Natif de Constantine en janvier 1927, Kaddour Darsouni de son vrai nom Mohamed \u00e9tait aussi surnomm\u00e9 \u00ab\u00a0le dernier des Mohicans\u00a0\u00bb.<\/strong><\/em><\/p>\n<\/blockquote>\n<p>Luthiste, fl\u00fbtiste et chanteur, Cheikh Darsouni, issu d\u2019une famille de musiciens avait consacr\u00e9 le plus clair de sa vie \u00e0 l\u2019enseignement de la musique savante au sein du Conservatoire municipal, avant de cr\u00e9er en 1995 l&rsquo;association des \u00e9l\u00e8ves du Conservatoire du malouf de Constantine.<\/p>\n<p>Transmetteur par excellence de la nouba andalouse, Cheikh Darsouni \u00e9tait l\u2019auteur d&rsquo;un inestimable recueil de po\u00e8mes de la musique arabo-andalouse et avait accompagn\u00e9, une vie durant feu Mohamed Tahar Fergani en dirigeant son orchestre et en participant \u00e0 des centaines d\u2019enregistrements.<\/p>\n<\/div>\n<p>Auteur:<br \/>\n<a href=\"http:\/\/www.aps.dz\/culture\/104230-constantine-cheikh-kaddour-darsouni-inhume-au-cimetiere-de-zouaghi\">Cliquez ici pour lire l&rsquo;article depuis sa source.<\/a><\/p>\n","protected":false},"excerpt":{"rendered":"<p>CONSTANTINE- Le Cheikh du malouf, Kaddour Darsouni, d\u00e9c\u00e9d\u00e9 lundi \u00e0 l\u2019\u00e2ge de 93 ans, a \u00e9t\u00e9 inhum\u00e9 dans l&rsquo;apr\u00e8s-midi au cimeti\u00e8re de la cit\u00e9 Zouaghi \u00e0 Constantine en pr\u00e9sence des membres de sa famille, d&rsquo;artistes et d\u2019autorit\u00e9s locales. Dans une atmosph\u00e8re sobre empreinte d&rsquo;\u00e9motion, des chanteurs et admirateurs ont tenu \u00e0 accompagner le cheikh \u00e0 [&hellip;]<\/p>\n","protected":false},"author":1790,"featured_media":0,"comment_status":"closed","ping_status":"closed","sticky":false,"template":"","format":"standard","meta":{"fifu_image_url":"","fifu_image_alt":"","footnotes":""},"categories":[53,79],"tags":[],"class_list":["post-82899","post","type-post","status-publish","format-standard","hentry","category-algerie","category-culture"],"_links":{"self":[{"href":"https:\/\/linitiative.ca\/International\/wp-json\/wp\/v2\/posts\/82899","targetHints":{"allow":["GET"]}}],"collection":[{"href":"https:\/\/linitiative.ca\/International\/wp-json\/wp\/v2\/posts"}],"about":[{"href":"https:\/\/linitiative.ca\/International\/wp-json\/wp\/v2\/types\/post"}],"author":[{"embeddable":true,"href":"https:\/\/linitiative.ca\/International\/wp-json\/wp\/v2\/users\/1790"}],"replies":[{"embeddable":true,"href":"https:\/\/linitiative.ca\/International\/wp-json\/wp\/v2\/comments?post=82899"}],"version-history":[{"count":0,"href":"https:\/\/linitiative.ca\/International\/wp-json\/wp\/v2\/posts\/82899\/revisions"}],"wp:attachment":[{"href":"https:\/\/linitiative.ca\/International\/wp-json\/wp\/v2\/media?parent=82899"}],"wp:term":[{"taxonomy":"category","embeddable":true,"href":"https:\/\/linitiative.ca\/International\/wp-json\/wp\/v2\/categories?post=82899"},{"taxonomy":"post_tag","embeddable":true,"href":"https:\/\/linitiative.ca\/International\/wp-json\/wp\/v2\/tags?post=82899"}],"curies":[{"name":"wp","href":"https:\/\/api.w.org\/{rel}","templated":true}]}}