{"id":82902,"date":"2020-04-20T11:37:00","date_gmt":"2020-04-20T15:37:00","guid":{"rendered":"https:\/\/linitiative.ca\/International\/chafik-mesbah-a-la-tete-dune-instance-de-cooperation-internationale\/"},"modified":"2020-04-20T11:37:00","modified_gmt":"2020-04-20T15:37:00","slug":"chafik-mesbah-a-la-tete-dune-instance-de-cooperation-internationale","status":"publish","type":"post","link":"https:\/\/linitiative.ca\/International\/chafik-mesbah-a-la-tete-dune-instance-de-cooperation-internationale\/","title":{"rendered":"Chafik Mesbah \u00e0 la t\u00eate d&rsquo;une instance de coop\u00e9ration internationale"},"content":{"rendered":"<div id=\"originalText\" readability=\"64\">\n<p class=\"c6\">Le pr\u00e9sident de la R\u00e9publique, Abdelmadjid Tebboune, a install\u00e9 lundi Mohamed Chafik Mesbah au poste de Directeur g\u00e9n\u00e9ral de l&rsquo;Agence alg\u00e9rienne de coop\u00e9ration internationale pour la\u00a0solidarit\u00e9 et le d\u00e9veloppement (ALDEC), cr\u00e9\u00e9e en vertu d&rsquo;un d\u00e9cret\u00a0pr\u00e9sidentiel, indique un communiqu\u00e9 de la pr\u00e9sidence de la R\u00e9publique.<\/p>\n<p class=\"c6\">Le Pr\u00e9sident Tebboune avait annonc\u00e9, dans une allocution prononc\u00e9e lors du sommet de l&rsquo;Union africaine (UA) tenu le 9 f\u00e9vrier 2020 \u00e0 Addis-Abeba, la\u00a0cr\u00e9ation de l&rsquo;ALDEC, note le communiqu\u00e9.<\/p>\n<p class=\"c6\">Cette agence aura pour principale mission la participation dans l&rsquo;\u00e9laboration et la mise en oeuvre de la politique nationale de la\u00a0coop\u00e9ration internationale dans le domaine \u00e9conomique, social, humanitaire,\u00a0culturel, religieux, \u00e9ducatif, scientifique et technique, outre la promotion de l&rsquo;exploitation des comp\u00e9tences nationales \u00e9tablies \u00e0\u00a0l&rsquo;\u00e9tranger et l&rsquo;\u00e9tablissement de relations avec la communaut\u00e9 scientifique et les hommes d&rsquo;affaires alg\u00e9riens \u00e9tablis \u00e0 l&rsquo;\u00e9tranger, en sus du\u00a0d\u00e9veloppement des relations de coop\u00e9ration avec les instances internationales similaires et la r\u00e9alisation d&rsquo;\u00e9tudes sur la veille\u00a0strat\u00e9gique dans leur domaine de comp\u00e9tence, ajoute la source.\u00a0<\/p>\n<p class=\"c6\">Titulaire d&rsquo;un doctorat en sciences politiques \u00e0 l&rsquo;universit\u00e9 d&rsquo;Alger, M.\u00a0Mohamed Chafik Mesbah a occup\u00e9 plusieurs postes de responsabilit\u00e9 au sein\u00a0de l&rsquo;Etat, conclut le communiqu\u00e9.<\/p>\n<p class=\"c7\"><strong>APS<\/strong><\/p>\n<\/div>\n<div id=\"text_core\" readability=\"64\">\n<p class=\"c6\">Le pr\u00e9sident de la R\u00e9publique, Abdelmadjid Tebboune, a install\u00e9 lundi Mohamed Chafik Mesbah au poste de Directeur g\u00e9n\u00e9ral de l&rsquo;Agence alg\u00e9rienne de coop\u00e9ration internationale pour la\u00a0solidarit\u00e9 et le d\u00e9veloppement (ALDEC), cr\u00e9\u00e9e en vertu d&rsquo;un d\u00e9cret\u00a0pr\u00e9sidentiel, indique un communiqu\u00e9 de la pr\u00e9sidence de la R\u00e9publique.<\/p>\n<p class=\"c6\">Le Pr\u00e9sident Tebboune avait annonc\u00e9, dans une allocution prononc\u00e9e lors du sommet de l&rsquo;Union africaine (UA) tenu le 9 f\u00e9vrier 2020 \u00e0 Addis-Abeba, la\u00a0cr\u00e9ation de l&rsquo;ALDEC, note le communiqu\u00e9.<\/p>\n<p class=\"c6\">Cette agence aura pour principale mission la participation dans l&rsquo;\u00e9laboration et la mise en oeuvre de la politique nationale de la\u00a0coop\u00e9ration internationale dans le domaine \u00e9conomique, social, humanitaire,\u00a0culturel, religieux, \u00e9ducatif, scientifique et technique, outre la promotion de l&rsquo;exploitation des comp\u00e9tences nationales \u00e9tablies \u00e0\u00a0l&rsquo;\u00e9tranger et l&rsquo;\u00e9tablissement de relations avec la communaut\u00e9 scientifique et les hommes d&rsquo;affaires alg\u00e9riens \u00e9tablis \u00e0 l&rsquo;\u00e9tranger, en sus du\u00a0d\u00e9veloppement des relations de coop\u00e9ration avec les instances internationales similaires et la r\u00e9alisation d&rsquo;\u00e9tudes sur la veille\u00a0strat\u00e9gique dans leur domaine de comp\u00e9tence, ajoute la source.\u00a0<\/p>\n<p class=\"c6\">Titulaire d&rsquo;un doctorat en sciences politiques \u00e0 l&rsquo;universit\u00e9 d&rsquo;Alger, M.\u00a0Mohamed Chafik Mesbah a occup\u00e9 plusieurs postes de responsabilit\u00e9 au sein\u00a0de l&rsquo;Etat, conclut le communiqu\u00e9.<\/p>\n<p class=\"c7\"><strong>APS<\/strong><\/p>\n<\/div>\n<p>Auteur:<br \/>\n<a href=\"https:\/\/www.liberte-algerie.com\/actualite\/chafik-mesbah-a-la-tete-dune-instance-de-cooperation-internationale-337688\">Cliquez ici pour lire l&rsquo;article depuis sa source.<\/a><\/p>\n","protected":false},"excerpt":{"rendered":"<p>Le pr\u00e9sident de la R\u00e9publique, Abdelmadjid Tebboune, a install\u00e9 lundi Mohamed Chafik Mesbah au poste de Directeur g\u00e9n\u00e9ral de l&rsquo;Agence alg\u00e9rienne de coop\u00e9ration internationale pour la\u00a0solidarit\u00e9 et le d\u00e9veloppement (ALDEC), cr\u00e9\u00e9e en vertu d&rsquo;un d\u00e9cret\u00a0pr\u00e9sidentiel, indique un communiqu\u00e9 de la pr\u00e9sidence de la R\u00e9publique. Le Pr\u00e9sident Tebboune avait annonc\u00e9, dans une allocution prononc\u00e9e lors du [&hellip;]<\/p>\n","protected":false},"author":1742,"featured_media":0,"comment_status":"closed","ping_status":"closed","sticky":false,"template":"","format":"standard","meta":{"fifu_image_url":"","fifu_image_alt":"","footnotes":""},"categories":[73,53],"tags":[],"class_list":["post-82902","post","type-post","status-publish","format-standard","hentry","category-actualite","category-algerie"],"_links":{"self":[{"href":"https:\/\/linitiative.ca\/International\/wp-json\/wp\/v2\/posts\/82902","targetHints":{"allow":["GET"]}}],"collection":[{"href":"https:\/\/linitiative.ca\/International\/wp-json\/wp\/v2\/posts"}],"about":[{"href":"https:\/\/linitiative.ca\/International\/wp-json\/wp\/v2\/types\/post"}],"author":[{"embeddable":true,"href":"https:\/\/linitiative.ca\/International\/wp-json\/wp\/v2\/users\/1742"}],"replies":[{"embeddable":true,"href":"https:\/\/linitiative.ca\/International\/wp-json\/wp\/v2\/comments?post=82902"}],"version-history":[{"count":0,"href":"https:\/\/linitiative.ca\/International\/wp-json\/wp\/v2\/posts\/82902\/revisions"}],"wp:attachment":[{"href":"https:\/\/linitiative.ca\/International\/wp-json\/wp\/v2\/media?parent=82902"}],"wp:term":[{"taxonomy":"category","embeddable":true,"href":"https:\/\/linitiative.ca\/International\/wp-json\/wp\/v2\/categories?post=82902"},{"taxonomy":"post_tag","embeddable":true,"href":"https:\/\/linitiative.ca\/International\/wp-json\/wp\/v2\/tags?post=82902"}],"curies":[{"name":"wp","href":"https:\/\/api.w.org\/{rel}","templated":true}]}}