{"id":82905,"date":"2020-04-19T15:37:24","date_gmt":"2020-04-19T19:37:24","guid":{"rendered":"https:\/\/linitiative.ca\/International\/forte-adhesion-de-la-famille-de-la-justice-a-une-operation-de-don-de-sang\/"},"modified":"2020-04-19T15:37:24","modified_gmt":"2020-04-19T19:37:24","slug":"forte-adhesion-de-la-famille-de-la-justice-a-une-operation-de-don-de-sang","status":"publish","type":"post","link":"https:\/\/linitiative.ca\/International\/forte-adhesion-de-la-famille-de-la-justice-a-une-operation-de-don-de-sang\/","title":{"rendered":"Forte adh\u00e9sion de la famille de la justice \u00e0 une op\u00e9ration de don de sang"},"content":{"rendered":"<p><iframe loading=\"lazy\" width=\"1170\" height=\"658\" src=\"https:\/\/www.youtube.com\/embed\/myrGdPAi3tQ?feature=oembed\" frameborder=\"0\" allow=\"accelerometer; autoplay; encrypted-media; gyroscope; picture-in-picture\" allowfullscreen=\"\">[embedded content]<\/iframe><\/p>\n<div class=\"single-post-excerpt post-excerpt-bc\" readability=\"37\">\n<p>La famille de la justice \u00e0 Marrakech s\u2019est fortement mobilis\u00e9e en vue de participer massivement \u00e0 une op\u00e9ration de don de sang, dans le cadre de sa contribution pour renflouer les stocks de cette mati\u00e8re vitale en cette conjoncture exceptionnelle que traverse le Royaume, induite par la propagation de la pand\u00e9mie du nouveau coronavirus (Covid-19).<\/p>\n<\/div>\n<p>Auteur: Meriem IGASS<br \/>\n<a href=\"http:\/\/www.mapmarrakech.ma\/fr\/forte-adhesion-de-la-famille-de-la-justice-a-une-operation-de-don-de-sang\/\">Cliquez ici pour lire l&rsquo;article depuis sa source.<\/a><\/p>\n","protected":false},"excerpt":{"rendered":"<p>[embedded content] La famille de la justice \u00e0 Marrakech s\u2019est fortement mobilis\u00e9e en vue de participer massivement \u00e0 une op\u00e9ration de don de sang, dans le cadre de sa contribution pour renflouer les stocks de cette mati\u00e8re vitale en cette conjoncture exceptionnelle que traverse le Royaume, induite par la propagation de la pand\u00e9mie du nouveau [&hellip;]<\/p>\n","protected":false},"author":1788,"featured_media":0,"comment_status":"closed","ping_status":"closed","sticky":false,"template":"","format":"standard","meta":{"fifu_image_url":"","fifu_image_alt":"","footnotes":""},"categories":[54,76],"tags":[],"class_list":["post-82905","post","type-post","status-publish","format-standard","hentry","category-maroc","category-regions"],"_links":{"self":[{"href":"https:\/\/linitiative.ca\/International\/wp-json\/wp\/v2\/posts\/82905","targetHints":{"allow":["GET"]}}],"collection":[{"href":"https:\/\/linitiative.ca\/International\/wp-json\/wp\/v2\/posts"}],"about":[{"href":"https:\/\/linitiative.ca\/International\/wp-json\/wp\/v2\/types\/post"}],"author":[{"embeddable":true,"href":"https:\/\/linitiative.ca\/International\/wp-json\/wp\/v2\/users\/1788"}],"replies":[{"embeddable":true,"href":"https:\/\/linitiative.ca\/International\/wp-json\/wp\/v2\/comments?post=82905"}],"version-history":[{"count":0,"href":"https:\/\/linitiative.ca\/International\/wp-json\/wp\/v2\/posts\/82905\/revisions"}],"wp:attachment":[{"href":"https:\/\/linitiative.ca\/International\/wp-json\/wp\/v2\/media?parent=82905"}],"wp:term":[{"taxonomy":"category","embeddable":true,"href":"https:\/\/linitiative.ca\/International\/wp-json\/wp\/v2\/categories?post=82905"},{"taxonomy":"post_tag","embeddable":true,"href":"https:\/\/linitiative.ca\/International\/wp-json\/wp\/v2\/tags?post=82905"}],"curies":[{"name":"wp","href":"https:\/\/api.w.org\/{rel}","templated":true}]}}