{"id":82906,"date":"2020-04-19T16:25:43","date_gmt":"2020-04-19T20:25:43","guid":{"rendered":"https:\/\/linitiative.ca\/International\/61-nouveaux-cas-confirmes-de-coronavirus-5-remissions-en-24-h\/"},"modified":"2020-04-19T16:25:43","modified_gmt":"2020-04-19T20:25:43","slug":"61-nouveaux-cas-confirmes-de-coronavirus-5-remissions-en-24-h","status":"publish","type":"post","link":"https:\/\/linitiative.ca\/International\/61-nouveaux-cas-confirmes-de-coronavirus-5-remissions-en-24-h\/","title":{"rendered":"61 nouveaux cas confirm\u00e9s de coronavirus, 5 r\u00e9missions en 24 H"},"content":{"rendered":"<div class=\"single-featured\"><img alt=\"\" data-src=\"http:\/\/www.mapmarrakech.ma\/map\/uploads\/2020\/04\/situation-&#xE9;pid&#xE9;mi.jpg\"\/><\/div>\n<div class=\"single-post-excerpt post-excerpt-bc\" readability=\"36\">\n<p>Marrakech \u2013 La r\u00e9gion de Marrakech-Safi a enregistr\u00e9 61 nouveaux cas confirm\u00e9s d\u2019infection au nouveau coronavirus (Covid-19), durant les derni\u00e8res 24 heures, portant \u00e0 724 le nombre total des contaminations dans la r\u00e9gion.<\/p>\n<\/div>\n<div class=\"entry-content clearfix single-post-content\" readability=\"54\">\n<p>Selon les donn\u00e9es de la Direction R\u00e9gionale de la Sant\u00e9 (DRS), 36 nouvelles infections ont \u00e9t\u00e9 d\u00e9tect\u00e9es au niveau de la province de Rehamna qui compte d\u00e9sormais 215 cas confirm\u00e9s, 24 dans la pr\u00e9fecture de Marrakech (457 cas au total) et un seul cas dans la province d\u2019Al Haouz (26 au total).<\/p>\n<p>Les cas restants sont ainsi r\u00e9partis entre les provinces de Chichaoua (22) et d\u2019El Kel\u00e2a des Sraghna et d\u2019Essaouira (deux cas chacune), alors que les provinces de Safi et de Youssoufia ne comptent aucun cas d\u2019infection.<\/p>\n<p>Cinq nouvelles r\u00e9missions ont \u00e9t\u00e9 \u00e9galement enregistr\u00e9es au cours des derni\u00e8res 24 heures, ce qui porte \u00e0 56 le nombre des personnes d\u00e9clar\u00e9es gu\u00e9ries \u00e0 l\u2019\u00e9chelle de la r\u00e9gion de Marrakech-Safi, alors que celui des d\u00e9c\u00e8s s\u2019\u00e9l\u00e8ve \u00e0 36, pr\u00e9cise la m\u00eame source.<\/p>\n<p>Au niveau national, 170 nouveaux cas d\u2019infection au Covid-19 ont \u00e9t\u00e9 confirm\u00e9s dans le Royaume lors des derni\u00e8res 24 heures, portant \u00e0 2.855 le nombre total des cas de contamination.<\/p>\n<\/div>\n<p>Auteur: Meriem IGASS<br \/>\n<a href=\"http:\/\/www.mapmarrakech.ma\/fr\/61-nouveaux-cas-confirmes-de-coronavirus-5-remissions-en-24-heures\/\">Cliquez ici pour lire l&rsquo;article depuis sa source.<\/a><\/p>\n","protected":false},"excerpt":{"rendered":"<p>Marrakech \u2013 La r\u00e9gion de Marrakech-Safi a enregistr\u00e9 61 nouveaux cas confirm\u00e9s d\u2019infection au nouveau coronavirus (Covid-19), durant les derni\u00e8res 24 heures, portant \u00e0 724 le nombre total des contaminations dans la r\u00e9gion. Selon les donn\u00e9es de la Direction R\u00e9gionale de la Sant\u00e9 (DRS), 36 nouvelles infections ont \u00e9t\u00e9 d\u00e9tect\u00e9es au niveau de la province [&hellip;]<\/p>\n","protected":false},"author":1788,"featured_media":0,"comment_status":"closed","ping_status":"closed","sticky":false,"template":"","format":"standard","meta":{"fifu_image_url":"","fifu_image_alt":"","footnotes":""},"categories":[54,76],"tags":[],"class_list":["post-82906","post","type-post","status-publish","format-standard","hentry","category-maroc","category-regions"],"_links":{"self":[{"href":"https:\/\/linitiative.ca\/International\/wp-json\/wp\/v2\/posts\/82906","targetHints":{"allow":["GET"]}}],"collection":[{"href":"https:\/\/linitiative.ca\/International\/wp-json\/wp\/v2\/posts"}],"about":[{"href":"https:\/\/linitiative.ca\/International\/wp-json\/wp\/v2\/types\/post"}],"author":[{"embeddable":true,"href":"https:\/\/linitiative.ca\/International\/wp-json\/wp\/v2\/users\/1788"}],"replies":[{"embeddable":true,"href":"https:\/\/linitiative.ca\/International\/wp-json\/wp\/v2\/comments?post=82906"}],"version-history":[{"count":0,"href":"https:\/\/linitiative.ca\/International\/wp-json\/wp\/v2\/posts\/82906\/revisions"}],"wp:attachment":[{"href":"https:\/\/linitiative.ca\/International\/wp-json\/wp\/v2\/media?parent=82906"}],"wp:term":[{"taxonomy":"category","embeddable":true,"href":"https:\/\/linitiative.ca\/International\/wp-json\/wp\/v2\/categories?post=82906"},{"taxonomy":"post_tag","embeddable":true,"href":"https:\/\/linitiative.ca\/International\/wp-json\/wp\/v2\/tags?post=82906"}],"curies":[{"name":"wp","href":"https:\/\/api.w.org\/{rel}","templated":true}]}}