{"id":82908,"date":"2020-04-20T10:53:08","date_gmt":"2020-04-20T14:53:08","guid":{"rendered":"https:\/\/linitiative.ca\/International\/15-nouveaux-cas-confirmes-a-marrakech-safi-739-au-total\/"},"modified":"2020-04-20T10:53:08","modified_gmt":"2020-04-20T14:53:08","slug":"15-nouveaux-cas-confirmes-a-marrakech-safi-739-au-total","status":"publish","type":"post","link":"https:\/\/linitiative.ca\/International\/15-nouveaux-cas-confirmes-a-marrakech-safi-739-au-total\/","title":{"rendered":"15 nouveaux cas confirm\u00e9s \u00e0 Marrakech-Safi, 739 au total"},"content":{"rendered":"<div class=\"single-featured\"><img alt=\"\" data-src=\"http:\/\/www.mapmarrakech.ma\/map\/uploads\/2020\/04\/stuation-&#xE9;pid&#xE9;m.jpg\"\/><\/div>\n<div class=\"single-post-excerpt post-excerpt-bc\" readability=\"36\">\n<p>Marrakech \u2013 Quinze nouvelles infections au nouveau coronavirus (Covid-19) ont \u00e9t\u00e9 enregistr\u00e9es au niveau de la r\u00e9gion Marrakech-Safi, jusqu\u2019\u00e0 lundi \u00e0 10h00, portant \u00e0 739 le nombre total des cas confirm\u00e9s dans la r\u00e9gion.<\/p>\n<\/div>\n<div class=\"entry-content clearfix single-post-content\" readability=\"56\">\n<p>Selon les donn\u00e9es de la Direction R\u00e9gionale de la Sant\u00e9 (DRS), 13 nouvelles infections ont \u00e9t\u00e9 d\u00e9tect\u00e9es au niveau de la pr\u00e9fecture de Marrakech (470 au total), alors que les deux autres cas ont \u00e9t\u00e9 enregistr\u00e9s dans les provinces de Chichaoua (23 au total) et d\u2019El Kel\u00e2a des Sraghna (03 au total).<\/p>\n<p>Les cas restants sont ainsi r\u00e9partis entre les provinces de Rehmana (215), d\u2019Al Haouz (26) et d\u2019Essaouira (2 cas), alors que les provinces de Safi et de Youssoufia ne comptent aucun cas d\u2019infection.<\/p>\n<p>Quatre nouvelles r\u00e9missions ont \u00e9t\u00e9 \u00e9galement enregistr\u00e9es, ce qui porte \u00e0 60 le nombre des personnes d\u00e9clar\u00e9es gu\u00e9ries \u00e0 l\u2019\u00e9chelle de la r\u00e9gion de Marrakech-Safi, alors que celui des d\u00e9c\u00e8s s\u2019\u00e9l\u00e8ve \u00e0 36, pr\u00e9cise la m\u00eame source.<\/p>\n<p>Au niveau national, Cent-trente-cinq nouveaux (135) cas d\u2019infection au nouveau coronavirus (Covid-19) ont \u00e9t\u00e9 confirm\u00e9s jusqu\u2019\u00e0 lundi \u00e0 10h00, portant \u00e0 2.990 le nombre total des cas de contamination.<\/p>\n<\/div>\n<p>Auteur: Meriem IGASS<br \/>\n<a href=\"http:\/\/www.mapmarrakech.ma\/fr\/15-nouveaux-cas-confirmes-a-marrakech-safi-739-au-total\/\">Cliquez ici pour lire l&rsquo;article depuis sa source.<\/a><\/p>\n","protected":false},"excerpt":{"rendered":"<p>Marrakech \u2013 Quinze nouvelles infections au nouveau coronavirus (Covid-19) ont \u00e9t\u00e9 enregistr\u00e9es au niveau de la r\u00e9gion Marrakech-Safi, jusqu\u2019\u00e0 lundi \u00e0 10h00, portant \u00e0 739 le nombre total des cas confirm\u00e9s dans la r\u00e9gion. Selon les donn\u00e9es de la Direction R\u00e9gionale de la Sant\u00e9 (DRS), 13 nouvelles infections ont \u00e9t\u00e9 d\u00e9tect\u00e9es au niveau de la [&hellip;]<\/p>\n","protected":false},"author":1788,"featured_media":0,"comment_status":"closed","ping_status":"closed","sticky":false,"template":"","format":"standard","meta":{"fifu_image_url":"","fifu_image_alt":"","footnotes":""},"categories":[54,76],"tags":[],"class_list":["post-82908","post","type-post","status-publish","format-standard","hentry","category-maroc","category-regions"],"_links":{"self":[{"href":"https:\/\/linitiative.ca\/International\/wp-json\/wp\/v2\/posts\/82908","targetHints":{"allow":["GET"]}}],"collection":[{"href":"https:\/\/linitiative.ca\/International\/wp-json\/wp\/v2\/posts"}],"about":[{"href":"https:\/\/linitiative.ca\/International\/wp-json\/wp\/v2\/types\/post"}],"author":[{"embeddable":true,"href":"https:\/\/linitiative.ca\/International\/wp-json\/wp\/v2\/users\/1788"}],"replies":[{"embeddable":true,"href":"https:\/\/linitiative.ca\/International\/wp-json\/wp\/v2\/comments?post=82908"}],"version-history":[{"count":0,"href":"https:\/\/linitiative.ca\/International\/wp-json\/wp\/v2\/posts\/82908\/revisions"}],"wp:attachment":[{"href":"https:\/\/linitiative.ca\/International\/wp-json\/wp\/v2\/media?parent=82908"}],"wp:term":[{"taxonomy":"category","embeddable":true,"href":"https:\/\/linitiative.ca\/International\/wp-json\/wp\/v2\/categories?post=82908"},{"taxonomy":"post_tag","embeddable":true,"href":"https:\/\/linitiative.ca\/International\/wp-json\/wp\/v2\/tags?post=82908"}],"curies":[{"name":"wp","href":"https:\/\/api.w.org\/{rel}","templated":true}]}}