{"id":82909,"date":"2020-04-20T12:52:28","date_gmt":"2020-04-20T16:52:28","guid":{"rendered":"https:\/\/linitiative.ca\/International\/confinement-a-al-haouz-mobilisation-exemplaire-des-autochtones\/"},"modified":"2020-04-20T12:52:28","modified_gmt":"2020-04-20T16:52:28","slug":"confinement-a-al-haouz-mobilisation-exemplaire-des-autochtones","status":"publish","type":"post","link":"https:\/\/linitiative.ca\/International\/confinement-a-al-haouz-mobilisation-exemplaire-des-autochtones\/","title":{"rendered":"Confinement \u00e0 Al Haouz: Mobilisation exemplaire des autochtones"},"content":{"rendered":"<p>Tout au long d\u2019un trajet de plus d\u2019une soixantaine de kilom\u00e8tres au d\u00e9part de Marrakech et \u00e0 destination d\u2019Asni, un espace splendide au pied des montagnes du Haut Atlas, le silence qui r\u00e8gne sur l\u2019atmosph\u00e8re reste le seul mot d\u2019ordre, si ce n\u2019est le bruit de quelques v\u00e9hicules qui viennent, de temps en temps, interrompre cette qui\u00e9tude dans laquelle plongeaient les paysages verdoyants d\u2019Al Haouz et ce, depuis l\u2019instauration du confinement.<\/p>\n<p>Sur toutes les zones travers\u00e9es, il semble que la nature a pris pleinement ses droits et le confinement sanitaire dict\u00e9 comme mesure indispensable pour enrayer l\u2019\u00e9volution de la pand\u00e9mie du coronavirus, a eu le m\u00e9rite d\u2019offrir une v\u00e9ritable \u00ab\u00a0tr\u00eave\u00a0\u00bb en faveur de l\u2019environnement, permettant \u00e0 cette r\u00e9gion touristique de retrouver son \u00e9clat \u00e9cologique d\u2019antan.<\/p>\n<p>Au carrefour menant vers la commune de Moulay Brahim \u00e0 l\u2019entr\u00e9e du centre d\u2019Asni, l\u2019effervescence habituelle que connaissait cette zone en temps normal n\u2019est qu\u2019un beau souvenir. Pourtant, l\u2019activit\u00e9 \u00e9conomique est maintenue pour arriver \u00e0 r\u00e9pondre aux besoins des populations notamment, \u00e0 l\u2019approche du mois sacr\u00e9 du Ramadan o\u00f9 le rythme de consommation des m\u00e9nages grimpe et les habitudes changent aussi.<\/p>\n<p>A travers une tourn\u00e9e dans les \u00e9piceries, boucheries et points de vente de fruits et l\u00e9gumes ayant maintenu leur activit\u00e9 en marche, force est de constater que tous les produits sont offerts en abondance et que les prix sont stables car, conform\u00e9ment aux mesures et consignes prises par les autorit\u00e9s locales, toute la priorit\u00e9 est de pr\u00e9server le pouvoir d\u2019achat des m\u00e9nages en cette circonstance exceptionnelle que traverse le Maroc et d\u2019assurer l\u2019approvisionnement du march\u00e9 de mani\u00e8re permanente et normale.<\/p>\n<p>Bien que le souk hebdomadaire, les caf\u00e9s et les restaurants traditionnels d\u2019Asni ont ferm\u00e9 leurs portes, on veille au niveau de cette zone comme dans diff\u00e9rentes communes de la province \u00e0 ce que toutes les conditions d\u2019une vie normale soient maintenues, tout en se conformant, scrupuleusement, au respect des mesures pr\u00e9ventives impos\u00e9es dans le cadre du confinement sanitaire.<\/p>\n<p>A Asni, particuli\u00e8rement dans la partie dite \u00ab\u00a0Asni Lakdim (ancien)\u00a0\u00bb, comme ailleurs le confinement sanitaire est respect\u00e9 \u00e0 la lettre, certes, gr\u00e2ce \u00e0 la mobilisation des autorit\u00e9s locales et des acteurs associatifs sur le terrain, \u00e0 travers l\u2019approche de proximit\u00e9 poursuivie mais aussi, en raison de la discipline, de la compr\u00e9hension et de l\u2019engagement dont font montre, au quotidien, les habitants de cette localit\u00e9, illustrant ainsi leur esprit civique et citoyen.<\/p>\n<p>Dans le cadre des mesures pr\u00e9ventives adopt\u00e9es pour endiguer la propagation de cette pand\u00e9mie ayant terrass\u00e9 le monde, des campagnes de nettoyage, de d\u00e9sinfection et de st\u00e9rilisation des espaces publics, souks et administrations s\u2019organisent voire m\u00eame s\u2019intensifient de mani\u00e8re syst\u00e9matique, gr\u00e2ce \u00e0 l\u2019implication effective des autorit\u00e9s locales, des instances \u00e9lues et des acteurs associatifs.<\/p>\n<p>La lutte contre le coronavirus c\u2019est aussi l\u2019heure aux valeurs d\u2019entraide et de solidarit\u00e9. Dans ce sens, Asni, comme d\u2019ailleurs toutes les communes de la province, vit depuis le d\u00e9clenchement de cette crise, au rythme d\u2019une s\u00e9rie d\u2019actions et de campagnes de dons de denr\u00e9es de premi\u00e8re n\u00e9cessit\u00e9 et d\u2019aides, au profit des familles et des personnes n\u00e9cessiteuses directement impact\u00e9es par les r\u00e9percussions socio-\u00e9conomiques de cette pand\u00e9mie.<\/p>\n<p>A ce niveau, plusieurs bienfaiteurs et acteurs associatifs, appuy\u00e9s par les autorit\u00e9s locales ont r\u00e9pondu pr\u00e9sents au devoir national en se montrant proches et solidaires des couches les plus vuln\u00e9rables, dans une illustration inou\u00efe des vraies valeurs qui caract\u00e9risent la soci\u00e9t\u00e9 marocaine.<\/p>\n<p>Bref, \u00e0 Asni, bourgade o\u00f9 il fait beau-vivre m\u00eame en cette p\u00e9riode de distanciation sociale, le confinement est synonyme d\u2019une immersion au coeur de la nature. Dans diff\u00e9rents villages et sites m\u00eame ceux les plus isol\u00e9s en montagnes comme dans les plaines et les collines, la vie suit son cours normal bien que ces zones apparaissent d\u00e9sertes et ne re\u00e7oivent plus de visiteurs tant marocains qu\u2019\u00e9trangers parmi les f\u00e9rus des paysages naturels \u00e0 couper le souffle.<\/p>\n<p>Une zone paisible o\u00f9 le confinement a \u00e9t\u00e9 vite respect\u00e9 par la population locale qui se montre \u00ab\u00a0patiente\u00a0\u00bb et tr\u00e8s attentive aux consignes des autorit\u00e9s comp\u00e9tentes, et esp\u00e8re sortir de cette crise dans les plus brefs d\u00e9lais et avec les moindres pertes.<\/p>\n<p>\u00ab\u00a0Ici \u00e0 Asni comme dans diff\u00e9rentes zones de la province notamment, celles rurales, le confinement est totalement diff\u00e9rent de celui qu\u2019on observe en ville. Il s\u2019agit, certes, d\u2019une situation exceptionnelle qu\u2019on vit, mais cela n\u2019a gu\u00e8re impact\u00e9 le quotidien des familles qui s\u2019attachent \u00e0 mener leur vie de mani\u00e8re normale sans stress, ni angoisse\u00a0\u00bb, a confi\u00e9 \u00e0 la MAP, Abdelmajid Ajyar, habitant \u00e0 Asni et pr\u00e9sident de l\u2019Association Tifaouine.<\/p>\n<p>Et pour preuve, malgr\u00e9 le confinement sanitaire en vigueur, les p\u00e8res de familles notamment, ceux qui s\u2019adonnent \u00e0 l\u2019agriculture traditionnelle, n\u2019h\u00e9sitent pas \u00e0 vaquer \u00e0 leur activit\u00e9 et ce, dans le respect le plus scrupuleux des consignes sanitaires, en se confinant dans leurs petits champs pour travailler la terre. Leur espoir \u00e9tant de parvenir \u00e0 nourrir leurs familles, tandis que les femmes aux foyers s\u2019occupent de leurs prog\u00e9nitures en assurant cuisine et autres t\u00e2ches m\u00e9nag\u00e8res.<\/p>\n<p>\u00ab\u00a0La particularit\u00e9 de cette r\u00e9gion c\u2019est qu\u2019on ne dispose pas de grandes superficies agricoles. Les seules parcelles disponibles sont d\u00e9di\u00e9es aux cultures de subsistance, et le fait de passer la journ\u00e9e dans son propre champ aide beaucoup \u00e0 casser la routine et surmonter le stress qui pourraient s\u2019installer dans les m\u00e9nages \u00e0 cause du confinement\u00a0\u00bb, a-t-il estim\u00e9, notant que parmi les difficult\u00e9s rencontr\u00e9es par la population durant cette p\u00e9riode de confinement, figurent celles li\u00e9es \u00e0 la commercialisation de leurs produits et \u00e0 l\u2019approvisionnement.<\/p>\n<p>Et de faire observer que gr\u00e2ce \u00e0 l\u2019intervention et \u00e0 la mobilisation constante des autorit\u00e9s locales, on veille \u00e0 transcender toutes ces difficult\u00e9s, \u00e9tant donn\u00e9 que les sorties pour approvisionnement sont assujetties \u00e0 des autorisations de circulation exceptionnelle d\u00e9livr\u00e9es par les autorit\u00e9s comp\u00e9tentes et ce, dans le respect strict des lois et directives en vigueur, se f\u00e9licitant que le confinement se d\u00e9roule dans de meilleures conditions et qu\u2019\u00e0 l\u2019heure actuelle aucun cas confirm\u00e9 de contamination au coronavirus n\u2019a \u00e9t\u00e9 enregistr\u00e9 au niveau du cercle d\u2019Asni.<\/p>\n<p>\u00ab\u00a0Les citoyens ont fait montre d\u2019un degr\u00e9 \u00e9lev\u00e9 de responsabilit\u00e9 et de civisme en s\u2019engageant d\u00e8s le d\u00e9part \u00e0 se conformer aux consignes de l\u2019\u00e9tat d\u2019urgence sanitaire. A Asni, la synergie entre autorit\u00e9s locales, habitants et acteurs associatifs est exemplaire et \u00e0 saluer et cette symbiose a eu pour effet de r\u00e9duire la pression sur le citoyen\u00a0\u00bb, s\u2019est r\u00e9joui M. Ajyar, mettant en avant tout l\u2019effort d\u00e9ploy\u00e9 aussi en mati\u00e8re de propret\u00e9 et d\u2019hygi\u00e8ne pour permettre aux habitants de jouir d\u2019un cadre de vie agr\u00e9able et de pr\u00e9server l\u2019environnement, sachant que la zone est \u00e9galement \u00e0 vocation touristique.<\/p>\n<p>Sur les pr\u00e9paratifs au mois sacr\u00e9 du Ramadan, il a salu\u00e9 les mesures prises pour assurer l\u2019approvisionnement du march\u00e9 en denr\u00e9es alimentaires, notant qu\u2019au sein des familles, on a constat\u00e9 une certaine \u00e9conomie et une gestion rationnelle des d\u00e9penses de mani\u00e8re \u00e0 pouvoir s\u2019adapter rapidement \u00e0 ce mois b\u00e9ni.<\/p>\n<p>Et de souligner qu\u2019\u00e0 Asni, la devise demeure celle de l\u2019entraide sociale et de la culture du partage entre les familles et les voisins au niveau des villages, ce qui permet d\u2019att\u00e9nuer les souffrances des personnes et de combler leurs d\u00e9ficits, appelant les habitants \u00e0 faire preuve de davantage de patience et d\u2019engagement \u00e0 travers le respect scrupuleux des mesures pr\u00e9ventives en vue de surpasser cette crise.<\/p>\n<p>In Fine, il se trouve qu\u2019\u00e0 Asni, en ce temps du coronavirus, comme d\u2019ailleurs dans plusieurs zones rurales, tous les dispositifs sont pris pour permettre aux populations locales de continuer \u00e0 mener une vie des plus normales, qui puise sa singularit\u00e9 dans la simplicit\u00e9 et la spontan\u00e9it\u00e9, mais aussi dans la conviction que demain ne pourrait \u00eatre que meilleur tant que les valeurs de solidarit\u00e9, de partage et d\u2019entraide entre tous continuent d\u2019exister et de se nourrir gr\u00e2ce aux bonnes volont\u00e9s.<\/p>\n<p>Auteur: Meriem IGASS<br \/>\n<a href=\"http:\/\/www.mapmarrakech.ma\/fr\/confinement-quand-les-autochtones-se-mobilisent-pour-cet-hote-exceptionnel\/\">Cliquez ici pour lire l&rsquo;article depuis sa source.<\/a><\/p>\n","protected":false},"excerpt":{"rendered":"<p>Tout au long d\u2019un trajet de plus d\u2019une soixantaine de kilom\u00e8tres au d\u00e9part de Marrakech et \u00e0 destination d\u2019Asni, un espace splendide au pied des montagnes du Haut Atlas, le silence qui r\u00e8gne sur l\u2019atmosph\u00e8re reste le seul mot d\u2019ordre, si ce n\u2019est le bruit de quelques v\u00e9hicules qui viennent, de temps en temps, interrompre [&hellip;]<\/p>\n","protected":false},"author":1788,"featured_media":0,"comment_status":"closed","ping_status":"closed","sticky":false,"template":"","format":"standard","meta":{"fifu_image_url":"","fifu_image_alt":"","footnotes":""},"categories":[54,76],"tags":[],"class_list":["post-82909","post","type-post","status-publish","format-standard","hentry","category-maroc","category-regions"],"_links":{"self":[{"href":"https:\/\/linitiative.ca\/International\/wp-json\/wp\/v2\/posts\/82909","targetHints":{"allow":["GET"]}}],"collection":[{"href":"https:\/\/linitiative.ca\/International\/wp-json\/wp\/v2\/posts"}],"about":[{"href":"https:\/\/linitiative.ca\/International\/wp-json\/wp\/v2\/types\/post"}],"author":[{"embeddable":true,"href":"https:\/\/linitiative.ca\/International\/wp-json\/wp\/v2\/users\/1788"}],"replies":[{"embeddable":true,"href":"https:\/\/linitiative.ca\/International\/wp-json\/wp\/v2\/comments?post=82909"}],"version-history":[{"count":0,"href":"https:\/\/linitiative.ca\/International\/wp-json\/wp\/v2\/posts\/82909\/revisions"}],"wp:attachment":[{"href":"https:\/\/linitiative.ca\/International\/wp-json\/wp\/v2\/media?parent=82909"}],"wp:term":[{"taxonomy":"category","embeddable":true,"href":"https:\/\/linitiative.ca\/International\/wp-json\/wp\/v2\/categories?post=82909"},{"taxonomy":"post_tag","embeddable":true,"href":"https:\/\/linitiative.ca\/International\/wp-json\/wp\/v2\/tags?post=82909"}],"curies":[{"name":"wp","href":"https:\/\/api.w.org\/{rel}","templated":true}]}}