{"id":82910,"date":"2020-04-19T14:21:00","date_gmt":"2020-04-19T18:21:00","guid":{"rendered":"https:\/\/linitiative.ca\/International\/bouira-lelan-de-solidarite-se-renforce-envers-les-familles-affectees-par-le-confinement\/"},"modified":"2020-04-19T14:21:00","modified_gmt":"2020-04-19T18:21:00","slug":"bouira-lelan-de-solidarite-se-renforce-envers-les-familles-affectees-par-le-confinement","status":"publish","type":"post","link":"https:\/\/linitiative.ca\/International\/bouira-lelan-de-solidarite-se-renforce-envers-les-familles-affectees-par-le-confinement\/","title":{"rendered":"Bouira: l\u2019\u00e9lan de solidarit\u00e9 se renforce envers les familles affect\u00e9es par le confinement"},"content":{"rendered":"<div readability=\"37\">\n<p><strong>BOUIRA- L\u2019\u00e9lan de solidarit\u00e9 se renforce davantage envers les familles d\u00e9munies et celles affect\u00e9es par la mesure du confinement \u00e0 Bouira, o\u00f9 une commission mixte a \u00e9t\u00e9 mise en place pour veiller \u00e0 l\u2019approvisionnement de cette frange de population en denr\u00e9es alimentaires n\u00e9cessaires, a-t-on appris des services de la solidarit\u00e9.<\/strong><\/p>\n<\/div>\n<div readability=\"85.5\">\n<p>Pr\u00e9sid\u00e9e par le wali Lekhal Ayat Abdeslam, une commission compos\u00e9e de repr\u00e9sentants des services agricoles (DSA), ainsi que ceux de la solidarit\u00e9, des for\u00eats et ceux de la direction de la jeunesse et des\u00a0sports, est charg\u00e9e de collecter diff\u00e9rentes aides aupr\u00e8s des bienfaiteurs pour soutenir les familles affect\u00e9es par le confinement en cette p\u00e9riode de pand\u00e9mie.<\/p>\n<p>\u00ab\u00a0Les op\u00e9rations de solidarit\u00e9 ont \u00e9t\u00e9 lanc\u00e9es depuis le 1er avril et elles se poursuivent toujours jusqu\u2019\u00e0 la couverture de toutes les zones d\u2019ombre de la wilaya\u00a0\u00bb, a indiqu\u00e9 \u00e0 l\u2019APS le directeur de l\u2019Action sociale (DAS), Slimane Zekri.<\/p>\n<blockquote readability=\"12\">\n<p><em><strong>Les caravanes de soutien et d\u2019aide de la wilaya ont sillonn\u00e9 35 communes ainsi que plusieurs localit\u00e9s et zones d\u2019ombre. \u00ab\u00a0Les aides sont sous forme de couffins comportant des denr\u00e9es alimentaires comme la semoule, les l\u00e9gumes, les p\u00e2tes, sucre ainsi que des produits de d\u00e9sinfection\u00a0\u00bb, a pr\u00e9cis\u00e9 M. Zekri.<\/strong><\/em><\/p>\n<\/blockquote>\n<p>Ces aides sont collect\u00e9es aupr\u00e8s des bienfaiteurs et des agriculteurs de la wilaya avant qu\u2019elles ne soient distribu\u00e9es sur les familles n\u00e9cessiteuses et surtout celles affect\u00e9es par le confinement d\u00e9cid\u00e9 dans le\u00a0cadre des mesures de pr\u00e9vention contre la propagation du Covid-19.<\/p>\n<p>A Bouira, \u00e0 l\u2019instar des autres wilayas du pays, plusieurs familles sont affect\u00e9es par la mesure du confinement qui contraint depuis pr\u00e8s d\u2019un mois plusieurs travailleurs \u00e0 rentrer chez eux dans le cadre d\u2019un plan de pr\u00e9vention g\u00e9n\u00e9ral visant \u00e0 lutter contre la propagation de la pand\u00e9mie, qui a fait d\u00e9j\u00e0 17 cas confirm\u00e9s dans la wilaya et deux d\u00e9c\u00e8s, selon le bilan de la direction locale de la sant\u00e9.<\/p>\n<p>\u00ab\u00a0Je suis ma\u00e7on, Je ne travaille pas depuis pr\u00e8s d\u2019un mois. C\u2019est le confinement. Depuis l\u2019apparition de cette maladie, les choses sont compliqu\u00e9es surtout avec l\u2019arriv\u00e9e du mois de ramadan aussi les d\u00e9penses\u00a0vont augmenter\u00a0\u00bb, a confi\u00e9 Yahia, un quadrag\u00e9naire et p\u00e8re de famille.<\/p>\n<p>Plusieurs familles notamment celles des zones enclav\u00e9es attendent impatiemment le soutien des services de solidarit\u00e9 afin de les soulager financi\u00e8rement et mat\u00e9riellement en cette p\u00e9riode de crise.<\/p>\n<p>La direction des services agricole (DSA) s\u2019est jointe, elle aussi, aux efforts de soutien pour aider les familles d\u00e9munies.<\/p>\n<blockquote readability=\"15\">\n<p><em><strong>\u00ab\u00a0Nous avons connect\u00e9 35 quintaux de pomme de terre, 15 sacs de semoule, 75 kg d\u2019oignon, 15 sachets de lait en poudre, 30 litres de l\u2019huile d\u2019olive, ainsi que plusieurs autres l\u00e9gumes secs et fruits et des produits de d\u00e9sinfection. Ces aides seront distribu\u00e9es par la commission de solidarit\u00e9 pour les familles n\u00e9cessiteuses\u00a0\u00bb, a indiqu\u00e9 la charg\u00e9e de la communication de la DSA, Mme Salima Kerkoud.<\/strong><\/em><\/p>\n<p><em><strong>\u00a0<\/strong><\/em><\/p>\n<\/blockquote>\n<\/div>\n<p>Auteur:<br \/>\n<a href=\"http:\/\/www.aps.dz\/regions\/104192-bouira-l-elan-de-solidarite-se-renforce-envers-les-familles-affectees-par-le-confinement\">Cliquez ici pour lire l&rsquo;article depuis sa source.<\/a><\/p>\n","protected":false},"excerpt":{"rendered":"<p>BOUIRA- L\u2019\u00e9lan de solidarit\u00e9 se renforce davantage envers les familles d\u00e9munies et celles affect\u00e9es par la mesure du confinement \u00e0 Bouira, o\u00f9 une commission mixte a \u00e9t\u00e9 mise en place pour veiller \u00e0 l\u2019approvisionnement de cette frange de population en denr\u00e9es alimentaires n\u00e9cessaires, a-t-on appris des services de la solidarit\u00e9. Pr\u00e9sid\u00e9e par le wali Lekhal [&hellip;]<\/p>\n","protected":false},"author":1790,"featured_media":0,"comment_status":"closed","ping_status":"closed","sticky":false,"template":"","format":"standard","meta":{"fifu_image_url":"","fifu_image_alt":"","footnotes":""},"categories":[53,76],"tags":[],"class_list":["post-82910","post","type-post","status-publish","format-standard","hentry","category-algerie","category-regions"],"_links":{"self":[{"href":"https:\/\/linitiative.ca\/International\/wp-json\/wp\/v2\/posts\/82910","targetHints":{"allow":["GET"]}}],"collection":[{"href":"https:\/\/linitiative.ca\/International\/wp-json\/wp\/v2\/posts"}],"about":[{"href":"https:\/\/linitiative.ca\/International\/wp-json\/wp\/v2\/types\/post"}],"author":[{"embeddable":true,"href":"https:\/\/linitiative.ca\/International\/wp-json\/wp\/v2\/users\/1790"}],"replies":[{"embeddable":true,"href":"https:\/\/linitiative.ca\/International\/wp-json\/wp\/v2\/comments?post=82910"}],"version-history":[{"count":0,"href":"https:\/\/linitiative.ca\/International\/wp-json\/wp\/v2\/posts\/82910\/revisions"}],"wp:attachment":[{"href":"https:\/\/linitiative.ca\/International\/wp-json\/wp\/v2\/media?parent=82910"}],"wp:term":[{"taxonomy":"category","embeddable":true,"href":"https:\/\/linitiative.ca\/International\/wp-json\/wp\/v2\/categories?post=82910"},{"taxonomy":"post_tag","embeddable":true,"href":"https:\/\/linitiative.ca\/International\/wp-json\/wp\/v2\/tags?post=82910"}],"curies":[{"name":"wp","href":"https:\/\/api.w.org\/{rel}","templated":true}]}}