{"id":82911,"date":"2020-04-20T02:23:37","date_gmt":"2020-04-20T06:23:37","guid":{"rendered":"https:\/\/linitiative.ca\/International\/diffusion-de-rumeurs-portant-atteinte-a-linteret-national-une-personne-placee-en-detention-a-oran\/"},"modified":"2020-04-20T02:23:37","modified_gmt":"2020-04-20T06:23:37","slug":"diffusion-de-rumeurs-portant-atteinte-a-linteret-national-une-personne-placee-en-detention-a-oran","status":"publish","type":"post","link":"https:\/\/linitiative.ca\/International\/diffusion-de-rumeurs-portant-atteinte-a-linteret-national-une-personne-placee-en-detention-a-oran\/","title":{"rendered":"Diffusion de rumeurs portant atteinte \u00e0 l\u2019int\u00e9r\u00eat national: une personne plac\u00e9e en d\u00e9tention \u00e0 Oran"},"content":{"rendered":"<div readability=\"37\">\n<p><strong>ORAN &#8211; Le juge pr\u00e8s le tribunal d\u2019Ain Turck (Oran) a plac\u00e9 en d\u00e9tention, dimanche, une personne impliqu\u00e9e dans une affaire de diffusion de rumeurs portant pr\u00e9judice \u00e0 l&rsquo;int\u00e9r\u00eat national, a-t-on indiqu\u00e9 dans un communiqu\u00e9 dont une copie a \u00e9t\u00e9 remise \u00e0 l\u2019APS.<\/strong><\/p>\n<\/div>\n<div readability=\"62\">\n<p>Il s\u2019agit, selon le communiqu\u00e9, d\u2019une affaire de publication sur les r\u00e9seaux sociaux de fausses informations selon lesquelles des personnes plac\u00e9es en quarantaine au complexe touristique \u00ab\u00a0Les Andalouses\u00a0\u00bb auraient quitt\u00e9 le confinement en utilisant leurs connaissances.<\/p>\n<p>Conform\u00e9ment aux dispositions de l&rsquo;article 11 paragraphe 3 de la loi des proc\u00e9dures p\u00e9nales, l&rsquo;auteur de telles rumeurs qui, \u00e0 l&rsquo;heure actuelle, s\u00e8ment la confusion et la panique au sein des citoyens, a \u00e9t\u00e9 pr\u00e9sent\u00e9 dimanche devant le juge.<\/p>\n<blockquote readability=\"11\">\n<p><em><strong>Les faits de l&rsquo;affaire remontent au 23 mars, lorsque des informations sont parvenues \u00e0 la section de recherche de la gendarmerie d&rsquo;Oran selon lesquelles l\u2019auteur d\u2019un message sur les r\u00e9seaux sociaux, \u00e2g\u00e9 de 30 ans, v\u00e9hicule des rumeurs que les enqu\u00eates ont d\u00e9montr\u00e9 qu\u2019elles sont d\u00e9nu\u00e9es de tout fondement.<\/strong><\/em><\/p>\n<\/blockquote>\n<p>Arr\u00eat\u00e9, le pr\u00e9venu a \u00e9t\u00e9 pr\u00e9sent\u00e9 dimanche devant le juge p\u00e9nal du tribunal d\u2019Ain Turck. Son affaire a \u00e9t\u00e9 qualifi\u00e9 de d\u00e9lit subversif \u00e0 des fins de propagande visant \u00e0 porter atteinte \u00e0 l&rsquo;int\u00e9r\u00eat national et a \u00e9t\u00e9 plac\u00e9 en d\u00e9tention pr\u00e9ventive.<\/p>\n<p>Par ailleurs, le procureur de la R\u00e9publique pr\u00e8s le tribunal d&rsquo;Ain Turck a d\u00e9menti, \u00e0 travers ce communiqu\u00e9, la mise sous mandat de d\u00e9p\u00f4t d&rsquo;une femme pour diffusion d&rsquo;une vid\u00e9o sur le m\u00eame sujet comme rapport\u00e9 sur les r\u00e9seaux sociaux, affirmant qu\u2019elle est poursuivie pour la m\u00eame inculpation mais a \u00e9t\u00e9 mise en libert\u00e9.<\/p>\n<\/div>\n<p>Auteur:<br \/>\n<a href=\"http:\/\/www.aps.dz\/regions\/104205-diffusion-de-rumeurs-portant-atteinte-a-l-interet-national-une-personne-placee-en-detention-a-oran\">Cliquez ici pour lire l&rsquo;article depuis sa source.<\/a><\/p>\n","protected":false},"excerpt":{"rendered":"<p>ORAN &#8211; Le juge pr\u00e8s le tribunal d\u2019Ain Turck (Oran) a plac\u00e9 en d\u00e9tention, dimanche, une personne impliqu\u00e9e dans une affaire de diffusion de rumeurs portant pr\u00e9judice \u00e0 l&rsquo;int\u00e9r\u00eat national, a-t-on indiqu\u00e9 dans un communiqu\u00e9 dont une copie a \u00e9t\u00e9 remise \u00e0 l\u2019APS. Il s\u2019agit, selon le communiqu\u00e9, d\u2019une affaire de publication sur les r\u00e9seaux [&hellip;]<\/p>\n","protected":false},"author":1790,"featured_media":0,"comment_status":"closed","ping_status":"closed","sticky":false,"template":"","format":"standard","meta":{"fifu_image_url":"","fifu_image_alt":"","footnotes":""},"categories":[53,76],"tags":[],"class_list":["post-82911","post","type-post","status-publish","format-standard","hentry","category-algerie","category-regions"],"_links":{"self":[{"href":"https:\/\/linitiative.ca\/International\/wp-json\/wp\/v2\/posts\/82911","targetHints":{"allow":["GET"]}}],"collection":[{"href":"https:\/\/linitiative.ca\/International\/wp-json\/wp\/v2\/posts"}],"about":[{"href":"https:\/\/linitiative.ca\/International\/wp-json\/wp\/v2\/types\/post"}],"author":[{"embeddable":true,"href":"https:\/\/linitiative.ca\/International\/wp-json\/wp\/v2\/users\/1790"}],"replies":[{"embeddable":true,"href":"https:\/\/linitiative.ca\/International\/wp-json\/wp\/v2\/comments?post=82911"}],"version-history":[{"count":0,"href":"https:\/\/linitiative.ca\/International\/wp-json\/wp\/v2\/posts\/82911\/revisions"}],"wp:attachment":[{"href":"https:\/\/linitiative.ca\/International\/wp-json\/wp\/v2\/media?parent=82911"}],"wp:term":[{"taxonomy":"category","embeddable":true,"href":"https:\/\/linitiative.ca\/International\/wp-json\/wp\/v2\/categories?post=82911"},{"taxonomy":"post_tag","embeddable":true,"href":"https:\/\/linitiative.ca\/International\/wp-json\/wp\/v2\/tags?post=82911"}],"curies":[{"name":"wp","href":"https:\/\/api.w.org\/{rel}","templated":true}]}}