{"id":82912,"date":"2020-04-20T02:30:23","date_gmt":"2020-04-20T06:30:23","guid":{"rendered":"https:\/\/linitiative.ca\/International\/guelma-le-premier-malade-gueri-du-coronavirus-quitte-lhopital\/"},"modified":"2020-04-20T02:30:23","modified_gmt":"2020-04-20T06:30:23","slug":"guelma-le-premier-malade-gueri-du-coronavirus-quitte-lhopital","status":"publish","type":"post","link":"https:\/\/linitiative.ca\/International\/guelma-le-premier-malade-gueri-du-coronavirus-quitte-lhopital\/","title":{"rendered":"Guelma: le premier malade gu\u00e9ri du coronavirus quitte l\u2019h\u00f4pital"},"content":{"rendered":"<div readability=\"37\">\n<p><strong>GUELMA &#8211; La premi\u00e8re personne gu\u00e9rie du coronavirus (Covid-19) a quitt\u00e9, dimanche l&rsquo;h\u00f4pital de r\u00e9f\u00e9rence d\u00e9di\u00e9 \u00e0 la prise en charge des patients atteints de Covid-19, au complexe m\u00e8re-enfant de Guelma, suscitant la joie et le soulagement du personnel m\u00e9dical et param\u00e9dical.<\/strong><\/p>\n<\/div>\n<div readability=\"62.2351571595\">\n<p>Pour c\u00e9l\u00e9brer sa sortie, m\u00e9decins et param\u00e9dicaux se sont align\u00e9s \u00e0 l\u2019ext\u00e9rieur du complexe, accompagnant le d\u00e9part du jeune N.A, R., \u00e2g\u00e9 de 32 ans, r\u00e9sidant dans la commune de Hammam Debagh, par de chaleureux applaudissements et des f\u00e9licitations pour son r\u00e9tablissement et son retour sain et sauf parmi les siens.<\/p>\n<blockquote readability=\"11\">\n<p><em><strong>Dans une d\u00e9claration \u00e0 l\u2019APS, \u00e0 l\u2019issue de sa sortie de l&rsquo;h\u00f4pital, le jeune Abderrezak a exprim\u00e9 ses remerciements vis-\u00e0-vis du personnel m\u00e9dical et param\u00e9dical exer\u00e7ant dans cet \u00e9tablissement de sant\u00e9 pour les efforts consid\u00e9rables d\u00e9ploy\u00e9s pour soigner les malades et la prise en charge dont il a fait l\u2019objet depuis fin mars dernier, affirmant : \u00ab\u00a0J\u2019ai \u00e9t\u00e9 tr\u00e8s bien soign\u00e9\u00a0\u00bb.<\/strong><\/em><\/p>\n<\/blockquote>\n<hr\/>\n<h3>Lire aussi:\u00a0<a href=\"http:\/\/www.aps.dz\/algerie\/104174-prolongation-du-confinement-mesure-dictee-par-des-besoins-imperieux-de-sauvegarde-de-la-sante-des-citoyens\" target=\"_blank\" rel=\"noopener noreferrer\">La prolongation du confinement est dict\u00e9e par des besoins de sauvegarde de la sant\u00e9 des citoyens<\/a><\/h3>\n<hr\/>\n<p>Ce jeune a aussi appel\u00e9 les citoyens \u00e0 \u00e9viter de propager les rumeurs et les pr\u00e9jug\u00e9s sur les personnes infect\u00e9es par le coronavirus, \u00e9voquant par la suite son exp\u00e9rience avec la maladie.<\/p>\n<p>Abderrezak a indiqu\u00e9, en ce sens, ne pas avoir ressenti beaucoup de sympt\u00f4mes, \u00e0 l&rsquo;exception d&rsquo;un l\u00e9ger essoufflement au cours des deux premiers jours de l&rsquo;infection, pr\u00e9cisant que son \u00e9tat de sant\u00e9 s&rsquo;est am\u00e9lior\u00e9 imm\u00e9diatement apr\u00e8s avoir \u00e9t\u00e9 trait\u00e9 avec de la chloroquine pendant 10 jours.<\/p>\n<p>Deux autres patients devraient quitter ce m\u00eame h\u00f4pital apr\u00e8s la fin de leur traitement, un homme \u00e2g\u00e9 et son \u00e9pouse originaires de la commune d&rsquo;H\u00e9liopolis, dont \u00ab\u00a0les r\u00e9sultats des analyses envoy\u00e9es \u00e0 l\u2019annexe de l&rsquo;Institut Pasteur \u00e0 Constantine devraient \u00eatre n\u00e9gatifs compte tenu de l&rsquo;am\u00e9lioration de leur \u00e9tat de sant\u00e9\u00a0\u00bb, selon des sources m\u00e9dicales.<\/p>\n<\/div>\n<p>Auteur:<br \/>\n<a href=\"http:\/\/www.aps.dz\/regions\/104206-guelma-le-premier-malade-gueri-du-coronavirus-quitte-l-hopital\">Cliquez ici pour lire l&rsquo;article depuis sa source.<\/a><\/p>\n","protected":false},"excerpt":{"rendered":"<p>GUELMA &#8211; La premi\u00e8re personne gu\u00e9rie du coronavirus (Covid-19) a quitt\u00e9, dimanche l&rsquo;h\u00f4pital de r\u00e9f\u00e9rence d\u00e9di\u00e9 \u00e0 la prise en charge des patients atteints de Covid-19, au complexe m\u00e8re-enfant de Guelma, suscitant la joie et le soulagement du personnel m\u00e9dical et param\u00e9dical. Pour c\u00e9l\u00e9brer sa sortie, m\u00e9decins et param\u00e9dicaux se sont align\u00e9s \u00e0 l\u2019ext\u00e9rieur du [&hellip;]<\/p>\n","protected":false},"author":1790,"featured_media":0,"comment_status":"closed","ping_status":"closed","sticky":false,"template":"","format":"standard","meta":{"fifu_image_url":"","fifu_image_alt":"","footnotes":""},"categories":[53,76],"tags":[],"class_list":["post-82912","post","type-post","status-publish","format-standard","hentry","category-algerie","category-regions"],"_links":{"self":[{"href":"https:\/\/linitiative.ca\/International\/wp-json\/wp\/v2\/posts\/82912","targetHints":{"allow":["GET"]}}],"collection":[{"href":"https:\/\/linitiative.ca\/International\/wp-json\/wp\/v2\/posts"}],"about":[{"href":"https:\/\/linitiative.ca\/International\/wp-json\/wp\/v2\/types\/post"}],"author":[{"embeddable":true,"href":"https:\/\/linitiative.ca\/International\/wp-json\/wp\/v2\/users\/1790"}],"replies":[{"embeddable":true,"href":"https:\/\/linitiative.ca\/International\/wp-json\/wp\/v2\/comments?post=82912"}],"version-history":[{"count":0,"href":"https:\/\/linitiative.ca\/International\/wp-json\/wp\/v2\/posts\/82912\/revisions"}],"wp:attachment":[{"href":"https:\/\/linitiative.ca\/International\/wp-json\/wp\/v2\/media?parent=82912"}],"wp:term":[{"taxonomy":"category","embeddable":true,"href":"https:\/\/linitiative.ca\/International\/wp-json\/wp\/v2\/categories?post=82912"},{"taxonomy":"post_tag","embeddable":true,"href":"https:\/\/linitiative.ca\/International\/wp-json\/wp\/v2\/tags?post=82912"}],"curies":[{"name":"wp","href":"https:\/\/api.w.org\/{rel}","templated":true}]}}