{"id":82913,"date":"2020-04-20T09:11:24","date_gmt":"2020-04-20T13:11:24","guid":{"rendered":"https:\/\/linitiative.ca\/International\/ouargla-covid-19-caravane-daides-ciblant-plus-de-3-000-familles-necessiteuses-dans-les-zones-dombre\/"},"modified":"2020-04-20T09:11:24","modified_gmt":"2020-04-20T13:11:24","slug":"ouargla-covid-19-caravane-daides-ciblant-plus-de-3-000-familles-necessiteuses-dans-les-zones-dombre","status":"publish","type":"post","link":"https:\/\/linitiative.ca\/International\/ouargla-covid-19-caravane-daides-ciblant-plus-de-3-000-familles-necessiteuses-dans-les-zones-dombre\/","title":{"rendered":"Ouargla\/ Covid-19 : caravane d\u2019aides ciblant plus de 3.000 familles n\u00e9cessiteuses dans les zones d\u2019ombre"},"content":{"rendered":"<div readability=\"36\">\n<p><strong>OUARGLA- Une caravane de solidarit\u00e9 constitu\u00e9e d&rsquo;aides humanitaires a pris le d\u00e9part lundi pour toucher 3.300 familles d\u00e9munies \u00e9tablies en zones d\u2019ombre de la wilaya d&rsquo;Ouargla, dans le cadre de la solidarit\u00e9 envers les cat\u00e9gories vuln\u00e9rables en cette p\u00e9riode marqu\u00e9e par la pand\u00e9mie du nouveau Coronavirus (Covid-19).<\/strong><\/p>\n<\/div>\n<div readability=\"64.384219554\">\n<p>Compos\u00e9e de plusieurs camions charg\u00e9s de colis de produits alimentaires de base (semoule, farine, huile, sucre et autres), la caravane cible notamment des familles r\u00e9sidant dans des localit\u00e9s enclav\u00e9es \u00e0 travers 18 communes de la wilaya d&rsquo;Ouargla qui comptent 134 zones d\u2019ombre, a indiqu\u00e9 le wali d\u2019Ouargla, Aboubakr Essedik Boucetta.<\/p>\n<blockquote readability=\"9\">\n<p><strong><em>Initi\u00e9e en coordination avec plusieurs donateurs (entrepreneurs locaux et soci\u00e9t\u00e9 civile), l&rsquo;initiative sera suivie de caravanes similaires pour toucher d&rsquo;autres franges sociales vuln\u00e9rables, a-t-il ajout\u00e9.<\/em><\/strong><\/p>\n<\/blockquote>\n<p>Quatri\u00e8me du genre dans la wilaya, cette caravane de solidarit\u00e9 vise \u00e0 prendre en charge les cat\u00e9gories fragiles et les habitants des zones d&rsquo;ombre et celles ayant besoin d&rsquo;accompagnement en cette p\u00e9riode de confinement pr\u00e9ventif, a soulign\u00e9 le m\u00eame responsable.<\/p>\n<hr\/>\n<h3 class=\"itemTitle\">Lire aussi: <a href=\"https:\/\/41.110.185.2\/proxy\/7e2e472a\/http\/www.aps.dz\/regions\/103965-khenchela-lancement-d-une-caravane-de-solidarite-au-profit-de-demunis-des-zones-d-ombre\" target=\"_blank\" rel=\"noopener noreferrer\">Khenchela : lancement d&rsquo;une caravane de solidarit\u00e9 au profit de d\u00e9munis des zones d\u2019ombre<\/a><\/h3>\n<hr\/>\n<p>Concernant l\u2019attribution de l\u2019allocation de dix mille (10.000) dinars octroy\u00e9e aux familles n\u00e9cessiteuses, \u00e0 l&rsquo;occasion du mois de Ramadhan, il a fait savoir que l\u2019op\u00e9ration, qui concerne 2.300 familles dans la wilaya, a \u00e9t\u00e9 d\u00e9j\u00e0 lanc\u00e9e en coordination avec les services d\u2019Alg\u00e9rie Poste.<\/p>\n<p>Encadr\u00e9e conjointement par les services de la wilaya et la Direction locale de l&rsquo;Action sociale et de la Solidarit\u00e9 (DASS), l&rsquo;initiative intervient, dans son ensemble, en application des instructions des hautes autorit\u00e9s du pays visant \u00e0 mettre en place un dispositif permettant de prendre en charge les citoyens en vue d&rsquo;att\u00e9nuer les r\u00e9percussions socio\u00e9conomiques des mesures de confinement instaur\u00e9es pour endiguer la propagation de cette pand\u00e9mie, a conclu le chef de l\u2019ex\u00e9cutif de la wilaya.<\/p>\n<\/div>\n<p>Auteur:<br \/>\n<a href=\"http:\/\/www.aps.dz\/regions\/104223-ouargla-covid-19-caravane-d-aides-ciblant-plus-de-3-000-familles-necessiteuses-dans-les-zones-d-ombre\">Cliquez ici pour lire l&rsquo;article depuis sa source.<\/a><\/p>\n","protected":false},"excerpt":{"rendered":"<p>OUARGLA- Une caravane de solidarit\u00e9 constitu\u00e9e d&rsquo;aides humanitaires a pris le d\u00e9part lundi pour toucher 3.300 familles d\u00e9munies \u00e9tablies en zones d\u2019ombre de la wilaya d&rsquo;Ouargla, dans le cadre de la solidarit\u00e9 envers les cat\u00e9gories vuln\u00e9rables en cette p\u00e9riode marqu\u00e9e par la pand\u00e9mie du nouveau Coronavirus (Covid-19). Compos\u00e9e de plusieurs camions charg\u00e9s de colis de [&hellip;]<\/p>\n","protected":false},"author":1790,"featured_media":0,"comment_status":"closed","ping_status":"closed","sticky":false,"template":"","format":"standard","meta":{"fifu_image_url":"","fifu_image_alt":"","footnotes":""},"categories":[53,76],"tags":[],"class_list":["post-82913","post","type-post","status-publish","format-standard","hentry","category-algerie","category-regions"],"_links":{"self":[{"href":"https:\/\/linitiative.ca\/International\/wp-json\/wp\/v2\/posts\/82913","targetHints":{"allow":["GET"]}}],"collection":[{"href":"https:\/\/linitiative.ca\/International\/wp-json\/wp\/v2\/posts"}],"about":[{"href":"https:\/\/linitiative.ca\/International\/wp-json\/wp\/v2\/types\/post"}],"author":[{"embeddable":true,"href":"https:\/\/linitiative.ca\/International\/wp-json\/wp\/v2\/users\/1790"}],"replies":[{"embeddable":true,"href":"https:\/\/linitiative.ca\/International\/wp-json\/wp\/v2\/comments?post=82913"}],"version-history":[{"count":0,"href":"https:\/\/linitiative.ca\/International\/wp-json\/wp\/v2\/posts\/82913\/revisions"}],"wp:attachment":[{"href":"https:\/\/linitiative.ca\/International\/wp-json\/wp\/v2\/media?parent=82913"}],"wp:term":[{"taxonomy":"category","embeddable":true,"href":"https:\/\/linitiative.ca\/International\/wp-json\/wp\/v2\/categories?post=82913"},{"taxonomy":"post_tag","embeddable":true,"href":"https:\/\/linitiative.ca\/International\/wp-json\/wp\/v2\/tags?post=82913"}],"curies":[{"name":"wp","href":"https:\/\/api.w.org\/{rel}","templated":true}]}}