{"id":82915,"date":"2020-04-19T15:35:16","date_gmt":"2020-04-19T19:35:16","guid":{"rendered":"https:\/\/linitiative.ca\/International\/coronavirus-principaux-points-de-la-declaration-du-ministre-de-la-sante\/"},"modified":"2020-04-19T15:35:16","modified_gmt":"2020-04-19T19:35:16","slug":"coronavirus-principaux-points-de-la-declaration-du-ministre-de-la-sante","status":"publish","type":"post","link":"https:\/\/linitiative.ca\/International\/coronavirus-principaux-points-de-la-declaration-du-ministre-de-la-sante\/","title":{"rendered":"Coronavirus: Principaux points de la d\u00e9claration du ministre de la Sant\u00e9"},"content":{"rendered":"<div class=\"single-featured\"><img alt=\"\" data-src=\"http:\/\/www.mapoujda.ma\/map\/uploads\/2020\/04\/le-ministre-de-la-Sant&#xE9;-Khalid-Ait-Taleb-M750&#xD7;430-MAP.jpg\"\/><\/div>\n<div class=\"entry-content clearfix single-post-content\" readability=\"58\">\n<p>Voici les principaux points de la d\u00e9claration donn\u00e9e dimanche par le ministre de la Sant\u00e9, Khalid Ait Taleb, dans laquelle il a fait le point sur la situation \u00e9pid\u00e9miologique du coronavirus au Maroc:<\/p>\n<p><strong>\u2013<\/strong>. 170 nouveaux cas confirm\u00e9s \u00e0 l\u2019\u00e9chelle nationale et 2.855 cas au total;<\/p>\n<p><strong>\u2013<\/strong>. Les mesures proactives prises ont permis d\u2019\u00e9viter le pire et de maintenir la situation sous contr\u00f4le;<\/p>\n<p><strong>\u2013<\/strong>. Des mesures que nous sommes appel\u00e9s \u00e0 renforcer et valoriser si l\u2019on veut arriver au bon port;<\/p>\n<p><strong>\u2013<\/strong>. Le ministre plaide pour le plein respect des mesures de l\u2019\u00e9tat d\u2019urgence sanitaire prolong\u00e9 jusqu\u2019au 20 mai de sorte \u00e0 pr\u00e9venir tout recul dans le combat contre le coronavirus.<\/p>\n<p><strong>\u2013<\/strong>. Hommage rendu \u00e0 tous les acteurs, plus particuli\u00e8rement les cadres m\u00e9dicaux, les autorit\u00e9s locales et la Gendarmerie royale.<\/p>\n<p><strong>\u2013<\/strong>. Tout un chacun est pri\u00e9 de faire preuve de patience et de solidarit\u00e9 afin de venir \u00e0 bout de l\u2019\u00e9pid\u00e9mie.<\/p>\n<p><strong>\u2013<\/strong>. Le Royaume a enregistr\u00e9 un total de 327 gu\u00e9risons et 141 cas de d\u00e9c\u00e8s jusqu\u2019aujourd\u2019hui.<\/p>\n<\/div>\n<p>Auteur: Soufiane ELAHMAR<br \/>\n<a href=\"http:\/\/www.mapoujda.ma\/fr\/coronavirus-principaux-points-de-la-declaration-du-ministre-de-la-sante\/\">Cliquez ici pour lire l&rsquo;article depuis sa source.<\/a><\/p>\n","protected":false},"excerpt":{"rendered":"<p>Voici les principaux points de la d\u00e9claration donn\u00e9e dimanche par le ministre de la Sant\u00e9, Khalid Ait Taleb, dans laquelle il a fait le point sur la situation \u00e9pid\u00e9miologique du coronavirus au Maroc: \u2013. 170 nouveaux cas confirm\u00e9s \u00e0 l\u2019\u00e9chelle nationale et 2.855 cas au total; \u2013. Les mesures proactives prises ont permis d\u2019\u00e9viter le [&hellip;]<\/p>\n","protected":false},"author":1788,"featured_media":0,"comment_status":"closed","ping_status":"closed","sticky":false,"template":"","format":"standard","meta":{"fifu_image_url":"","fifu_image_alt":"","footnotes":""},"categories":[54,76],"tags":[],"class_list":["post-82915","post","type-post","status-publish","format-standard","hentry","category-maroc","category-regions"],"_links":{"self":[{"href":"https:\/\/linitiative.ca\/International\/wp-json\/wp\/v2\/posts\/82915","targetHints":{"allow":["GET"]}}],"collection":[{"href":"https:\/\/linitiative.ca\/International\/wp-json\/wp\/v2\/posts"}],"about":[{"href":"https:\/\/linitiative.ca\/International\/wp-json\/wp\/v2\/types\/post"}],"author":[{"embeddable":true,"href":"https:\/\/linitiative.ca\/International\/wp-json\/wp\/v2\/users\/1788"}],"replies":[{"embeddable":true,"href":"https:\/\/linitiative.ca\/International\/wp-json\/wp\/v2\/comments?post=82915"}],"version-history":[{"count":0,"href":"https:\/\/linitiative.ca\/International\/wp-json\/wp\/v2\/posts\/82915\/revisions"}],"wp:attachment":[{"href":"https:\/\/linitiative.ca\/International\/wp-json\/wp\/v2\/media?parent=82915"}],"wp:term":[{"taxonomy":"category","embeddable":true,"href":"https:\/\/linitiative.ca\/International\/wp-json\/wp\/v2\/categories?post=82915"},{"taxonomy":"post_tag","embeddable":true,"href":"https:\/\/linitiative.ca\/International\/wp-json\/wp\/v2\/tags?post=82915"}],"curies":[{"name":"wp","href":"https:\/\/api.w.org\/{rel}","templated":true}]}}