{"id":82916,"date":"2020-04-19T16:00:08","date_gmt":"2020-04-19T20:00:08","guid":{"rendered":"https:\/\/linitiative.ca\/International\/covid-19-oriental-un-seul-nouveau-cas-confirme-149-au-total\/"},"modified":"2020-04-19T16:00:08","modified_gmt":"2020-04-19T20:00:08","slug":"covid-19-oriental-un-seul-nouveau-cas-confirme-149-au-total","status":"publish","type":"post","link":"https:\/\/linitiative.ca\/International\/covid-19-oriental-un-seul-nouveau-cas-confirme-149-au-total\/","title":{"rendered":"Covid-19\/Oriental: un seul nouveau cas confirm\u00e9, 149 au total"},"content":{"rendered":"<p class=\"c4\">Un nouveau cas d\u2019infection au nouveau coronavirus (Covid-19) a \u00e9t\u00e9 confirm\u00e9 au niveau de la r\u00e9gion de l\u2019Oriental durant les 24 derni\u00e8res heures, portant le total des patients, \u00e0 la date du 19 avril \u00e0 18H00, \u00e0 149.<\/p>\n<p class=\"c4\">La r\u00e9gion de l\u2019Oriental a par ailleurs enregistr\u00e9 un total de 15 cas de gu\u00e9rison apr\u00e8s le r\u00e9tablissement de deux autres patients, alors que le nombre de d\u00e9c\u00e8s, huit au total, est rest\u00e9 inchang\u00e9, selon les donn\u00e9es de la direction r\u00e9gionale de la Sant\u00e9 relatives au bilan de l\u2019\u00e9volution de la pand\u00e9mie du Covid-19.<\/p>\n<p class=\"c4\">Et de pr\u00e9ciser que le seul cas confirm\u00e9 de coronavirus a \u00e9t\u00e9 enregistr\u00e9 au niveau de la pr\u00e9fecture d\u2019Oujda-Angad.<\/p>\n<p class=\"c4\">Concernant la r\u00e9partition g\u00e9ographique des cas de contamination, la pr\u00e9fecture d\u2019Oujda-Angad figure en premi\u00e8re position avec 48 cas, contre 39 dans la province de Nador, 37 dans la province de Berkane et 9 \u00e0 Taourirt.<\/p>\n<p class=\"c4\">La province de Guercif totalise quant \u00e0 elle 8 cas, contre 7 cas pour la province de Driouch et un seul cas dans la province de Figuig, alors qu\u2019aucun cas n\u2019a \u00e9t\u00e9 enregistr\u00e9 jusqu\u2019\u00e0 pr\u00e9sent dans la province de Jerada.<\/p>\n<p class=\"c4\">Le nombre de contaminations au niveau national place la r\u00e9gion de l\u2019Oriental en 6\u00e8me position par rapport aux autres r\u00e9gions du Royaume.<\/p>\n<p class=\"c4\">Un total de 170 nouveaux cas d\u2019infection au nouveau coronavirus (Covid-19) ont \u00e9t\u00e9 confirm\u00e9s au Maroc lors des derni\u00e8res 24 heures, portant \u00e0 2.855 le nombre total des cas de contamination.<\/p>\n<p class=\"c4\">Le nombre de cas gu\u00e9ris s\u2019\u00e9l\u00e8ve, jusqu\u2019\u00e0 dimanche \u00e0 18H00, \u00e0 327 avec 13 nouvelles r\u00e9missions, alors que le nombre de d\u00e9c\u00e8s a atteint 141 avec quatre nouveaux d\u00e9c\u00e8s, a pr\u00e9cis\u00e9 le minist\u00e8re de la Sant\u00e9.<\/p>\n<p>Auteur: Soufiane ELAHMAR<br \/>\n<a href=\"http:\/\/www.mapoujda.ma\/fr\/covid-19-oriental-un-seul-nouveau-cas-confirme-149-au-total\/\">Cliquez ici pour lire l&rsquo;article depuis sa source.<\/a><\/p>\n","protected":false},"excerpt":{"rendered":"<p>Un nouveau cas d\u2019infection au nouveau coronavirus (Covid-19) a \u00e9t\u00e9 confirm\u00e9 au niveau de la r\u00e9gion de l\u2019Oriental durant les 24 derni\u00e8res heures, portant le total des patients, \u00e0 la date du 19 avril \u00e0 18H00, \u00e0 149. La r\u00e9gion de l\u2019Oriental a par ailleurs enregistr\u00e9 un total de 15 cas de gu\u00e9rison apr\u00e8s le [&hellip;]<\/p>\n","protected":false},"author":1788,"featured_media":0,"comment_status":"closed","ping_status":"closed","sticky":false,"template":"","format":"standard","meta":{"fifu_image_url":"","fifu_image_alt":"","footnotes":""},"categories":[54,76],"tags":[],"class_list":["post-82916","post","type-post","status-publish","format-standard","hentry","category-maroc","category-regions"],"_links":{"self":[{"href":"https:\/\/linitiative.ca\/International\/wp-json\/wp\/v2\/posts\/82916","targetHints":{"allow":["GET"]}}],"collection":[{"href":"https:\/\/linitiative.ca\/International\/wp-json\/wp\/v2\/posts"}],"about":[{"href":"https:\/\/linitiative.ca\/International\/wp-json\/wp\/v2\/types\/post"}],"author":[{"embeddable":true,"href":"https:\/\/linitiative.ca\/International\/wp-json\/wp\/v2\/users\/1788"}],"replies":[{"embeddable":true,"href":"https:\/\/linitiative.ca\/International\/wp-json\/wp\/v2\/comments?post=82916"}],"version-history":[{"count":0,"href":"https:\/\/linitiative.ca\/International\/wp-json\/wp\/v2\/posts\/82916\/revisions"}],"wp:attachment":[{"href":"https:\/\/linitiative.ca\/International\/wp-json\/wp\/v2\/media?parent=82916"}],"wp:term":[{"taxonomy":"category","embeddable":true,"href":"https:\/\/linitiative.ca\/International\/wp-json\/wp\/v2\/categories?post=82916"},{"taxonomy":"post_tag","embeddable":true,"href":"https:\/\/linitiative.ca\/International\/wp-json\/wp\/v2\/tags?post=82916"}],"curies":[{"name":"wp","href":"https:\/\/api.w.org\/{rel}","templated":true}]}}