{"id":82919,"date":"2020-04-20T09:53:51","date_gmt":"2020-04-20T13:53:51","guid":{"rendered":"https:\/\/linitiative.ca\/International\/prescolaire-diffusion-dune-serie-de-cours-sur-arrabia-tv\/"},"modified":"2020-04-20T09:53:51","modified_gmt":"2020-04-20T13:53:51","slug":"prescolaire-diffusion-dune-serie-de-cours-sur-arrabia-tv","status":"publish","type":"post","link":"https:\/\/linitiative.ca\/International\/prescolaire-diffusion-dune-serie-de-cours-sur-arrabia-tv\/","title":{"rendered":"Pr\u00e9scolaire : Diffusion d\u2019une s\u00e9rie de cours sur Arrabia TV"},"content":{"rendered":"<div class=\"single-featured\"><img alt=\"\" data-src=\"http:\/\/www.mapoujda.ma\/map\/uploads\/2020\/04\/des-cours-&#xE0;-distance-M750&#xD7;430-MAP.jpg\"\/><\/div>\n<div class=\"entry-content clearfix single-post-content\" readability=\"52\">\n<p class=\"c4\">La cha\u00eene de t\u00e9l\u00e9vision Arrabia proc\u00e9dera, \u00e0 partir de lundi, \u00e0 la diffusion d\u2019une s\u00e9rie de cours d\u00e9di\u00e9s \u00e0 l\u2019enseignement pr\u00e9scolaire, afin d\u2019assurer la continuit\u00e9 de l\u2019enseignement pendant la p\u00e9riode de confinement sanitaire.<\/p>\n<p class=\"c4\">Selon un communiqu\u00e9 conjoint du minist\u00e8re de l\u2019\u00e9ducation nationale, de la formation professionnelle, de l\u2019enseignement sup\u00e9rieur et de la recherche scientifique, l\u2019initiative nationale pour le d\u00e9veloppement humain (INDH) et la Fondation marocaine pour la promotion de l\u2019enseignement pr\u00e9scolaire, ces cours baptis\u00e9s \u00ab\u00a0Nos enfants\u00a0\u00bb\u00a0seront diffus\u00e9s chaque jour de 13h00 \u00e0 14h00.<\/p>\n<p class=\"c4\">La m\u00eame source pr\u00e9cise que ces cours seront anim\u00e9s par des professionnels dans l\u2019enseignement pr\u00e9scolaire, dans l\u2019objectif d\u2019assurer la continuit\u00e9 p\u00e9dagogique pour les enfants, notant qu\u2019ils constitueront \u00e9galement une source de divertissement pendant cette p\u00e9riode difficile.<\/p>\n<\/div>\n<p>Auteur: Soufiane ELAHMAR<br \/>\n<a href=\"http:\/\/www.mapoujda.ma\/fr\/prescolaire-diffusion-dune-serie-de-cours-sur-arrabia-tv\/\">Cliquez ici pour lire l&rsquo;article depuis sa source.<\/a><\/p>\n","protected":false},"excerpt":{"rendered":"<p>La cha\u00eene de t\u00e9l\u00e9vision Arrabia proc\u00e9dera, \u00e0 partir de lundi, \u00e0 la diffusion d\u2019une s\u00e9rie de cours d\u00e9di\u00e9s \u00e0 l\u2019enseignement pr\u00e9scolaire, afin d\u2019assurer la continuit\u00e9 de l\u2019enseignement pendant la p\u00e9riode de confinement sanitaire. Selon un communiqu\u00e9 conjoint du minist\u00e8re de l\u2019\u00e9ducation nationale, de la formation professionnelle, de l\u2019enseignement sup\u00e9rieur et de la recherche scientifique, l\u2019initiative [&hellip;]<\/p>\n","protected":false},"author":1788,"featured_media":0,"comment_status":"closed","ping_status":"closed","sticky":false,"template":"","format":"standard","meta":{"fifu_image_url":"","fifu_image_alt":"","footnotes":""},"categories":[54,76],"tags":[],"class_list":["post-82919","post","type-post","status-publish","format-standard","hentry","category-maroc","category-regions"],"_links":{"self":[{"href":"https:\/\/linitiative.ca\/International\/wp-json\/wp\/v2\/posts\/82919","targetHints":{"allow":["GET"]}}],"collection":[{"href":"https:\/\/linitiative.ca\/International\/wp-json\/wp\/v2\/posts"}],"about":[{"href":"https:\/\/linitiative.ca\/International\/wp-json\/wp\/v2\/types\/post"}],"author":[{"embeddable":true,"href":"https:\/\/linitiative.ca\/International\/wp-json\/wp\/v2\/users\/1788"}],"replies":[{"embeddable":true,"href":"https:\/\/linitiative.ca\/International\/wp-json\/wp\/v2\/comments?post=82919"}],"version-history":[{"count":0,"href":"https:\/\/linitiative.ca\/International\/wp-json\/wp\/v2\/posts\/82919\/revisions"}],"wp:attachment":[{"href":"https:\/\/linitiative.ca\/International\/wp-json\/wp\/v2\/media?parent=82919"}],"wp:term":[{"taxonomy":"category","embeddable":true,"href":"https:\/\/linitiative.ca\/International\/wp-json\/wp\/v2\/categories?post=82919"},{"taxonomy":"post_tag","embeddable":true,"href":"https:\/\/linitiative.ca\/International\/wp-json\/wp\/v2\/tags?post=82919"}],"curies":[{"name":"wp","href":"https:\/\/api.w.org\/{rel}","templated":true}]}}