{"id":82920,"date":"2020-04-19T11:51:51","date_gmt":"2020-04-19T15:51:51","guid":{"rendered":"https:\/\/linitiative.ca\/International\/psa-maroc-la-reprise-pas-encore-fixee\/"},"modified":"2020-04-19T11:51:51","modified_gmt":"2020-04-19T15:51:51","slug":"psa-maroc-la-reprise-pas-encore-fixee","status":"publish","type":"post","link":"https:\/\/linitiative.ca\/International\/psa-maroc-la-reprise-pas-encore-fixee\/","title":{"rendered":"PSA Maroc: La reprise pas encore fix\u00e9e"},"content":{"rendered":"<div class=\"author\" readability=\"5.79310344828\">Par <a href=\"\/content\/amin-rboub\">Amin RBOUB<\/a> <a href=\"\/node\/\"> <\/a> | Edition N\u00b0:5744 Le 20\/04\/2020 | Partager <\/div>\n<div class=\"body\">\n<div class=\"field field-name-body field-type-text-with-summary field-label-hidden\">\n<div class=\"field-items\" readability=\"9.5\">\n<div class=\"field-item even\" property=\"content:encoded\" readability=\"14\">\n<p class=\"rtejustify\">Si le groupe Renault a d\u00e9cid\u00e9 de reprendre ses activit\u00e9s industrielles au Maroc, d\u00e8s fin avril 2020, chez PSA aucune d\u00e9cision n\u2019a encore \u00e9t\u00e9 prise. Contact\u00e9 par L\u2019Economiste, le constructeur automobile assure \u00abqu\u2019un calendrier de reprise progressive et s\u00e9curis\u00e9e est \u00e0 l\u2019\u00e9tude, mais aucune date de reprise de la production \u00e0 Kenitra n\u2019est fix\u00e9e. Des audits r\u00e9guliers sont effectu\u00e9s pour garantir la mise en \u0153uvre stricte et rigoureuse des protocoles de pr\u00e9vention\u00bb.<em> <\/em><\/p>\n<p class=\"rtejustify\"><em>A.R.<\/em><\/p>\n<\/div>\n<\/div>\n<\/div>\n<\/div>\n<div class=\"eco-conseil\">\n<div class=\"view view-eco-conseil-16 view-id-eco_conseil_16 view-display-id-cookies view-dom-id-208c7dd81e8d378cc141f14d6f746a8b\">\n<div class=\"view-content\">\n<div id=\"views-bootstrap-grid-1\" class=\"views-bootstrap-grid-plugin-style\">\n<div class=\"row\">\n<div class=\" col-xs-12 col-lg-4\">\n<div class=\"row\">\n<div class=\"col col-xs-12 col-lg-12\">\n<div class=\"field-content\"><a href=\"\/article\/1060795-eqdom-une-ago-incertaine-le-20-mai\"><img loading=\"lazy\" decoding=\"async\" class=\"img-responsive\" typeof=\"foaf:Image\" src=\"https:\/\/www.leconomiste.com\/sites\/default\/files\/eco7\/public\/styles\/800x400\/public\/default_images\/default_une.jpg?itok=4jZlgnIZ\" width=\"660\" height=\"330\" alt=\"\"\/><\/a><\/div>\n<\/div>\n<div class=\" title_suite_2 col col-xs-12 col-lg-12\"> <a href=\"\/article\/1060795-eqdom-une-ago-incertaine-le-20-mai\"\/><span class=\"field-content\">Eqdom: Une AGO \u00abincertaine\u00bb le 20 mai<\/span><\/div>\n<\/div>\n<\/div>\n<div class=\" col-xs-12 col-lg-4\">\n<div class=\"row\">\n<div class=\"col col-xs-12 col-lg-12\">\n<div class=\"field-content\"><a href=\"\/article\/1060765-les-notaires-decident-d-ouvrir-partir-du-23-avril\"><img loading=\"lazy\" decoding=\"async\" class=\"img-responsive\" typeof=\"foaf:Image\" src=\"https:\/\/www.leconomiste.com\/sites\/default\/files\/eco7\/public\/styles\/800x400\/public\/default_images\/default_une.jpg?itok=4jZlgnIZ\" width=\"660\" height=\"330\" alt=\"\"\/><\/a><\/div>\n<\/div>\n<div class=\" title_suite_2 col col-xs-12 col-lg-12\"> <a href=\"\/article\/1060765-les-notaires-decident-d-ouvrir-partir-du-23-avril\"\/><span class=\"field-content\">Les notaires d\u00e9cident d\u2019ouvrir \u00e0 partir du 23 avril<\/span><\/div>\n<\/div>\n<\/div>\n<div class=\" col-xs-12 col-lg-4\">\n<div class=\"row\">\n<div class=\"col col-xs-12 col-lg-12\">\n<div class=\"field-content\"><a href=\"\/article\/1060764-le-syndicat-des-banquiers-porte-plainte-contre-hit-radio\"><img loading=\"lazy\" decoding=\"async\" class=\"img-responsive\" typeof=\"foaf:Image\" src=\"https:\/\/www.leconomiste.com\/sites\/default\/files\/eco7\/public\/styles\/800x400\/public\/default_images\/default_une.jpg?itok=4jZlgnIZ\" width=\"660\" height=\"330\" alt=\"\"\/><\/a><\/div>\n<\/div>\n<div class=\" title_suite_2 col col-xs-12 col-lg-12\"> <a href=\"\/article\/1060764-le-syndicat-des-banquiers-porte-plainte-contre-hit-radio\"\/><span class=\"field-content\">Le syndicat des banquiers porte plainte contre Hit Radio<\/span><\/div>\n<\/div>\n<\/div>\n<\/div>\n<\/div>\n<\/div>\n<\/div>\n<\/div>\n<p>Auteur: hlafriqi<br \/>\n<a href=\"https:\/\/www.leconomiste.com\/article\/1060762-psa-maroc-la-reprise-pas-encore-fixee\">Cliquez ici pour lire l&rsquo;article depuis sa source.<\/a><\/p>\n","protected":false},"excerpt":{"rendered":"<p>Par Amin RBOUB | Edition N\u00b0:5744 Le 20\/04\/2020 | Partager Si le groupe Renault a d\u00e9cid\u00e9 de reprendre ses activit\u00e9s industrielles au Maroc, d\u00e8s fin avril 2020, chez PSA aucune d\u00e9cision n\u2019a encore \u00e9t\u00e9 prise. Contact\u00e9 par L\u2019Economiste, le constructeur automobile assure \u00abqu\u2019un calendrier de reprise progressive et s\u00e9curis\u00e9e est \u00e0 l\u2019\u00e9tude, mais aucune date [&hellip;]<\/p>\n","protected":false},"author":1763,"featured_media":0,"comment_status":"closed","ping_status":"closed","sticky":false,"template":"","format":"standard","meta":{"fifu_image_url":"","fifu_image_alt":"","footnotes":""},"categories":[78,54],"tags":[],"class_list":["post-82920","post","type-post","status-publish","format-standard","hentry","category-economie","category-maroc"],"_links":{"self":[{"href":"https:\/\/linitiative.ca\/International\/wp-json\/wp\/v2\/posts\/82920","targetHints":{"allow":["GET"]}}],"collection":[{"href":"https:\/\/linitiative.ca\/International\/wp-json\/wp\/v2\/posts"}],"about":[{"href":"https:\/\/linitiative.ca\/International\/wp-json\/wp\/v2\/types\/post"}],"author":[{"embeddable":true,"href":"https:\/\/linitiative.ca\/International\/wp-json\/wp\/v2\/users\/1763"}],"replies":[{"embeddable":true,"href":"https:\/\/linitiative.ca\/International\/wp-json\/wp\/v2\/comments?post=82920"}],"version-history":[{"count":0,"href":"https:\/\/linitiative.ca\/International\/wp-json\/wp\/v2\/posts\/82920\/revisions"}],"wp:attachment":[{"href":"https:\/\/linitiative.ca\/International\/wp-json\/wp\/v2\/media?parent=82920"}],"wp:term":[{"taxonomy":"category","embeddable":true,"href":"https:\/\/linitiative.ca\/International\/wp-json\/wp\/v2\/categories?post=82920"},{"taxonomy":"post_tag","embeddable":true,"href":"https:\/\/linitiative.ca\/International\/wp-json\/wp\/v2\/tags?post=82920"}],"curies":[{"name":"wp","href":"https:\/\/api.w.org\/{rel}","templated":true}]}}