{"id":82923,"date":"2020-04-19T11:56:14","date_gmt":"2020-04-19T15:56:14","guid":{"rendered":"https:\/\/linitiative.ca\/International\/les-notaires-decident-douvrir-a-partir-du-23-avril\/"},"modified":"2020-04-19T11:56:14","modified_gmt":"2020-04-19T15:56:14","slug":"les-notaires-decident-douvrir-a-partir-du-23-avril","status":"publish","type":"post","link":"https:\/\/linitiative.ca\/International\/les-notaires-decident-douvrir-a-partir-du-23-avril\/","title":{"rendered":"Les notaires d\u00e9cident d\u2019ouvrir \u00e0 partir du 23 avril"},"content":{"rendered":"<div class=\"body\">\n<div class=\"field field-name-body field-type-text-with-summary field-label-hidden\">\n<div class=\"field-items\" readability=\"7.5\">\n<div class=\"field-item even\" property=\"content:encoded\" readability=\"10\">\n<p class=\"rtejustify\">L\u2019Ordre des Notaires d\u00e9cide la reprise d\u2019activit\u00e9 pour les \u00e9tudes notariales d\u00e8s jeudi 23 avril 2020. Elle sera progressive et facultative. L\u2019instance assure qu\u2019elle va veiller au strict respect des mesures sanitaires. Son conseil national va adopter aussi des recommandations pour permettre aux notaires de reprendre leur travail. Il est question aussi de relancer le projet de l\u2019acte notarial \u00e9lectronique.<br \/>Ce chantier d\u00e9pend de \u00abl\u2019ach\u00e8vement du processus d\u2019\u00e9change \u00e9lectronique des donn\u00e9es entre la profession et les administrations partenaires\u00bb comme le fisc et la conservation fonci\u00e8re. L\u2019Ordre de notaires requiert aussi \u00abl\u2019accompagnement r\u00e9glementaire\u00bb de l\u2019acte notarial \u00e9lectronique. Il propose de ne pas exiger le d\u00e9p\u00f4t physique de l\u2019acte aupr\u00e8s de la Conservation Fonci\u00e8re ainsi que la d\u00e9mat\u00e9rialisation de l\u2019attestation de paiement des imp\u00f4ts et taxes. Ces proc\u00e9dures sont faisables \u00abimm\u00e9diatement\u00bb si les pouvoirs publics donnent leur accord. Et \u00e0 condition d\u2019\u00e9largir l\u2019utilisation de la signature \u00e9lectronique eSign et le certificat s\u00e9curis\u00e9.<\/p>\n<p class=\"rtejustify\"><em>F.F.<\/em><\/p>\n<\/div>\n<\/div>\n<\/div>\n<\/div>\n<div class=\"eco-conseil\">\n<div class=\"view view-eco-conseil-16 view-id-eco_conseil_16 view-display-id-cookies view-dom-id-b50946ab34782701433b8535b6ee013a\">\n<div class=\"view-content\">\n<div id=\"views-bootstrap-grid-1\" class=\"views-bootstrap-grid-plugin-style\">\n<div class=\"row\">\n<div class=\" col-xs-12 col-lg-4\">\n<div class=\"row\">\n<div class=\"col col-xs-12 col-lg-12\">\n<div class=\"field-content\"><a href=\"\/article\/1060795-eqdom-une-ago-incertaine-le-20-mai\"><img loading=\"lazy\" decoding=\"async\" class=\"img-responsive\" typeof=\"foaf:Image\" src=\"https:\/\/www.leconomiste.com\/sites\/default\/files\/eco7\/public\/styles\/800x400\/public\/default_images\/default_une.jpg?itok=4jZlgnIZ\" width=\"660\" height=\"330\" alt=\"\"\/><\/a><\/div>\n<\/div>\n<div class=\" title_suite_2 col col-xs-12 col-lg-12\"> <a href=\"\/article\/1060795-eqdom-une-ago-incertaine-le-20-mai\"\/><span class=\"field-content\">Eqdom: Une AGO \u00abincertaine\u00bb le 20 mai<\/span><\/div>\n<\/div>\n<\/div>\n<div class=\" col-xs-12 col-lg-4\">\n<div class=\"row\">\n<div class=\"col col-xs-12 col-lg-12\">\n<div class=\"field-content\"><a href=\"\/article\/1060764-le-syndicat-des-banquiers-porte-plainte-contre-hit-radio\"><img loading=\"lazy\" decoding=\"async\" class=\"img-responsive\" typeof=\"foaf:Image\" src=\"https:\/\/www.leconomiste.com\/sites\/default\/files\/eco7\/public\/styles\/800x400\/public\/default_images\/default_une.jpg?itok=4jZlgnIZ\" width=\"660\" height=\"330\" alt=\"\"\/><\/a><\/div>\n<\/div>\n<div class=\" title_suite_2 col col-xs-12 col-lg-12\"> <a href=\"\/article\/1060764-le-syndicat-des-banquiers-porte-plainte-contre-hit-radio\"\/><span class=\"field-content\">Le syndicat des banquiers porte plainte contre Hit Radio<\/span><\/div>\n<\/div>\n<\/div>\n<div class=\" col-xs-12 col-lg-4\">\n<div class=\"row\">\n<div class=\"col col-xs-12 col-lg-12\">\n<div class=\"field-content\"><a href=\"\/article\/1060763-l-onigt-contribue-au-fonds\"><img loading=\"lazy\" decoding=\"async\" class=\"img-responsive\" typeof=\"foaf:Image\" src=\"https:\/\/www.leconomiste.com\/sites\/default\/files\/eco7\/public\/styles\/800x400\/public\/default_images\/default_une.jpg?itok=4jZlgnIZ\" width=\"660\" height=\"330\" alt=\"\"\/><\/a><\/div>\n<\/div>\n<div class=\" title_suite_2 col col-xs-12 col-lg-12\"> <a href=\"\/article\/1060763-l-onigt-contribue-au-fonds\"\/><span class=\"field-content\">L\u2019ONIGT contribue au fonds<\/span><\/div>\n<\/div>\n<\/div>\n<\/div>\n<\/div>\n<\/div>\n<\/div>\n<\/div>\n<p>Auteur: hlafriqi<br \/>\n<a href=\"https:\/\/www.leconomiste.com\/article\/1060765-les-notaires-decident-d-ouvrir-partir-du-23-avril\">Cliquez ici pour lire l&rsquo;article depuis sa source.<\/a><\/p>\n","protected":false},"excerpt":{"rendered":"<p>L\u2019Ordre des Notaires d\u00e9cide la reprise d\u2019activit\u00e9 pour les \u00e9tudes notariales d\u00e8s jeudi 23 avril 2020. Elle sera progressive et facultative. L\u2019instance assure qu\u2019elle va veiller au strict respect des mesures sanitaires. Son conseil national va adopter aussi des recommandations pour permettre aux notaires de reprendre leur travail. Il est question aussi de relancer le [&hellip;]<\/p>\n","protected":false},"author":1763,"featured_media":0,"comment_status":"closed","ping_status":"closed","sticky":false,"template":"","format":"standard","meta":{"fifu_image_url":"","fifu_image_alt":"","footnotes":""},"categories":[78,54],"tags":[],"class_list":["post-82923","post","type-post","status-publish","format-standard","hentry","category-economie","category-maroc"],"_links":{"self":[{"href":"https:\/\/linitiative.ca\/International\/wp-json\/wp\/v2\/posts\/82923","targetHints":{"allow":["GET"]}}],"collection":[{"href":"https:\/\/linitiative.ca\/International\/wp-json\/wp\/v2\/posts"}],"about":[{"href":"https:\/\/linitiative.ca\/International\/wp-json\/wp\/v2\/types\/post"}],"author":[{"embeddable":true,"href":"https:\/\/linitiative.ca\/International\/wp-json\/wp\/v2\/users\/1763"}],"replies":[{"embeddable":true,"href":"https:\/\/linitiative.ca\/International\/wp-json\/wp\/v2\/comments?post=82923"}],"version-history":[{"count":0,"href":"https:\/\/linitiative.ca\/International\/wp-json\/wp\/v2\/posts\/82923\/revisions"}],"wp:attachment":[{"href":"https:\/\/linitiative.ca\/International\/wp-json\/wp\/v2\/media?parent=82923"}],"wp:term":[{"taxonomy":"category","embeddable":true,"href":"https:\/\/linitiative.ca\/International\/wp-json\/wp\/v2\/categories?post=82923"},{"taxonomy":"post_tag","embeddable":true,"href":"https:\/\/linitiative.ca\/International\/wp-json\/wp\/v2\/tags?post=82923"}],"curies":[{"name":"wp","href":"https:\/\/api.w.org\/{rel}","templated":true}]}}