{"id":82924,"date":"2020-04-20T11:54:18","date_gmt":"2020-04-20T15:54:18","guid":{"rendered":"https:\/\/linitiative.ca\/International\/eqdom-une-ago-incertaine-le-20-mai\/"},"modified":"2020-04-20T11:54:18","modified_gmt":"2020-04-20T15:54:18","slug":"eqdom-une-ago-incertaine-le-20-mai","status":"publish","type":"post","link":"https:\/\/linitiative.ca\/International\/eqdom-une-ago-incertaine-le-20-mai\/","title":{"rendered":"Eqdom: Une AGO \u00abincertaine\u00bb le 20 mai"},"content":{"rendered":"<div class=\"body\">\n<div class=\"field field-name-body field-type-text-with-summary field-label-hidden\">\n<div class=\"field-items\" readability=\"9.5\">\n<div class=\"field-item even\" property=\"content:encoded\" readability=\"14\">\n<p class=\"rtejustify\">La soci\u00e9t\u00e9 de cr\u00e9dit \u00e0 la consommation va distribuer un dividende de 80 DH par action, soit la quasi-totalit\u00e9 de son r\u00e9sultat 2019, \u00e0 partir du 25 juin aux guichets de Soci\u00e9t\u00e9 G\u00e9n\u00e9rale Maroc. Cette d\u00e9cision sera au pr\u00e9alable soumise \u00e0 l\u2019approbation des actionnaires en assembl\u00e9e g\u00e9n\u00e9rale le 20 mai prochain. Cette date reste incertaine en raison des mesures de pr\u00e9vention contre la propagation du coronavirus. Le confinement vient d\u2019\u00eatre prolong\u00e9 jusqu\u2019au 20 mai. Cette assembl\u00e9e g\u00e9n\u00e9rale devra, entre autres, approuver le renouvellement pour trois ans du mandat de Mazars au commissariat aux comptes et la nomination pour la m\u00eame dur\u00e9e de Fidaroc Grant Thornton \u00e0 la place de Deloitte.<\/p>\n<p><em>F.Fa<\/em><\/p>\n<\/div>\n<\/div>\n<\/div>\n<\/div>\n<div class=\"eco-conseil\">\n<div class=\"view view-eco-conseil-16 view-id-eco_conseil_16 view-display-id-cookies view-dom-id-131d323556fbab99162d95c83a3834a4\">\n<div class=\"view-content\">\n<div id=\"views-bootstrap-grid-1\" class=\"views-bootstrap-grid-plugin-style\">\n<div class=\"row\">\n<div class=\" col-xs-12 col-lg-4\">\n<div class=\"row\">\n<div class=\"col col-xs-12 col-lg-12\">\n<div class=\"field-content\"><a href=\"\/article\/1060765-les-notaires-decident-d-ouvrir-partir-du-23-avril\"><img loading=\"lazy\" decoding=\"async\" class=\"img-responsive\" typeof=\"foaf:Image\" src=\"https:\/\/www.leconomiste.com\/sites\/default\/files\/eco7\/public\/styles\/800x400\/public\/default_images\/default_une.jpg?itok=4jZlgnIZ\" width=\"660\" height=\"330\" alt=\"\"\/><\/a><\/div>\n<\/div>\n<div class=\" title_suite_2 col col-xs-12 col-lg-12\"> <a href=\"\/article\/1060765-les-notaires-decident-d-ouvrir-partir-du-23-avril\"\/><span class=\"field-content\">Les notaires d\u00e9cident d\u2019ouvrir \u00e0 partir du 23 avril<\/span><\/div>\n<\/div>\n<\/div>\n<div class=\" col-xs-12 col-lg-4\">\n<div class=\"row\">\n<div class=\"col col-xs-12 col-lg-12\">\n<div class=\"field-content\"><a href=\"\/article\/1060764-le-syndicat-des-banquiers-porte-plainte-contre-hit-radio\"><img loading=\"lazy\" decoding=\"async\" class=\"img-responsive\" typeof=\"foaf:Image\" src=\"https:\/\/www.leconomiste.com\/sites\/default\/files\/eco7\/public\/styles\/800x400\/public\/default_images\/default_une.jpg?itok=4jZlgnIZ\" width=\"660\" height=\"330\" alt=\"\"\/><\/a><\/div>\n<\/div>\n<div class=\" title_suite_2 col col-xs-12 col-lg-12\"> <a href=\"\/article\/1060764-le-syndicat-des-banquiers-porte-plainte-contre-hit-radio\"\/><span class=\"field-content\">Le syndicat des banquiers porte plainte contre Hit Radio<\/span><\/div>\n<\/div>\n<\/div>\n<div class=\" col-xs-12 col-lg-4\">\n<div class=\"row\">\n<div class=\"col col-xs-12 col-lg-12\">\n<div class=\"field-content\"><a href=\"\/article\/1060763-l-onigt-contribue-au-fonds\"><img loading=\"lazy\" decoding=\"async\" class=\"img-responsive\" typeof=\"foaf:Image\" src=\"https:\/\/www.leconomiste.com\/sites\/default\/files\/eco7\/public\/styles\/800x400\/public\/default_images\/default_une.jpg?itok=4jZlgnIZ\" width=\"660\" height=\"330\" alt=\"\"\/><\/a><\/div>\n<\/div>\n<div class=\" title_suite_2 col col-xs-12 col-lg-12\"> <a href=\"\/article\/1060763-l-onigt-contribue-au-fonds\"\/><span class=\"field-content\">L\u2019ONIGT contribue au fonds<\/span><\/div>\n<\/div>\n<\/div>\n<\/div>\n<\/div>\n<\/div>\n<\/div>\n<\/div>\n<p>Auteur: hlafriqi<br \/>\n<a href=\"https:\/\/www.leconomiste.com\/article\/1060795-eqdom-une-ago-incertaine-le-20-mai\">Cliquez ici pour lire l&rsquo;article depuis sa source.<\/a><\/p>\n","protected":false},"excerpt":{"rendered":"<p>La soci\u00e9t\u00e9 de cr\u00e9dit \u00e0 la consommation va distribuer un dividende de 80 DH par action, soit la quasi-totalit\u00e9 de son r\u00e9sultat 2019, \u00e0 partir du 25 juin aux guichets de Soci\u00e9t\u00e9 G\u00e9n\u00e9rale Maroc. Cette d\u00e9cision sera au pr\u00e9alable soumise \u00e0 l\u2019approbation des actionnaires en assembl\u00e9e g\u00e9n\u00e9rale le 20 mai prochain. Cette date reste incertaine [&hellip;]<\/p>\n","protected":false},"author":1763,"featured_media":0,"comment_status":"closed","ping_status":"closed","sticky":false,"template":"","format":"standard","meta":{"fifu_image_url":"","fifu_image_alt":"","footnotes":""},"categories":[78,54],"tags":[],"class_list":["post-82924","post","type-post","status-publish","format-standard","hentry","category-economie","category-maroc"],"_links":{"self":[{"href":"https:\/\/linitiative.ca\/International\/wp-json\/wp\/v2\/posts\/82924","targetHints":{"allow":["GET"]}}],"collection":[{"href":"https:\/\/linitiative.ca\/International\/wp-json\/wp\/v2\/posts"}],"about":[{"href":"https:\/\/linitiative.ca\/International\/wp-json\/wp\/v2\/types\/post"}],"author":[{"embeddable":true,"href":"https:\/\/linitiative.ca\/International\/wp-json\/wp\/v2\/users\/1763"}],"replies":[{"embeddable":true,"href":"https:\/\/linitiative.ca\/International\/wp-json\/wp\/v2\/comments?post=82924"}],"version-history":[{"count":0,"href":"https:\/\/linitiative.ca\/International\/wp-json\/wp\/v2\/posts\/82924\/revisions"}],"wp:attachment":[{"href":"https:\/\/linitiative.ca\/International\/wp-json\/wp\/v2\/media?parent=82924"}],"wp:term":[{"taxonomy":"category","embeddable":true,"href":"https:\/\/linitiative.ca\/International\/wp-json\/wp\/v2\/categories?post=82924"},{"taxonomy":"post_tag","embeddable":true,"href":"https:\/\/linitiative.ca\/International\/wp-json\/wp\/v2\/tags?post=82924"}],"curies":[{"name":"wp","href":"https:\/\/api.w.org\/{rel}","templated":true}]}}