{"id":82925,"date":"2020-04-20T15:11:37","date_gmt":"2020-04-20T19:11:37","guid":{"rendered":"https:\/\/linitiative.ca\/International\/pros-monaco-un-salaire-reduit-de-moitie-pour-slimani\/"},"modified":"2020-04-20T15:11:37","modified_gmt":"2020-04-20T19:11:37","slug":"pros-monaco-un-salaire-reduit-de-moitie-pour-slimani","status":"publish","type":"post","link":"https:\/\/linitiative.ca\/International\/pros-monaco-un-salaire-reduit-de-moitie-pour-slimani\/","title":{"rendered":"Pros : Monaco : Un salaire r\u00e9duit de moiti\u00e9 pour Slimani ?"},"content":{"rendered":"<div readability=\"32\">\n<p>Auteur : <span class=\"time\">lundi 20 avril 2020 12:45<\/span><\/p>\n<\/div>\n<div id=\"post_core\" readability=\"38\">\n<p>Face \u00e0 la pand\u00e9mie du Covid-19, la direction de l&rsquo;ASM esp\u00e8re obtenir de ses joueurs un am\u00e9nagement cons\u00e9quent de leurs salaires de fa\u00e7on temporaire. Mais elle en est encore loin\u2026 Le club de la principaut\u00e9, deuxi\u00e8me masse salariale de Ligue 1 fran\u00e7aise et en difficult\u00e9 \u00e9conomiquement, proposerait de diminuer le montant de la paye de ses joueurs de 50% durant la crise sanitaire comme l&rsquo;indique Sport24. Le reste leur serait pay\u00e9 si les diffuseurs acceptent de reverser le montant restants des droits TV de la saison. Des conditions salariales temporaires qui ne sont pour l&rsquo;instant pas accept\u00e9es par les joueurs de la Principaut\u00e9 mais les n\u00e9gociations ont commenc\u00e9 il y a peu de temps.<\/p>\n<p><strong>Publi\u00e9 dans :<\/strong> <span>monaco<\/span><\/p>\n<\/div>\n<p>Auteur:<br \/>\n<a href=\"http:\/\/www.lebuteur.com\/article\/detail?titre=monaco-un-salaire-reduit-de-moitie-pour-slimani&#038;id=95684&#038;utm_source=feedburner&#038;utm_medium=feed&#038;utm_campaign=Feed%3A+GalerieFArtciles+%28Les+derniers+articles++-+lebuteur.com%29\">Cliquez ici pour lire l&rsquo;article depuis sa source.<\/a><\/p>\n","protected":false},"excerpt":{"rendered":"<p>Auteur : lundi 20 avril 2020 12:45 Face \u00e0 la pand\u00e9mie du Covid-19, la direction de l&rsquo;ASM esp\u00e8re obtenir de ses joueurs un am\u00e9nagement cons\u00e9quent de leurs salaires de fa\u00e7on temporaire. Mais elle en est encore loin\u2026 Le club de la principaut\u00e9, deuxi\u00e8me masse salariale de Ligue 1 fran\u00e7aise et en difficult\u00e9 \u00e9conomiquement, proposerait de [&hellip;]<\/p>\n","protected":false},"author":1738,"featured_media":82926,"comment_status":"closed","ping_status":"closed","sticky":false,"template":"","format":"standard","meta":{"fifu_image_url":"","fifu_image_alt":"","footnotes":""},"categories":[53,75],"tags":[],"class_list":["post-82925","post","type-post","status-publish","format-standard","has-post-thumbnail","hentry","category-algerie","category-sport"],"_links":{"self":[{"href":"https:\/\/linitiative.ca\/International\/wp-json\/wp\/v2\/posts\/82925","targetHints":{"allow":["GET"]}}],"collection":[{"href":"https:\/\/linitiative.ca\/International\/wp-json\/wp\/v2\/posts"}],"about":[{"href":"https:\/\/linitiative.ca\/International\/wp-json\/wp\/v2\/types\/post"}],"author":[{"embeddable":true,"href":"https:\/\/linitiative.ca\/International\/wp-json\/wp\/v2\/users\/1738"}],"replies":[{"embeddable":true,"href":"https:\/\/linitiative.ca\/International\/wp-json\/wp\/v2\/comments?post=82925"}],"version-history":[{"count":0,"href":"https:\/\/linitiative.ca\/International\/wp-json\/wp\/v2\/posts\/82925\/revisions"}],"wp:featuredmedia":[{"embeddable":true,"href":"https:\/\/linitiative.ca\/International\/wp-json\/"}],"wp:attachment":[{"href":"https:\/\/linitiative.ca\/International\/wp-json\/wp\/v2\/media?parent=82925"}],"wp:term":[{"taxonomy":"category","embeddable":true,"href":"https:\/\/linitiative.ca\/International\/wp-json\/wp\/v2\/categories?post=82925"},{"taxonomy":"post_tag","embeddable":true,"href":"https:\/\/linitiative.ca\/International\/wp-json\/wp\/v2\/tags?post=82925"}],"curies":[{"name":"wp","href":"https:\/\/api.w.org\/{rel}","templated":true}]}}