{"id":82931,"date":"2020-04-20T15:11:43","date_gmt":"2020-04-20T19:11:43","guid":{"rendered":"https:\/\/linitiative.ca\/International\/international-brescia-lavenir-de-sandro-tonali-serait-trace\/"},"modified":"2020-04-20T15:11:43","modified_gmt":"2020-04-20T19:11:43","slug":"international-brescia-lavenir-de-sandro-tonali-serait-trace","status":"publish","type":"post","link":"https:\/\/linitiative.ca\/International\/international-brescia-lavenir-de-sandro-tonali-serait-trace\/","title":{"rendered":"International : Brescia : l\u2019avenir de Sandro Tonali serait trac\u00e9"},"content":{"rendered":"<div readability=\"32\">\n<p>Auteur : <span class=\"time\">lundi 20 avril 2020 16:00<\/span><\/p>\n<\/div>\n<div id=\"post_core\" readability=\"43\">\n<p>En effet, si l\u2019on en croit Les-Transferts, les Turinois seraient en pole sur ce dossier aupr\u00e8s de la direction de Brescia et aurait la pr\u00e9f\u00e9rence du milieu de terrain. Le joueur de 19 ans a un contrat qui court jusqu\u2019en juin 2021 avec sa formation, mais dispose d\u2019une ann\u00e9e suppl\u00e9mentaire en option dans son bail.<\/p>\n<p>Cette saison, il a inscrit 1 but en 23 rencontres de Serie A.<\/p>\n<p><strong>Publi\u00e9 dans :<\/strong> <span>Brescia : Sandro Tonali<\/span><\/p>\n<\/div>\n<p>Auteur:<br \/>\n<a href=\"http:\/\/www.lebuteur.com\/article\/detail?titre=brescia-lavenir-de-sandro-tonali-serait-trace&#038;id=95687&#038;utm_source=feedburner&#038;utm_medium=feed&#038;utm_campaign=Feed%3A+GalerieFArtciles+%28Les+derniers+articles++-+lebuteur.com%29\">Cliquez ici pour lire l&rsquo;article depuis sa source.<\/a><\/p>\n","protected":false},"excerpt":{"rendered":"<p>Auteur : lundi 20 avril 2020 16:00 En effet, si l\u2019on en croit Les-Transferts, les Turinois seraient en pole sur ce dossier aupr\u00e8s de la direction de Brescia et aurait la pr\u00e9f\u00e9rence du milieu de terrain. Le joueur de 19 ans a un contrat qui court jusqu\u2019en juin 2021 avec sa formation, mais dispose d\u2019une [&hellip;]<\/p>\n","protected":false},"author":1738,"featured_media":82932,"comment_status":"closed","ping_status":"closed","sticky":false,"template":"","format":"standard","meta":{"fifu_image_url":"","fifu_image_alt":"","footnotes":""},"categories":[53,75],"tags":[],"class_list":["post-82931","post","type-post","status-publish","format-standard","has-post-thumbnail","hentry","category-algerie","category-sport"],"_links":{"self":[{"href":"https:\/\/linitiative.ca\/International\/wp-json\/wp\/v2\/posts\/82931","targetHints":{"allow":["GET"]}}],"collection":[{"href":"https:\/\/linitiative.ca\/International\/wp-json\/wp\/v2\/posts"}],"about":[{"href":"https:\/\/linitiative.ca\/International\/wp-json\/wp\/v2\/types\/post"}],"author":[{"embeddable":true,"href":"https:\/\/linitiative.ca\/International\/wp-json\/wp\/v2\/users\/1738"}],"replies":[{"embeddable":true,"href":"https:\/\/linitiative.ca\/International\/wp-json\/wp\/v2\/comments?post=82931"}],"version-history":[{"count":0,"href":"https:\/\/linitiative.ca\/International\/wp-json\/wp\/v2\/posts\/82931\/revisions"}],"wp:featuredmedia":[{"embeddable":true,"href":"https:\/\/linitiative.ca\/International\/wp-json\/"}],"wp:attachment":[{"href":"https:\/\/linitiative.ca\/International\/wp-json\/wp\/v2\/media?parent=82931"}],"wp:term":[{"taxonomy":"category","embeddable":true,"href":"https:\/\/linitiative.ca\/International\/wp-json\/wp\/v2\/categories?post=82931"},{"taxonomy":"post_tag","embeddable":true,"href":"https:\/\/linitiative.ca\/International\/wp-json\/wp\/v2\/tags?post=82931"}],"curies":[{"name":"wp","href":"https:\/\/api.w.org\/{rel}","templated":true}]}}