{"id":82935,"date":"2020-04-20T15:16:34","date_gmt":"2020-04-20T19:16:34","guid":{"rendered":"https:\/\/linitiative.ca\/International\/ministere-de-lenvironnement-500-lits-medicaux-et-du-materiel-de-prevention-offerts-a-plusieurs-corps\/"},"modified":"2020-04-20T15:16:34","modified_gmt":"2020-04-20T19:16:34","slug":"ministere-de-lenvironnement-500-lits-medicaux-et-du-materiel-de-prevention-offerts-a-plusieurs-corps","status":"publish","type":"post","link":"https:\/\/linitiative.ca\/International\/ministere-de-lenvironnement-500-lits-medicaux-et-du-materiel-de-prevention-offerts-a-plusieurs-corps\/","title":{"rendered":"Minist\u00e8re de l&rsquo;Environnement : 500 lits m\u00e9dicaux et du mat\u00e9riel de pr\u00e9vention offerts \u00e0 plusieurs corps"},"content":{"rendered":"<div class=\"TxArtcile\" readability=\"39\">\n<p>Le minist\u00e8re de l&rsquo;Environnement et des Energies renouvelables a offert, dans le cadre des efforts nationaux visant la lutte contre la propagation du nouveau coronavirus (Covid-19), un total de 500 lits m\u00e9dicaux et une quantit\u00e9 consid\u00e9rable de produits d\u00e9sinfectants et autres \u00e9quipements m\u00e9dicaux et ce au profit de plusieurs corps, notamment les \u00e9tablissements hospitaliers, indique lundi un communiqu\u00e9 du minist\u00e8re.<br \/>Outre les diff\u00e9rentes activit\u00e9s et op\u00e9rations de solidarit\u00e9 lanc\u00e9es par le minist\u00e8re durant la p\u00e9riode allant du 19 mars au 19 avril en cours \u00e0 m\u00eame d&rsquo;endiguer la propagation du covid-19, il a \u00e9t\u00e9 proc\u00e9d\u00e9 \u00e0 la distribution d&rsquo;un total de 500 lits m\u00e9dicaux et d&rsquo;une quantit\u00e9 consid\u00e9rable d&rsquo;\u00e9quipements de protection, dont des bavettes, des gants, des chaussures et plus de 2.000 bennes \u00e0 ordures au profit des corps sanitaires et des agents d&rsquo;hygi\u00e8ne, note le communiqu\u00e9.<br \/>Le minist\u00e8re a effectu\u00e9 9.342 op\u00e9rations de d\u00e9sinfection au niveau des \u00e9tablissements hospitaliers de Blida, Alger, Oran, Mascara, Bejaia et Biskra, en sus des administrations publiques, des cit\u00e9s et de l&rsquo;entr\u00e9e des immeubles, outre l&rsquo;\u00e9radication de 973 points noirs et le suivi quotidien des op\u00e9rations d&rsquo;\u00e9radication de d\u00e9chets hospitaliers \u00e0 travers l&rsquo;ensemble des h\u00f4pitaux, ajoute la source. Concernant le volet de la sensibilisation, un total de 773<br \/>campagnes de sensibilisation ont \u00e9t\u00e9 lanc\u00e9es par le minist\u00e8re via les textos, les affiches, et les hauts parleurs, outre un total de 269 diff\u00e9rentes couvertures m\u00e9diatiques.<br \/>S&rsquo;agissant de la solidarit\u00e9 avec les citoyens et les familles touch\u00e9es, le minist\u00e8re a proc\u00e9d\u00e9 \u00e0 la distribution de 10.937 couffins au profit de ces familles, plus de 66 quintaux de semoule et 40 quintaux<br \/>de farine, en sus de 15 autres op\u00e9rations de solidarit\u00e9 relatives \u00e0 la distribution de bouteille de gaz butane, de d\u00e9tergents<br \/>et de produits d\u00e9sinfectants et d&rsquo;eau potable, outre l&rsquo;envoi de caravanes de solidarit\u00e9 en direction de plusieurs wilayas du pays.<br \/>Un concours national de dessin, de recyclage, de po\u00e9sie et de montage vid\u00e9o a \u00e9t\u00e9 organis\u00e9 par le minist\u00e8re au profit des \u00e9l\u00e8ves dans le souci de leur permettre de les occuper chez eux, conclut la source.<\/p>\n<\/div>\n<div class=\"ModliArtilUne\">\n<ul>\n<li><strong>Publi\u00e9 dans :<\/strong><\/li>\n<\/ul>\n<\/div>\n<div class=\"MbComIns\" id=\"newcom\" readability=\"5.69402985075\">\n<h6>DONNEZ VOTRE AVIS<\/h6>\n<p>Il n&rsquo;y a actuellement aucune r\u00e9action \u00e0 cette information. Soyez le premier \u00e0 r\u00e9agir !<\/p>\n<p><a href=\"\" rel=\"#popup\" class=\"login resetbutton\">Identifiez-vous<\/a><a class=\"button\" href=\"http:\/\/www.elmoudjahid.com\/fr\/inscription\/\"><span>S&rsquo;inscrire<\/span><\/a><\/p>\n<\/div>\n<p>Auteur: elmoudjahid<br \/>\n<a href=\"http:\/\/www.elmoudjahid.com\/fr\/actualites\/151872\">Cliquez ici pour lire l&rsquo;article depuis sa source.<\/a><\/p>\n","protected":false},"excerpt":{"rendered":"<p>Le minist\u00e8re de l&rsquo;Environnement et des Energies renouvelables a offert, dans le cadre des efforts nationaux visant la lutte contre la propagation du nouveau coronavirus (Covid-19), un total de 500 lits m\u00e9dicaux et une quantit\u00e9 consid\u00e9rable de produits d\u00e9sinfectants et autres \u00e9quipements m\u00e9dicaux et ce au profit de plusieurs corps, notamment les \u00e9tablissements hospitaliers, indique [&hellip;]<\/p>\n","protected":false},"author":1744,"featured_media":0,"comment_status":"closed","ping_status":"closed","sticky":false,"template":"","format":"standard","meta":{"fifu_image_url":"","fifu_image_alt":"","footnotes":""},"categories":[73,53],"tags":[],"class_list":["post-82935","post","type-post","status-publish","format-standard","hentry","category-actualite","category-algerie"],"_links":{"self":[{"href":"https:\/\/linitiative.ca\/International\/wp-json\/wp\/v2\/posts\/82935","targetHints":{"allow":["GET"]}}],"collection":[{"href":"https:\/\/linitiative.ca\/International\/wp-json\/wp\/v2\/posts"}],"about":[{"href":"https:\/\/linitiative.ca\/International\/wp-json\/wp\/v2\/types\/post"}],"author":[{"embeddable":true,"href":"https:\/\/linitiative.ca\/International\/wp-json\/wp\/v2\/users\/1744"}],"replies":[{"embeddable":true,"href":"https:\/\/linitiative.ca\/International\/wp-json\/wp\/v2\/comments?post=82935"}],"version-history":[{"count":0,"href":"https:\/\/linitiative.ca\/International\/wp-json\/wp\/v2\/posts\/82935\/revisions"}],"wp:attachment":[{"href":"https:\/\/linitiative.ca\/International\/wp-json\/wp\/v2\/media?parent=82935"}],"wp:term":[{"taxonomy":"category","embeddable":true,"href":"https:\/\/linitiative.ca\/International\/wp-json\/wp\/v2\/categories?post=82935"},{"taxonomy":"post_tag","embeddable":true,"href":"https:\/\/linitiative.ca\/International\/wp-json\/wp\/v2\/tags?post=82935"}],"curies":[{"name":"wp","href":"https:\/\/api.w.org\/{rel}","templated":true}]}}