{"id":82938,"date":"2020-04-20T15:16:42","date_gmt":"2020-04-20T19:16:42","guid":{"rendered":"https:\/\/linitiative.ca\/International\/smail-chergui-au-sujet-de-la-crise-libyenne-la-non-designation-dun-nouvel-envoye-de-lonu-retarde-le-reglement-pacifique\/"},"modified":"2020-04-20T15:16:42","modified_gmt":"2020-04-20T19:16:42","slug":"smail-chergui-au-sujet-de-la-crise-libyenne-la-non-designation-dun-nouvel-envoye-de-lonu-retarde-le-reglement-pacifique","status":"publish","type":"post","link":"https:\/\/linitiative.ca\/International\/smail-chergui-au-sujet-de-la-crise-libyenne-la-non-designation-dun-nouvel-envoye-de-lonu-retarde-le-reglement-pacifique\/","title":{"rendered":"Smail Chergui au sujet de la crise libyenne  : La non d\u00e9signation  d&rsquo;un nouvel Envoy\u00e9  de l&rsquo;ONU retarde  le r\u00e8glement pacifique"},"content":{"rendered":"<p>Le Commissaire \u00e0 la paix et \u00e0 la s\u00e9curit\u00e9 de l&rsquo;Union africaine (UA), Smail Chergui a regrett\u00e9 la non-d\u00e9signation d&rsquo;un nouvel Envoy\u00e9 sp\u00e9cial de l&rsquo;Organisation des nations unies (ONU) pour la Libye en remplacement de M. Ghassan Salam\u00e9, qui retarde un r\u00e8glement pacifique du conflit sanglant dans ce pays. Dans une d\u00e9claration \u00e0 l&rsquo;APS, M. Chergui a indiqu\u00e9 que \u00ab\u00a0les atermoiements dans la d\u00e9signation d&rsquo;un Envoy\u00e9 sp\u00e9cial de l&rsquo;ONU pour la Libye en remplacement de M. Ghassan Salam\u00e9, qui a d\u00e9missionn\u00e9 depuis pr\u00e8s de deux mois, soul\u00e8vent de nombreuses questions de la part des acteurs et parties concern\u00e9s par le dossier libyen\u00a0\u00bb.<br \/>\u00ab\u00a0En effet, il y a lieu de s\u2019interroger si les efforts consentis visent r\u00e9ellement \u00e0 trouver une solution d\u00e9finitive \u00e0 la crise libyenne ou s&rsquo;agit-il simplement \u00abd\u2019offices \u00e9go\u00efstes\u00bb au service d\u2019int\u00e9r\u00eats et d\u2019agendas \u00e9troits au d\u00e9triment du sort du peuple libyen\u00a0\u00bb, a expliqu\u00e9 M. Chergui.<br \/>D\u00e9plorant la situation de cessez-le-feu en Libye, le Commissaire \u00e0 la paix et \u00e0 la s\u00e9curit\u00e9 de l\u2019UA a expliqu\u00e9 que \u00ab\u00a0tous les espoirs suscit\u00e9s par la conf\u00e9rence de Berlin se sont malheureusement effondr\u00e9s en raison du refus des parties libyennes \u00e0 entendre les appels de l&rsquo;ONU et du pr\u00e9sident de l&rsquo;UA, Cyril Ramaphosa, \u00e0 cesser les affrontements et \u00e0 ouvrir la voie aux efforts visant la lutte contre le Covid-19 et ses retomb\u00e9es socio\u00e9conomiques\u00a0\u00bb.<br \/>Pour M. Chergui, cet \u00e9tat de fait aggrav\u00e9 par la poursuite des ing\u00e9rences \u00e9trang\u00e8res font que la situation dans les territoires libyens \u00ab\u00a0exige une intervention de la communaut\u00e9 internationale pour mettre le hol\u00e0 \u00e0 tous ceux qui sont impliqu\u00e9s dans les affaires de ce pays\u00a0\u00bb.<br \/>Concernant l&rsquo;envoi d&rsquo;une mission d&rsquo;observation conjointe UA-ONU \u00e0 l&rsquo;effet de contr\u00f4ler le cessez-le-feu auquel les parties libyennes s&rsquo;\u00e9taient engag\u00e9es le 12 f\u00e9vrier dernier avec le soutien de la communaut\u00e9 internationale, des pays voisins et de l&rsquo;UA, M. Chergui a r\u00e9pondu que \u00ab\u00a0nous sommes tr\u00e8s loin de cela, car cette \u00e9tape ne peut intervenir qu&rsquo;apr\u00e8s l&rsquo;arr\u00eat des combats et la signature d&rsquo;un cessez-le-feu effectif par les parties \u00ab\u00a0.<\/p>\n<p>Auteur: elmoudjahid<br \/>\n<a href=\"http:\/\/www.elmoudjahid.com\/fr\/actualites\/151875\">Cliquez ici pour lire l&rsquo;article depuis sa source.<\/a><\/p>\n","protected":false},"excerpt":{"rendered":"<p>Le Commissaire \u00e0 la paix et \u00e0 la s\u00e9curit\u00e9 de l&rsquo;Union africaine (UA), Smail Chergui a regrett\u00e9 la non-d\u00e9signation d&rsquo;un nouvel Envoy\u00e9 sp\u00e9cial de l&rsquo;Organisation des nations unies (ONU) pour la Libye en remplacement de M. Ghassan Salam\u00e9, qui retarde un r\u00e8glement pacifique du conflit sanglant dans ce pays. Dans une d\u00e9claration \u00e0 l&rsquo;APS, M. [&hellip;]<\/p>\n","protected":false},"author":1744,"featured_media":0,"comment_status":"closed","ping_status":"closed","sticky":false,"template":"","format":"standard","meta":{"fifu_image_url":"","fifu_image_alt":"","footnotes":""},"categories":[73,53],"tags":[],"class_list":["post-82938","post","type-post","status-publish","format-standard","hentry","category-actualite","category-algerie"],"_links":{"self":[{"href":"https:\/\/linitiative.ca\/International\/wp-json\/wp\/v2\/posts\/82938","targetHints":{"allow":["GET"]}}],"collection":[{"href":"https:\/\/linitiative.ca\/International\/wp-json\/wp\/v2\/posts"}],"about":[{"href":"https:\/\/linitiative.ca\/International\/wp-json\/wp\/v2\/types\/post"}],"author":[{"embeddable":true,"href":"https:\/\/linitiative.ca\/International\/wp-json\/wp\/v2\/users\/1744"}],"replies":[{"embeddable":true,"href":"https:\/\/linitiative.ca\/International\/wp-json\/wp\/v2\/comments?post=82938"}],"version-history":[{"count":0,"href":"https:\/\/linitiative.ca\/International\/wp-json\/wp\/v2\/posts\/82938\/revisions"}],"wp:attachment":[{"href":"https:\/\/linitiative.ca\/International\/wp-json\/wp\/v2\/media?parent=82938"}],"wp:term":[{"taxonomy":"category","embeddable":true,"href":"https:\/\/linitiative.ca\/International\/wp-json\/wp\/v2\/categories?post=82938"},{"taxonomy":"post_tag","embeddable":true,"href":"https:\/\/linitiative.ca\/International\/wp-json\/wp\/v2\/tags?post=82938"}],"curies":[{"name":"wp","href":"https:\/\/api.w.org\/{rel}","templated":true}]}}