{"id":82942,"date":"2020-04-20T08:07:18","date_gmt":"2020-04-20T12:07:18","guid":{"rendered":"https:\/\/linitiative.ca\/International\/104219-covid19-karate-pas-de-nouvelles-dates-pour-les-tournois-de-qualification-restants\/"},"modified":"2020-04-20T08:07:18","modified_gmt":"2020-04-20T12:07:18","slug":"104219-covid19-karate-pas-de-nouvelles-dates-pour-les-tournois-de-qualification-restants","status":"publish","type":"post","link":"https:\/\/linitiative.ca\/International\/104219-covid19-karate-pas-de-nouvelles-dates-pour-les-tournois-de-qualification-restants\/","title":{"rendered":"Covid19-Karat\u00e9: pas de nouvelles dates pour les tournois de qualification restants"},"content":{"rendered":"<div readability=\"39\">\n<p><strong>ALGER &#8211; La F\u00e9d\u00e9ration mondiale de Karat\u00e9 (WFK) a annul\u00e9 toutes les manifestations sportives et n&rsquo;a fix\u00e9 aucune date pour les trois tournois inscrits \u00e0 son calendrier 2020, qualificatifs aux Jeux Olympiques de Tokyo, reprogramm\u00e9s du 23 juillet au 8 ao\u00fbt 2021, a r\u00e9v\u00e9l\u00e9 le vice-pr\u00e9sident de la F\u00e9d\u00e9ration mondiale de karat\u00e9 (WFK), l\u2019Alg\u00e9rien Mohamed-Tahar Mesbahi.<\/strong><\/p>\n<\/div>\n<div readability=\"110.450593431\">\n<p>Apr\u00e8s la d\u00e9cision du Comit\u00e9 International Olympique (CIO) de reporter les Jeux Olympiques et Paralympiques de Tokyo-2020 d&rsquo;une ann\u00e9e, en raison de la pand\u00e9mie du coronavirus (Covid-19), la f\u00e9d\u00e9ration mondiale de karat\u00e9, \u00e0 l\u2019instar de toutes les f\u00e9d\u00e9rations sportives internationales, a suspendu jusqu\u2019\u00e0 nouvel ordre toutes ses activit\u00e9s (r\u00e9union, comp\u00e9titions, stages.. etc).<\/p>\n<p>\u00ab\u00a0L&rsquo;arr\u00eat soudain des comp\u00e9titions qui nous restaient, surtout les trois open de qualification olympique, a frein\u00e9 notre \u00e9lan dans la poursuite de l\u2019ach\u00e8vement de notre plan d\u2019action-2020. Mais la sant\u00e9 de tous \u00e9tait plus importante et c&rsquo;\u00e9tait la priorit\u00e9 de tout le monde.\u00a0\u00bb, a expliqu\u00e9 \u00e0 l\u2019APS, Mesbahi.<\/p>\n<p>En effet, avant l\u2019arr\u00eat soudain de toutes les activit\u00e9s et rendez-vous sportifs de toutes les f\u00e9d\u00e9rations internationales, l\u2019instante mondiale de karat\u00e9 s\u2019appr\u00eatait \u00e0 compl\u00e9ter le ranking de qualifications aux JO-2020, avec l\u2019organisation des trois Open qualificatifs entre mars et avril, \u00e0 commencer avec celui du Maroc, de Madrid et de Paris, avec \u00e9ventuellement une participation des deux chances de qualifications alg\u00e9riennes (Hocine Da\u00efkhi et Lamia Ma\u00e2toub).<\/p>\n<blockquote readability=\"14\">\n<p><em><strong>\u00ab\u00a0Apr\u00e8s ces tournois, le ranking olympique devait \u00eatre finalis\u00e9 et d\u00e9signer les 80 athl\u00e8tes (quota de la f\u00e9d\u00e9ration mondiale de karat\u00e9) qui auront l\u2019honneur \u00e0 prendre part aux JO, pour la premi\u00e8re fois dans l\u2019histoire de la discipline \u00bb, a expliqu\u00e9 Mesbahi, ajoutant qu\u2019apr\u00e8s cet arr\u00eat, l\u2019instance restera \u00e0 l\u2019\u00e9coute des nouveaut\u00e9s \u00e9manant du Comit\u00e9 International Olympique (CIO), et les nouvelles dates du programme restant du karat\u00e9 mondial seront finalis\u00e9es avec l\u2019instance olympique et les diff\u00e9rents partenaires de l\u2019WFK.<\/strong><\/em><\/p>\n<\/blockquote>\n<hr\/>\n<h3>Lire aussi:\u00a0<a href=\"http:\/\/www.aps.dz\/sport\/100743-karate-open-de-paris-2020-les-resultats-obtenus-sont-logiques\" target=\"_blank\" rel=\"noopener noreferrer\">Karat\u00e9\/Open de Paris 2020: \u00ab\u00a0les r\u00e9sultats obtenus sont logiques\u00a0\u00bb<\/a><\/h3>\n<hr\/>\n<p>Interrog\u00e9 sur la possibilit\u00e9 de reconduire les tournois de qualification restants, d\u2019ici le 28 juin 2021 (dernier d\u00e9lai fix\u00e9 par le CIO pour avoir la liste des athl\u00e8tes, tous sports confondus, qualifi\u00e9s aux JO), le vice-pr\u00e9sident de l\u2019ex\u00e9cutif de la WFK qui est aussi pr\u00e9sident de l\u2019Union africaine de karat\u00e9 (UAFK), est formel.<\/p>\n<blockquote readability=\"9\">\n<p><em><strong>\u00ab\u00a0La f\u00e9d\u00e9ration mondiale est superbement organis\u00e9e, cela ne lui posera aucun probl\u00e8me de tenir les tournois restants et compl\u00e9ter le Ranking olympique de qualification aux joutes de Tokyo\u00a0\u00bb, a assur\u00e9 Mohamed-Tahar Mesbahi.<\/strong><\/em><\/p>\n<\/blockquote>\n<p>Au niveau de l\u2019UAFK, aussi, toutes les activit\u00e9s sont \u00e0 l\u2019arr\u00eat, idem pour les f\u00e9d\u00e9rations nationales qui s\u2019appr\u00eataient \u00e0 organiser des championnats, stages, formations.. etc. \u00ab\u00a0Juste apr\u00e8s l\u2019annonce par l\u2019WFK d\u2019asseoir ses activit\u00e9s. J\u2019ai fait, en ma qualit\u00e9 de pr\u00e9sident de l\u2019UFAK, et instruit les pr\u00e9sidents de zones de suivre la d\u00e9marche de l\u2019instance mondiale, en raison de la situation sanitaire de ce virus qui a remis tout en cause.\u00a0\u00bb, a soulign\u00e9 Mesbahi, pr\u00e9cisant le mois d\u2019avril \u00e9tait r\u00e9serv\u00e9 aux championnats r\u00e9gionaux.<\/p>\n<p>Ceci dit, et pour rester coller \u00e0 l\u2019actualit\u00e9 et l\u2019\u00e9volution des \u00e9v\u00e9nements, le premier responsable du karat\u00e9 au niveau continental s\u2019est mis, avec ses membres du bureau en mode de t\u00e9l\u00e9travail, non seulement pour \u00eatre \u00e0 jour et continuer \u00e0 traiter les diff\u00e9rents dossiers li\u00e9s \u00e0 la discipline.<\/p>\n<p>\u00ab\u00a0Presque chaque semaine, nous organisons des forums \u00e0 travers les r\u00e9seaux sociaux, afin d\u2019\u00e9tudier les affaires courantes et am\u00e9liorer les choses, un peu soit-il. C\u2019est la m\u00eame chose pour l\u2019UCSA (Union des Conf\u00e9d\u00e9rations Sportive d\u2019Afrique) dont je suis le 1er vice-pr\u00e9sident.\u00a0\u00bb, a conclu Mohamed Tahar Mesbahi.<\/p>\n<\/div>\n<p>Auteur:<br \/>\n<a href=\"http:\/\/feeds.aps.dz\/~r\/aps-sport\/~3\/M7jb_-RrsEo\/104219-covid19-karate-pas-de-nouvelles-dates-pour-les-tournois-de-qualification-restants\">Cliquez ici pour lire l&rsquo;article depuis sa source.<\/a><\/p>\n","protected":false},"excerpt":{"rendered":"<p>ALGER &#8211; La F\u00e9d\u00e9ration mondiale de Karat\u00e9 (WFK) a annul\u00e9 toutes les manifestations sportives et n&rsquo;a fix\u00e9 aucune date pour les trois tournois inscrits \u00e0 son calendrier 2020, qualificatifs aux Jeux Olympiques de Tokyo, reprogramm\u00e9s du 23 juillet au 8 ao\u00fbt 2021, a r\u00e9v\u00e9l\u00e9 le vice-pr\u00e9sident de la F\u00e9d\u00e9ration mondiale de karat\u00e9 (WFK), l\u2019Alg\u00e9rien Mohamed-Tahar [&hellip;]<\/p>\n","protected":false},"author":1790,"featured_media":0,"comment_status":"closed","ping_status":"closed","sticky":false,"template":"","format":"standard","meta":{"fifu_image_url":"","fifu_image_alt":"","footnotes":""},"categories":[53,75],"tags":[],"class_list":["post-82942","post","type-post","status-publish","format-standard","hentry","category-algerie","category-sport"],"_links":{"self":[{"href":"https:\/\/linitiative.ca\/International\/wp-json\/wp\/v2\/posts\/82942","targetHints":{"allow":["GET"]}}],"collection":[{"href":"https:\/\/linitiative.ca\/International\/wp-json\/wp\/v2\/posts"}],"about":[{"href":"https:\/\/linitiative.ca\/International\/wp-json\/wp\/v2\/types\/post"}],"author":[{"embeddable":true,"href":"https:\/\/linitiative.ca\/International\/wp-json\/wp\/v2\/users\/1790"}],"replies":[{"embeddable":true,"href":"https:\/\/linitiative.ca\/International\/wp-json\/wp\/v2\/comments?post=82942"}],"version-history":[{"count":0,"href":"https:\/\/linitiative.ca\/International\/wp-json\/wp\/v2\/posts\/82942\/revisions"}],"wp:attachment":[{"href":"https:\/\/linitiative.ca\/International\/wp-json\/wp\/v2\/media?parent=82942"}],"wp:term":[{"taxonomy":"category","embeddable":true,"href":"https:\/\/linitiative.ca\/International\/wp-json\/wp\/v2\/categories?post=82942"},{"taxonomy":"post_tag","embeddable":true,"href":"https:\/\/linitiative.ca\/International\/wp-json\/wp\/v2\/tags?post=82942"}],"curies":[{"name":"wp","href":"https:\/\/api.w.org\/{rel}","templated":true}]}}