{"id":82943,"date":"2020-04-20T11:54:00","date_gmt":"2020-04-20T15:54:00","guid":{"rendered":"https:\/\/linitiative.ca\/International\/education-prolongation-de-la-suspension-des-cours-jusquau-29-avril\/"},"modified":"2020-04-20T11:54:00","modified_gmt":"2020-04-20T15:54:00","slug":"education-prolongation-de-la-suspension-des-cours-jusquau-29-avril","status":"publish","type":"post","link":"https:\/\/linitiative.ca\/International\/education-prolongation-de-la-suspension-des-cours-jusquau-29-avril\/","title":{"rendered":"EDUCATION : Prolongation de la suspension des cours jusqu&rsquo;au 29 avril"},"content":{"rendered":"<p><br id=\"sep_para_1\" class=\"sep_para access\"\/><\/p>\n<div id=\"para_1\" class=\"para_36566668 resize\">\n<div class=\"texte access firstletter\">\u00a0Le minist\u00e8re de l&rsquo;Education a rendu public un communiqu\u00e9 pour annoncer la prolongation de la suspension des activit\u00e9s p\u00e9dagogiques sur\u00a0 l\u2019ensemble des \u00e9tablissements scolaires, jusqu&rsquo;au 29 avril. \u00ab\u00a0La d\u00e9cision est prise en application des orientations du pr\u00e9sident de la R\u00e9publique et instructions du Premier ministre de prolonger la p\u00e9riode du confinement jusqu&rsquo;au 29 avril\u00a0\u00bb, explique le minist\u00e8re de l&rsquo;Education nationale. Des cours types concernant le 3\u00e8me trimestre et des s\u00e9ances de prise en charge psychologique des \u00e9l\u00e8ves seront diffus\u00e9s sur les m\u00e9dias, en collaboration avec les Directions de l&rsquo;\u00e9ducation au niveau des wilayas, ajoute le communiqu\u00e9. Le communiqu\u00e9 du minist\u00e8re de l&rsquo;Education est somme toute inutile, dans la mesure o\u00f9\u00a0 la prolongation de la p\u00e9riode du confinement, pour cause du Coronavirus, concerne de facto les \u00e9tablissements scolaires.\u00a0 Mais la question reste encore pos\u00e9e\u00a0 s&rsquo;agissant de l&rsquo;avenir des examens de fin d&rsquo;ann\u00e9e\u00a0 et sur laquelle le minist\u00e8re n&rsquo;a pas encore tranch\u00e9es, sachant que plusieurs propositions sont sur le bureau de M.Adjaout.\u00a0\u00a0\u00a0\u00a0\u00a0\u00a0\u00a0\u00a0\u00a0<\/div>\n<\/div>\n<p>Auteur: Ismain<br \/>\n<a href=\"https:\/\/www.reflexiondz.net\/EDUCATION-Prolongation-de-la-suspension-des-cours-jusqu-au-29-avril_a62138.html\">Cliquez ici pour lire l&rsquo;article depuis sa source.<\/a><\/p>\n","protected":false},"excerpt":{"rendered":"<p>\u00a0Le minist\u00e8re de l&rsquo;Education a rendu public un communiqu\u00e9 pour annoncer la prolongation de la suspension des activit\u00e9s p\u00e9dagogiques sur\u00a0 l\u2019ensemble des \u00e9tablissements scolaires, jusqu&rsquo;au 29 avril. \u00ab\u00a0La d\u00e9cision est prise en application des orientations du pr\u00e9sident de la R\u00e9publique et instructions du Premier ministre de prolonger la p\u00e9riode du confinement jusqu&rsquo;au 29 avril\u00a0\u00bb, explique [&hellip;]<\/p>\n","protected":false},"author":1740,"featured_media":0,"comment_status":"closed","ping_status":"closed","sticky":false,"template":"","format":"standard","meta":{"fifu_image_url":"","fifu_image_alt":"","footnotes":""},"categories":[53,76],"tags":[],"class_list":["post-82943","post","type-post","status-publish","format-standard","hentry","category-algerie","category-regions"],"_links":{"self":[{"href":"https:\/\/linitiative.ca\/International\/wp-json\/wp\/v2\/posts\/82943","targetHints":{"allow":["GET"]}}],"collection":[{"href":"https:\/\/linitiative.ca\/International\/wp-json\/wp\/v2\/posts"}],"about":[{"href":"https:\/\/linitiative.ca\/International\/wp-json\/wp\/v2\/types\/post"}],"author":[{"embeddable":true,"href":"https:\/\/linitiative.ca\/International\/wp-json\/wp\/v2\/users\/1740"}],"replies":[{"embeddable":true,"href":"https:\/\/linitiative.ca\/International\/wp-json\/wp\/v2\/comments?post=82943"}],"version-history":[{"count":0,"href":"https:\/\/linitiative.ca\/International\/wp-json\/wp\/v2\/posts\/82943\/revisions"}],"wp:attachment":[{"href":"https:\/\/linitiative.ca\/International\/wp-json\/wp\/v2\/media?parent=82943"}],"wp:term":[{"taxonomy":"category","embeddable":true,"href":"https:\/\/linitiative.ca\/International\/wp-json\/wp\/v2\/categories?post=82943"},{"taxonomy":"post_tag","embeddable":true,"href":"https:\/\/linitiative.ca\/International\/wp-json\/wp\/v2\/tags?post=82943"}],"curies":[{"name":"wp","href":"https:\/\/api.w.org\/{rel}","templated":true}]}}