{"id":82944,"date":"2020-04-20T11:54:00","date_gmt":"2020-04-20T15:54:00","guid":{"rendered":"https:\/\/linitiative.ca\/International\/crma-de-mostaganem-des-equipements-de-protection-et-de-traitement-pour-les-fellahs\/"},"modified":"2020-04-20T11:54:00","modified_gmt":"2020-04-20T15:54:00","slug":"crma-de-mostaganem-des-equipements-de-protection-et-de-traitement-pour-les-fellahs","status":"publish","type":"post","link":"https:\/\/linitiative.ca\/International\/crma-de-mostaganem-des-equipements-de-protection-et-de-traitement-pour-les-fellahs\/","title":{"rendered":"CRMA DE MOSTAGANEM : Des \u00e9quipements de protection et de traitement pour les fellahs"},"content":{"rendered":"<p><br id=\"sep_para_1\" class=\"sep_para access\"\/><\/p>\n<div id=\"para_1\" class=\"para_36566599 resize\">\n<div class=\"texte access firstletter\">Dans le cadre du soutient et de l&rsquo;accompagnement des producteurs du secteur agricole, notamment eu \u00e9gard \u00e0 la situation sanitaire que connait le pays et la r\u00e9gion, la CRMA (Caisse R\u00e9gionale de la Mutuelle Agricole) de Mostaganem a r\u00e9affirm\u00e9 sa pr\u00e9sence au c\u00f4t\u00e9s de fellahs. Ainsi,en collaboration avec les services des for\u00eats, dans une sortie conjointe sur le terrain, il a \u00e9t\u00e9 proc\u00e9d\u00e9,\u00a0 dimanche matin, \u00e0 la distribution \u00e0 des agriculteurs en ensemble d&rsquo;\u00e9quipements en l\u2019occurrence des combinaisons, masques, souliers et pulv\u00e9risateurs port\u00e9s de produits chimiques, a-t-on appris. Les communes qui ont b\u00e9n\u00e9fici\u00e9 desdits \u00e9quipements de traitements chimiques sont les communes de Mazagran, Hassi Mam\u00e8che, Stidia et de Kheir-Eddine. Par ailleurs, M Ghali Abdelkader, Directeur de la CRMA de Mostaganem a pr\u00e9cis\u00e9 que cette op\u00e9ration de distribution d&rsquo;\u00e9quipements de protection et de traitements chimiques, se poursuivra \u00e0 travers d&rsquo;autres communes de la wilaya\u00a0 pour b\u00e9n\u00e9ficier \u00e0 d&rsquo;autres producteurs du secteur agricole.\u00a0\u00a0\u00a0\u00a0\u00a0\u00a0<\/div>\n<\/div>\n<p>Auteur: Younes Zahachi<br \/>\n<a href=\"https:\/\/www.reflexiondz.net\/CRMA-DE-MOSTAGANEM-Des-equipements-de-protection-et-de-traitement-pour-les-fellahs_a62126.html\">Cliquez ici pour lire l&rsquo;article depuis sa source.<\/a><\/p>\n","protected":false},"excerpt":{"rendered":"<p>Dans le cadre du soutient et de l&rsquo;accompagnement des producteurs du secteur agricole, notamment eu \u00e9gard \u00e0 la situation sanitaire que connait le pays et la r\u00e9gion, la CRMA (Caisse R\u00e9gionale de la Mutuelle Agricole) de Mostaganem a r\u00e9affirm\u00e9 sa pr\u00e9sence au c\u00f4t\u00e9s de fellahs. Ainsi,en collaboration avec les services des for\u00eats, dans une sortie [&hellip;]<\/p>\n","protected":false},"author":1740,"featured_media":0,"comment_status":"closed","ping_status":"closed","sticky":false,"template":"","format":"standard","meta":{"fifu_image_url":"","fifu_image_alt":"","footnotes":""},"categories":[53,76],"tags":[],"class_list":["post-82944","post","type-post","status-publish","format-standard","hentry","category-algerie","category-regions"],"_links":{"self":[{"href":"https:\/\/linitiative.ca\/International\/wp-json\/wp\/v2\/posts\/82944","targetHints":{"allow":["GET"]}}],"collection":[{"href":"https:\/\/linitiative.ca\/International\/wp-json\/wp\/v2\/posts"}],"about":[{"href":"https:\/\/linitiative.ca\/International\/wp-json\/wp\/v2\/types\/post"}],"author":[{"embeddable":true,"href":"https:\/\/linitiative.ca\/International\/wp-json\/wp\/v2\/users\/1740"}],"replies":[{"embeddable":true,"href":"https:\/\/linitiative.ca\/International\/wp-json\/wp\/v2\/comments?post=82944"}],"version-history":[{"count":0,"href":"https:\/\/linitiative.ca\/International\/wp-json\/wp\/v2\/posts\/82944\/revisions"}],"wp:attachment":[{"href":"https:\/\/linitiative.ca\/International\/wp-json\/wp\/v2\/media?parent=82944"}],"wp:term":[{"taxonomy":"category","embeddable":true,"href":"https:\/\/linitiative.ca\/International\/wp-json\/wp\/v2\/categories?post=82944"},{"taxonomy":"post_tag","embeddable":true,"href":"https:\/\/linitiative.ca\/International\/wp-json\/wp\/v2\/tags?post=82944"}],"curies":[{"name":"wp","href":"https:\/\/api.w.org\/{rel}","templated":true}]}}