{"id":82945,"date":"2020-04-20T12:03:00","date_gmt":"2020-04-20T16:03:00","guid":{"rendered":"https:\/\/linitiative.ca\/International\/lambassadeur-a-geneve-na-pas-ete-auditionne\/"},"modified":"2020-04-20T12:03:00","modified_gmt":"2020-04-20T16:03:00","slug":"lambassadeur-a-geneve-na-pas-ete-auditionne","status":"publish","type":"post","link":"https:\/\/linitiative.ca\/International\/lambassadeur-a-geneve-na-pas-ete-auditionne\/","title":{"rendered":"L\u2019ambassadeur \u00e0 Gen\u00e8ve n\u2019a pas \u00e9t\u00e9 auditionn\u00e9"},"content":{"rendered":"<p><br id=\"sep_para_1\" class=\"sep_para access\"\/><\/p>\n<div id=\"para_1\" class=\"para_36566691 resize\">\n<div class=\"texte access firstletter\">Un journal \u00e9lectronique, appartenant \u00e0 la famille de l&rsquo;ancien g\u00e9n\u00e9ral Khaled Nezzar, citant ses propres sources, a avanc\u00e9 que Rachid Belbaki, ambassadeur d&rsquo;Alg\u00e9rie aupr\u00e8s des Nations Unies \u00e0 Gen\u00e8ve, \u00ab\u00a0a \u00e9t\u00e9 entendu par la gendarmerie nationale dans une affaire de transfert d&rsquo;argent vers la France pour le compte de Rebouh Haddad, ex dirigeant de l&rsquo;USMA\u00a0\u00bb .Une information d\u00e9mentie \u00e9nergiquement par les proches de Rachid Belbaki, lesquels, contact\u00e9s par nos conf\u00e8res d\u2019Alg\u00e9rie1, ont rejet\u00e9 \u00ab\u00a0en bloc et dans le d\u00e9tail ces all\u00e9gations mensong\u00e8res, diffamatoires et attentatoires. Il n&rsquo;y a pas une once de v\u00e9rit\u00e9 dans ce qu&rsquo;a rapport\u00e9 ce journal, pr\u00e9cisent-ils. Les m\u00eames sources soulignent que \u00ab\u00a0les auteurs de cette fake news, qui n&rsquo;est pas innocente, visent \u00e0 nuire et \u00e0 bloquer la carri\u00e8re du diplomate et \u00e0 salir son image de marque, d&rsquo;autant que toutes les personnes qui le connaissent n&rsquo;ont jamais eu le moindre doute sur sa probit\u00e9, son int\u00e9grit\u00e9 et son honn\u00eatet\u00e9 tant intellectuelle que professionnelle\u00a0\u00bb. Signalons que les dispositions, adopt\u00e9es par le dernier Conseil des ministres, proposent \u00ab de criminaliser les actes qui se sont r\u00e9pandus ces derni\u00e8res ann\u00e9es au point de menacer la s\u00e9curit\u00e9 et la stabilit\u00e9 du pays, notamment la diffusion de fakenews pour porter atteinte \u00e0 l\u2019ordre et \u00e0 la s\u00e9curit\u00e9\u00a0 publics, l\u2019atteinte \u00e0 la s\u00fbret\u00e9 de l\u2019Etat et \u00e0 l\u2019unit\u00e9 nationale, la falsification en vue de l\u2019obtention d\u2019aides publiques financi\u00e8res, mat\u00e9rielles et en nature, ainsi que d\u2019exon\u00e9rations fiscales. Il s\u2019agit\u00a0 aussi d\u2019actes portant atteinte \u00e0 la probit\u00e9 des examens et concours, de mise en danger d\u2019autrui ou \u00e0 leur int\u00e9grit\u00e9 corporelle \u00bb. Intervenant au terme de cet expos\u00e9, le pr\u00e9sident de la R\u00e9publique a affirm\u00e9 que \u00ab ce projet s\u2019inscrivait dans le cadre de ses engagements, notamment pour\u00a0 ce qui a trait \u00e0 la moralisation de la soci\u00e9t\u00e9 et de l\u2019administration et \u00e0 la rupture d\u00e9finitive avec les pratiques ayant port\u00e9 atteinte \u00e0 l\u2019image de\u00a0 l\u2019Etat et \u00e0 la probit\u00e9 de ses cadres, \u00e0 condition que \u00e7a intervienne dans\u00a0 le cadre d\u2019un Etat fort et \u00e9quitable sans aucune ambigu\u00eft\u00e9 entre la libert\u00e9 et l\u2019anarchie \u00bb.<\/div>\n<\/div>\n<p>Auteur: R\u00e9flexion<br \/>\n<a href=\"https:\/\/www.reflexiondz.net\/L-ambassadeur-a-Geneve-n-a-pas-ete-auditionne_a62141.html\">Cliquez ici pour lire l&rsquo;article depuis sa source.<\/a><\/p>\n","protected":false},"excerpt":{"rendered":"<p>Un journal \u00e9lectronique, appartenant \u00e0 la famille de l&rsquo;ancien g\u00e9n\u00e9ral Khaled Nezzar, citant ses propres sources, a avanc\u00e9 que Rachid Belbaki, ambassadeur d&rsquo;Alg\u00e9rie aupr\u00e8s des Nations Unies \u00e0 Gen\u00e8ve, \u00ab\u00a0a \u00e9t\u00e9 entendu par la gendarmerie nationale dans une affaire de transfert d&rsquo;argent vers la France pour le compte de Rebouh Haddad, ex dirigeant de l&rsquo;USMA\u00a0\u00bb [&hellip;]<\/p>\n","protected":false},"author":1740,"featured_media":0,"comment_status":"closed","ping_status":"closed","sticky":false,"template":"","format":"standard","meta":{"fifu_image_url":"","fifu_image_alt":"","footnotes":""},"categories":[53,76],"tags":[],"class_list":["post-82945","post","type-post","status-publish","format-standard","hentry","category-algerie","category-regions"],"_links":{"self":[{"href":"https:\/\/linitiative.ca\/International\/wp-json\/wp\/v2\/posts\/82945","targetHints":{"allow":["GET"]}}],"collection":[{"href":"https:\/\/linitiative.ca\/International\/wp-json\/wp\/v2\/posts"}],"about":[{"href":"https:\/\/linitiative.ca\/International\/wp-json\/wp\/v2\/types\/post"}],"author":[{"embeddable":true,"href":"https:\/\/linitiative.ca\/International\/wp-json\/wp\/v2\/users\/1740"}],"replies":[{"embeddable":true,"href":"https:\/\/linitiative.ca\/International\/wp-json\/wp\/v2\/comments?post=82945"}],"version-history":[{"count":0,"href":"https:\/\/linitiative.ca\/International\/wp-json\/wp\/v2\/posts\/82945\/revisions"}],"wp:attachment":[{"href":"https:\/\/linitiative.ca\/International\/wp-json\/wp\/v2\/media?parent=82945"}],"wp:term":[{"taxonomy":"category","embeddable":true,"href":"https:\/\/linitiative.ca\/International\/wp-json\/wp\/v2\/categories?post=82945"},{"taxonomy":"post_tag","embeddable":true,"href":"https:\/\/linitiative.ca\/International\/wp-json\/wp\/v2\/tags?post=82945"}],"curies":[{"name":"wp","href":"https:\/\/api.w.org\/{rel}","templated":true}]}}