{"id":82946,"date":"2020-04-20T12:03:00","date_gmt":"2020-04-20T16:03:00","guid":{"rendered":"https:\/\/linitiative.ca\/International\/la-cour-supreme-refuse-de-liberer-ould-abbes-et-barkat\/"},"modified":"2020-04-20T12:03:00","modified_gmt":"2020-04-20T16:03:00","slug":"la-cour-supreme-refuse-de-liberer-ould-abbes-et-barkat","status":"publish","type":"post","link":"https:\/\/linitiative.ca\/International\/la-cour-supreme-refuse-de-liberer-ould-abbes-et-barkat\/","title":{"rendered":"La Cour supr\u00eame refuse de lib\u00e9rer  Ould Abb\u00e8s et Barkat"},"content":{"rendered":"<p><br id=\"sep_para_1\" class=\"sep_para access\"\/><\/p>\n<div id=\"para_1\" class=\"para_36566694 resize\">\n<div class=\"texte access firstletter\">La Cour supr\u00eame a refus\u00e9 de remettre en libert\u00e9 les deux anciens ministres de la Solidarit\u00e9 nationale, Djamel Ould Abb\u00e8s et Sa\u00efd Barkat, poursuivis dans des affaires de corruption, dont les faits remontent \u00e0 la p\u00e9riode o\u00f9 ils \u00e9taient respectivement la t\u00eate de ce d\u00e9partement. En effet, selon le m\u00e9dia Echorouk, qui cite certaines sources, la chambre d\u2019accusation pr\u00e8s la Cour supr\u00eame a appuy\u00e9 la d\u00e9cision du conseiller instructeur pr\u00e8s ladite instance rapports d\u2019expertise \u00e0 l\u2019appui, accablant Djamel Ould Abb\u00e8s et Sa\u00efd Barkat dont plusieurs chefs d\u2019accusation sont retenus \u00e0 leur encontre. Le premier a h\u00e9rit\u00e9 du portefeuille de la Solidarit\u00e9 nationale entre 2001 \u2013 2003 tandis que le second avait lui-aussi occup\u00e9 ce m\u00eame poste de 2010 \u00e0 2013. Les deux d\u00e9tenus sont poursuivis, faut-il le rappeler, pour dilapidation de deniers publics, conclusion de march\u00e9s en violation de la l\u00e9gislation en vigueur, abus de fonction et faux en \u00e9criture publique \u00bb. Djamel Ould Abb\u00e8s est soup\u00e7onn\u00e9 d\u2019avoir octroy\u00e9, selon des enqu\u00eates men\u00e9es dans le cadre de cette affaire, des dizaines de milliards entre 2001 et 2003 \u00e0 des associations et des organisations non gouvernementales (ONG) qu\u2019il a cr\u00e9\u00e9es ou il pr\u00e9sidait sous sa casquette de ministre de Solidarit\u00e9 nationale. Impliqu\u00e9 \u00e9galement dans l\u2019affaire des bus, Sa\u00efd Barkat qui a d\u00e9bloqu\u00e9 une enveloppe de 2000 milliards de centimes au profit de l\u2019association \u00ab paix et solidarit\u00e9 \u00bb que pr\u00e9sidait Djamel Ould Abb\u00e8s pour l\u2019achat des bus de transport scolaire dits \u00ab Bus de solidarit\u00e9 \u00bb.<\/div>\n<\/div>\n<p>Auteur: R\u00e9flexion<br \/>\n<a href=\"https:\/\/www.reflexiondz.net\/La-Cour-supreme-refuse-de-liberer-Ould-Abbes-et-Barkat_a62142.html\">Cliquez ici pour lire l&rsquo;article depuis sa source.<\/a><\/p>\n","protected":false},"excerpt":{"rendered":"<p>La Cour supr\u00eame a refus\u00e9 de remettre en libert\u00e9 les deux anciens ministres de la Solidarit\u00e9 nationale, Djamel Ould Abb\u00e8s et Sa\u00efd Barkat, poursuivis dans des affaires de corruption, dont les faits remontent \u00e0 la p\u00e9riode o\u00f9 ils \u00e9taient respectivement la t\u00eate de ce d\u00e9partement. En effet, selon le m\u00e9dia Echorouk, qui cite certaines sources, [&hellip;]<\/p>\n","protected":false},"author":1740,"featured_media":0,"comment_status":"closed","ping_status":"closed","sticky":false,"template":"","format":"standard","meta":{"fifu_image_url":"","fifu_image_alt":"","footnotes":""},"categories":[53,76],"tags":[],"class_list":["post-82946","post","type-post","status-publish","format-standard","hentry","category-algerie","category-regions"],"_links":{"self":[{"href":"https:\/\/linitiative.ca\/International\/wp-json\/wp\/v2\/posts\/82946","targetHints":{"allow":["GET"]}}],"collection":[{"href":"https:\/\/linitiative.ca\/International\/wp-json\/wp\/v2\/posts"}],"about":[{"href":"https:\/\/linitiative.ca\/International\/wp-json\/wp\/v2\/types\/post"}],"author":[{"embeddable":true,"href":"https:\/\/linitiative.ca\/International\/wp-json\/wp\/v2\/users\/1740"}],"replies":[{"embeddable":true,"href":"https:\/\/linitiative.ca\/International\/wp-json\/wp\/v2\/comments?post=82946"}],"version-history":[{"count":0,"href":"https:\/\/linitiative.ca\/International\/wp-json\/wp\/v2\/posts\/82946\/revisions"}],"wp:attachment":[{"href":"https:\/\/linitiative.ca\/International\/wp-json\/wp\/v2\/media?parent=82946"}],"wp:term":[{"taxonomy":"category","embeddable":true,"href":"https:\/\/linitiative.ca\/International\/wp-json\/wp\/v2\/categories?post=82946"},{"taxonomy":"post_tag","embeddable":true,"href":"https:\/\/linitiative.ca\/International\/wp-json\/wp\/v2\/tags?post=82946"}],"curies":[{"name":"wp","href":"https:\/\/api.w.org\/{rel}","templated":true}]}}