{"id":82950,"date":"2020-04-20T13:02:00","date_gmt":"2020-04-20T17:02:00","guid":{"rendered":"https:\/\/linitiative.ca\/International\/mohamed-sayed-miledi-la-corona-solitude-un-mal-pour-un-bien\/"},"modified":"2020-04-20T13:02:00","modified_gmt":"2020-04-20T17:02:00","slug":"mohamed-sayed-miledi-la-corona-solitude-un-mal-pour-un-bien","status":"publish","type":"post","link":"https:\/\/linitiative.ca\/International\/mohamed-sayed-miledi-la-corona-solitude-un-mal-pour-un-bien\/","title":{"rendered":"Mohamed Sayed Miledi &#8211; La corona solitude: un mal pour un bien"},"content":{"rendered":"<p>Certes, le confinement est une exp\u00e9rience nouvelle, difficile, une exp\u00e9rience qui est mal dig\u00e9r\u00e9e par la plupart d\u2019entre nous car elle nous prive partiellement de l\u2019un des piliers qui d\u00e9finit notre humanit\u00e9 : la libert\u00e9. Nos maisons se transforment alors en prison qui nous d\u00e9racine de tout notre contexte relationnel et social\u00a0 et nous inflige une solitude obligatoire, floue et illimit\u00e9e dans le temps.<\/p>\n<p>Mais, la solitude peut constituer une opportunit\u00e9, une chance, un catalyseur pour amorcer un changement de nos vies et de nos pens\u00e9es.<\/p>\n<p><span class=\"c3\"><span class=\"c2\"><strong>La corona solitude: une occasion pour faire le grand m\u00e9nage relationnel<\/strong><\/span><\/span><\/p>\n<p>Le confinement nous \u00e9loigne forc\u00e9ment de nos amis pour un temps ind\u00e9fini, et il repr\u00e9sente une \u00e9preuve dure pour tous nos liens spirituels avec autrui.<br \/>Seuls les liens solides mais surtout honn\u00eates survivront \u00e0 cette \u00e9preuve, c\u2019est un excellent filtre relationnel qui fait une s\u00e9lection naturelle : elle ne gardera que ceux qui t\u2019aiment pour tout ce que tu es et non pour tout ce que tu as.<\/p>\n<p>Certes, on perdra en quantit\u00e9, mais on gagnera en qualit\u00e9 en \u00e9liminant tous les parasites toxiques qui consomment notre \u00e9nergie.<\/p>\n<p><span class=\"c3\"><span class=\"c2\"><strong>La corona solitude nous apprend la vraie notion d\u2019ind\u00e9pendance<\/strong><\/span><\/span><\/p>\n<p>La solitude nous met \u00e0 nu devant toutes nos peurs primitives, et elle nous oblige \u00e0 les combattre seuls sans pouvoir nous faire aider par notre entourage.<\/p>\n<p>La solitude ravage les illusions de la d\u00e9pendance affective qu\u2019on croyait parfois essentielle \u00e0 notre survie, une d\u00e9pendance que certains ont peut-\u00eatre utilis\u00e9 pour nous manipuler et nous rabaisser. Et puis le vide du confinement nous r\u00e9veillera du cauchemar : au final, l\u2019\u00eatre humain est instinctivement ind\u00e9pendant et son bonheur commence lorsqu\u2019il subvient seul \u00e0 ses besoins \u00e9motionnels, l\u2019autre viendra seulement pour le catalyser et l\u2019accentuer.<\/p>\n<p><span class=\"c3\"><span class=\"c2\"><strong>Le confinement nous aide dans la d\u00e9couverte de soi-m\u00eame<\/strong><\/span><\/span><\/p>\n<p>Le confinement cr\u00e9e forc\u00e9ment un grand vide interne qui engendre naturellement un espace dans nos esprits. Cet espace permet \u00e0 notre imagination (initialement en l\u00e9thargie) de s\u2019exalter. Cela nous aide \u00e0 d\u00e9couvrir de nouveaux hobbies et comp\u00e9tences qu\u2019on a d\u00e9laiss\u00e9 \u00e0 cause des occupations quotidiennes.<\/p>\n<p>L\u2019imagination est un monde parall\u00e8le qui donnera un autre sens \u00e0 nos vies.\u00a0 On savourera une nouvelle version de pens\u00e9es fraiches et magiques. On apprendra \u00e0 admirer notre beaut\u00e9 int\u00e9rieure. D\u2019ailleurs, beaucoup de grands penseurs de l\u2019humanit\u00e9 ont v\u00e9cu la solitude obligatoire qui les a incit\u00e9s \u00e0 m\u00e9diter et \u00e0 r\u00e9fl\u00e9chir, les exemples ne manquent pas : Nelson Mandela (27 ans de prison, seul dans une cellule), Buddha\u2026\u00a0<\/p>\n<p><span class=\"c2\"><span class=\"c3\"><strong>Le confinement guide nos corps \u00e0 retrouver nos \u00e2mes<\/strong><\/span><\/span><\/p>\n<p>Souvent, le stress quotidien nous emp\u00eache de savourer les petits plaisirs de la vie. On travaille comme des automates\u2026 On dort mal\u2026 On r\u00e9fl\u00e9chit trop\u2026 au point de perdre contact, contr\u00f4le et sensation de nos corps.<\/p>\n<p>Le confinement est la meilleure occasion de reconnecter le corps \u00e0 l\u2019\u00e2me pour qu\u2019ils fusionnent de nouveau afin de red\u00e9finir un nouvel \u00e9tat de conscience sain et solide.<\/p>\n<p>Cet \u00e9tat de conscience est indispensable pour acc\u00e9der \u00e0 notre jardin secret fr\u00e9quemment d\u00e9laiss\u00e9 sous la pression des contraintes quotidiennes. Prendre soin de ce jardin est obligatoire pour notre bien-\u00eatre : \u00e7a nous permet de d\u00e9toxifier nos esprits et de soigner des blessures dont on ignore l\u2019existence mais qui nous font d\u00e9j\u00e0 mal.<\/p>\n<p>\u00c7a nous permet \u00e9galement de ranger les dossiers mal class\u00e9s qui nous tourmentent l\u2019esprit et de r\u00e9pondre \u00e0 des questions existentielles qui nous ont chagrin\u00e9es pendant longtemps.\u00a0<\/p>\n<p>Dans ce jardin secret, on retrouve aussi notre enfant int\u00e9rieur qui est souvent abandonn\u00e9, n\u00e9glig\u00e9 et malmen\u00e9. Le confinement est l\u2019occasion d\u2019apprendre \u00e0 \u00eatre un bon parent de cet\u00a0\u00a0 enfant qui d\u00e9tient les cl\u00e9s de notre plaisir : prendre soin de lui est une \u00e9tape primordiale pour se r\u00e9concilier avec soi-m\u00eame et pour retrouver une paix int\u00e9rieure tant attendue.<\/p>\n<p><span class=\"c2\"><span class=\"c3\"><strong>La corona solitude: est-ce le d\u00e9but d\u2019un deuil de nos vies ant\u00e9rieures?<\/strong><\/span><\/span><\/p>\n<p>Cette \u00e9pid\u00e9mie est une vengeance de la nature qui va transformer le monde entier dans tous ses volets socio-\u00e9conomiques. Mais nos styles de vie vont muter aussi d\u2019une fa\u00e7on draconienne : les choses vont changer \u00e0 jamais dans un sens encore m\u00e9connu et incertain et c\u2019est \u00e0 nous d\u2019orienter ce changement en repositionnant nos priorit\u00e9s.<\/p>\n<p>On doit faire le deuil de toutes nos pens\u00e9es fig\u00e9es, nos relations toxiques et nos mauvaises habitudes pour donner naissance \u00e0 une meilleure version de soi-m\u00eame : c\u2019est la le\u00e7on qu\u2019on doit tirer de la corona solitude.<\/p>\n<p class=\"c5\"><strong>Docteur Mohamed Sayed Miledi<\/strong><br \/><span class=\"c4\"><em>Pharmacien biologiste et activiste de la soci\u00e9t\u00e9 civile.<\/em><\/span><\/p>\n<p>Auteur:<br \/>\n<a href=\"https:\/\/www.leaders.com.tn\/article\/29725-mohamed-sayed-miledi-la-corona-solitude-un-mal-pour-un-bien\">Cliquez ici pour lire l&rsquo;article depuis sa source.<\/a><\/p>\n","protected":false},"excerpt":{"rendered":"<p>Certes, le confinement est une exp\u00e9rience nouvelle, difficile, une exp\u00e9rience qui est mal dig\u00e9r\u00e9e par la plupart d\u2019entre nous car elle nous prive partiellement de l\u2019un des piliers qui d\u00e9finit notre humanit\u00e9 : la libert\u00e9. Nos maisons se transforment alors en prison qui nous d\u00e9racine de tout notre contexte relationnel et social\u00a0 et nous inflige [&hellip;]<\/p>\n","protected":false},"author":1772,"featured_media":0,"comment_status":"closed","ping_status":"closed","sticky":false,"template":"","format":"standard","meta":{"fifu_image_url":"","fifu_image_alt":"","footnotes":""},"categories":[73,55],"tags":[],"class_list":["post-82950","post","type-post","status-publish","format-standard","hentry","category-actualite","category-tunisie"],"_links":{"self":[{"href":"https:\/\/linitiative.ca\/International\/wp-json\/wp\/v2\/posts\/82950","targetHints":{"allow":["GET"]}}],"collection":[{"href":"https:\/\/linitiative.ca\/International\/wp-json\/wp\/v2\/posts"}],"about":[{"href":"https:\/\/linitiative.ca\/International\/wp-json\/wp\/v2\/types\/post"}],"author":[{"embeddable":true,"href":"https:\/\/linitiative.ca\/International\/wp-json\/wp\/v2\/users\/1772"}],"replies":[{"embeddable":true,"href":"https:\/\/linitiative.ca\/International\/wp-json\/wp\/v2\/comments?post=82950"}],"version-history":[{"count":0,"href":"https:\/\/linitiative.ca\/International\/wp-json\/wp\/v2\/posts\/82950\/revisions"}],"wp:attachment":[{"href":"https:\/\/linitiative.ca\/International\/wp-json\/wp\/v2\/media?parent=82950"}],"wp:term":[{"taxonomy":"category","embeddable":true,"href":"https:\/\/linitiative.ca\/International\/wp-json\/wp\/v2\/categories?post=82950"},{"taxonomy":"post_tag","embeddable":true,"href":"https:\/\/linitiative.ca\/International\/wp-json\/wp\/v2\/tags?post=82950"}],"curies":[{"name":"wp","href":"https:\/\/api.w.org\/{rel}","templated":true}]}}