{"id":82952,"date":"2020-04-20T15:49:00","date_gmt":"2020-04-20T19:49:00","guid":{"rendered":"https:\/\/linitiative.ca\/International\/karim-sethom-comment-le-confinement-a-modifie-notre-mode-de-vie\/"},"modified":"2020-04-20T15:49:00","modified_gmt":"2020-04-20T19:49:00","slug":"karim-sethom-comment-le-confinement-a-modifie-notre-mode-de-vie","status":"publish","type":"post","link":"https:\/\/linitiative.ca\/International\/karim-sethom-comment-le-confinement-a-modifie-notre-mode-de-vie\/","title":{"rendered":"Karim Sethom: Comment le confinement a modifi\u00e9 notre mode de vie ?"},"content":{"rendered":"<p>Stephen Hawking \u00e9minent physicien th\u00e9oricien disait: <span class=\"c2\"><strong>\u00abL\u2019intelligence c\u2019est la capacit\u00e9 de s\u2019adapter au changement.\u00bb<\/strong><\/span><\/p>\n<p>Plusieurs d\u2019entre nous pensent d\u00e9j\u00e0 \u00e0 \u00abpr\u00e9parer l&rsquo;apr\u00e8s crise COVID 19\u00bb. Personnellement j\u2019ai l\u2019intime conviction que \u00ab l&rsquo;apr\u00e8s \u00bb ne pourra pas v\u00e9ritablement \u00eatre un strict retour \u00e0 la situation d&rsquo;avant.<\/p>\n<p>En Tunisie comme partout ailleurs dans le monde, la p\u00e9riode de confinement sera-t-elle <span class=\"c2\"><strong>un laboratoire<\/strong><\/span> <span class=\"c2\"><strong>pour un nouveau mode de vie mais \u00e9galement une nouvelle \u00e9conomie ?<\/strong><\/span><\/p>\n<p><span class=\"c4\"><span class=\"c3\"><strong>Le potentiel de d\u00e9veloppement de \u00abl\u2019E-commerce\u00bb<\/strong><\/span><\/span><\/p>\n<p>Nous pouvons imaginer que certaines habitudes de consommation pourraient subsister telles que \u00ab l\u2019E-commerce \u00bb de produits agroalimentaires ou d\u2019\u00e9quipements informatiques. Cela permettra un <span class=\"c2\"><strong>gain en temps,<\/strong><\/span> une <span class=\"c2\"><strong>baisse du niveau de stress et une diminution des transactions en esp\u00e8ces<\/strong><\/span> par la substitution des paiements \u00e9lectroniques.<\/p>\n<p>La mise place est tellement facile qu\u2019en France, Ollca une plateforme en ligne propose <span class=\"c2\"><strong>un concept en 48 heures<\/strong><\/span> \u00e0 400 commer\u00e7ants de proximit\u00e9 dans 17 villes, qu&rsquo;ils soient boulangers, bouchers, \u00e9piciers, ou traiteurs. Cela comprend la cr\u00e9ation de la boutique en ligne du commer\u00e7ant, l&rsquo;int\u00e9gration de ses r\u00e9f\u00e9rences, la s\u00e9ance photo et l&rsquo;imprimante connect\u00e9e qui d\u00e9livre le ticket attestant le r\u00e8glement par le client et le d\u00e9tail de sa commande.<\/p>\n<p>Des secteurs r\u00e9glement\u00e9s en France comme les officines de pharmacie rejoignent sans rechigner ce mod\u00e8le \u00e9conomique, gr\u00e2ce \u00e0 l\u2019application sur mobile mon AppliPharma <span class=\"c2\"><strong>les clients d\u00e9posent leurs ordonnances en ligne<\/strong><\/span> et sont en mesure de r\u00e9cup\u00e9rer leurs m\u00e9dicaments dans leurs voitures en stationnement.<br \/>En Tunisie le groupe public d\u2019entraide sur Facebook \u00ab On s\u2019est fait livrer pour vous en Tunisie \u00bb cr\u00e9e en f\u00e9vrier 2020 regroupe <span class=\"c2\"><strong>d\u00e9j\u00e0 plus de 16 000 membres,<\/strong><\/span> on y trouve les liens de sites de livraison \u00e0 domicile de grandes surfaces, mais \u00e9galement ceux de vendeurs de l\u00e9gumes et fruits, de fournitures de bureau ou m\u00eame de jouets.<\/p>\n<p>Dans ce groupe, des consommateurs s\u2019\u00e9changent <span class=\"c2\"><strong>des avis sur la qualit\u00e9 des produits<\/strong><\/span> ou sur le budget allou\u00e9 pour <span class=\"c2\"><strong>un panier optimis\u00e9<\/strong><\/span> de fruits et de l\u00e9gumes.<br \/>Nous sommes pass\u00e9s \u00e0 <span class=\"c2\"><strong>une nouvelle vie en communaut\u00e9 en mode digital,<\/strong><\/span> qui permet un acc\u00e8s imm\u00e9diat \u00e0 une information valid\u00e9e par de nombreux consommateurs. L\u00e0 o\u00f9 les vendeurs malhonn\u00eates sont blacklist\u00e9s sur les r\u00e9seaux sociaux et o\u00f9 les offres font l\u2019objet de notifications instantan\u00e9es.<\/p>\n<p><span class=\"c3\"><span class=\"c4\"><strong>Le t\u00e9l\u00e9travail transformera l\u2019entreprise et la vie des employ\u00e9s<\/strong><\/span><\/span><\/p>\n<p>A l\u2019instar de la r\u00e9volution digitale de notre mode de consommation, ce ph\u00e9nom\u00e8ne n\u2019\u00e9pargne pas le monde du travail.<br \/>Il est ind\u00e9niable que l\u2019exp\u00e9rience forc\u00e9e du t\u00e9l\u00e9travail, pourrait constituer <span class=\"c2\"><strong>un tremplin en Tunisie pour un nouveau mode d\u2019organisation du travail,<\/strong><\/span> pouss\u00e9 par des startups innovantes dans une \u00e9conomie de plus en plus digitalis\u00e9e.<br \/>Le t\u00e9l\u00e9travail pourra \u00e0 lui seul garantir pour l\u2019homme et l\u2019entreprise:<\/p>\n<p class=\"c5\"><span class=\"c2\"><strong>\u2022<\/strong><\/span> Une meilleure <span class=\"c2\"><strong>qualit\u00e9 de vie<\/strong><\/span> et une plus <span class=\"c2\"><strong>grande productivit\u00e9<\/strong><\/span> au travail en lien avec moins de fatigue et plus de responsabilit\u00e9.<\/p>\n<p class=\"c5\"><span class=\"c2\"><strong>\u2022<\/strong><\/span> Un <span class=\"c2\"><strong>horaire plus flexible<\/strong><\/span> et la possibilit\u00e9 de consacrer plus temps \u00e0 d\u2019autres activit\u00e9s de d\u00e9veloppement personnel et de sport<\/p>\n<p class=\"c5\"><span class=\"c2\"><strong>\u2022<\/strong><\/span> Une <span class=\"c2\"><strong>\u00e9conomie des frais de restauration et de co\u00fbts de transport<\/strong><\/span> vers le lieu de travail.<\/p>\n<p class=\"c5\"><span class=\"c2\"><strong>\u2022<\/strong><\/span> Un effet important sur l\u2019urbanisme en r\u00e9duisant la tendance \u00e0 vouloir loger au niveau des cercles concentriques au tour des p\u00f4les administratifs, ce qui pourrait <span class=\"c2\"><strong>r\u00e9duire le co\u00fbt d\u2019acquisition et de location des habitations.<\/strong><\/span><\/p>\n<p class=\"c5\"><span class=\"c2\"><strong>\u2022<\/strong><\/span> Une opportunit\u00e9 pour r\u00e9duire les surfaces de bureaux des entreprises donc de diminuer les d\u00e9penses de location, d\u2019\u00e9nergie et de maintenance.<\/p>\n<p class=\"c5\"><span class=\"c2\"><strong>\u2022<\/strong><\/span> Une <span class=\"c2\"><strong>r\u00e9duction des embouteillages<\/strong><\/span> et des \u00e9missions de gaz gr\u00e2ce \u00e0 l\u2019utilisation de moins en moins fr\u00e9quente de la voiture.<\/p>\n<p>Cependant, demeure la crainte que le t\u00e9l\u00e9travail puisse \u00eatre un facteur qui accentue les <span class=\"c2\"><strong>in\u00e9galit\u00e9s sociales<\/strong><\/span> car si les cadres en confinement ont pu maintenir leurs activit\u00e9s des fois dans des conditions conviviales, une grande partie des ouvriers ou des petits m\u00e9tiers se sont retrouv\u00e9s au <span class=\"c2\"><strong>ch\u00f4mage<\/strong><\/span> ou ont d\u00fb prendre des risques sanitaires pour continuer leurs activit\u00e9s.<\/p>\n<p><span class=\"c3\"><span class=\"c4\"><strong>Quelles le\u00e7ons \u00e0 retenir?<\/strong><\/span><\/span><\/p>\n<p>Ind\u00e9niablement, la plan\u00e8te nous envoie un signal fort pour mettre en place un <span class=\"c2\"><strong>capitalisme plus humain,<\/strong><\/span> o\u00f9 un mode de travail plus structurant sera port\u00e9 par un esprit de <span class=\"c2\"><strong>responsabilit\u00e9 et de libert\u00e9<\/strong><\/span>.<br \/>Le profit ne sera pas uniquement p\u00e9cuniaire mais \u00e9galement dans la valorisation du bien-\u00eatre de l\u2019homme au travail, dans la pr\u00e9servation de notre \u00e9cosyst\u00e8me, dans le maintien de l\u2019\u00e9quilibre entre vie personnelle et vie professionnelle et dans le contr\u00f4le de notre <span class=\"c2\"><strong>mode de consommation<\/strong><\/span>.<\/p>\n<p><span class=\"c2\"><strong>Une exp\u00e9rience brutale de quelques semaines va peut-\u00eatre nous apprendre \u00e0 mieux vivre comme on ne l\u2019a jamais voulu le faire durant des d\u00e9cennies.<\/strong><\/span><\/p>\n<p>Auteur:<br \/>\n<a href=\"https:\/\/www.leaders.com.tn\/article\/29727-karim-sethom-comment-le-confinement-a-modifie-notre-mode-de-vie\">Cliquez ici pour lire l&rsquo;article depuis sa source.<\/a><\/p>\n","protected":false},"excerpt":{"rendered":"<p>Stephen Hawking \u00e9minent physicien th\u00e9oricien disait: \u00abL\u2019intelligence c\u2019est la capacit\u00e9 de s\u2019adapter au changement.\u00bb Plusieurs d\u2019entre nous pensent d\u00e9j\u00e0 \u00e0 \u00abpr\u00e9parer l&rsquo;apr\u00e8s crise COVID 19\u00bb. Personnellement j\u2019ai l\u2019intime conviction que \u00ab l&rsquo;apr\u00e8s \u00bb ne pourra pas v\u00e9ritablement \u00eatre un strict retour \u00e0 la situation d&rsquo;avant. En Tunisie comme partout ailleurs dans le monde, la p\u00e9riode [&hellip;]<\/p>\n","protected":false},"author":1772,"featured_media":0,"comment_status":"closed","ping_status":"closed","sticky":false,"template":"","format":"standard","meta":{"fifu_image_url":"","fifu_image_alt":"","footnotes":""},"categories":[73,55],"tags":[],"class_list":["post-82952","post","type-post","status-publish","format-standard","hentry","category-actualite","category-tunisie"],"_links":{"self":[{"href":"https:\/\/linitiative.ca\/International\/wp-json\/wp\/v2\/posts\/82952","targetHints":{"allow":["GET"]}}],"collection":[{"href":"https:\/\/linitiative.ca\/International\/wp-json\/wp\/v2\/posts"}],"about":[{"href":"https:\/\/linitiative.ca\/International\/wp-json\/wp\/v2\/types\/post"}],"author":[{"embeddable":true,"href":"https:\/\/linitiative.ca\/International\/wp-json\/wp\/v2\/users\/1772"}],"replies":[{"embeddable":true,"href":"https:\/\/linitiative.ca\/International\/wp-json\/wp\/v2\/comments?post=82952"}],"version-history":[{"count":0,"href":"https:\/\/linitiative.ca\/International\/wp-json\/wp\/v2\/posts\/82952\/revisions"}],"wp:attachment":[{"href":"https:\/\/linitiative.ca\/International\/wp-json\/wp\/v2\/media?parent=82952"}],"wp:term":[{"taxonomy":"category","embeddable":true,"href":"https:\/\/linitiative.ca\/International\/wp-json\/wp\/v2\/categories?post=82952"},{"taxonomy":"post_tag","embeddable":true,"href":"https:\/\/linitiative.ca\/International\/wp-json\/wp\/v2\/tags?post=82952"}],"curies":[{"name":"wp","href":"https:\/\/api.w.org\/{rel}","templated":true}]}}