{"id":82955,"date":"2020-04-20T15:24:01","date_gmt":"2020-04-20T19:24:01","guid":{"rendered":"https:\/\/linitiative.ca\/International\/afd-pres-de-150-millions-deuros-debloques-au-profit-du-maroc-sur-les-3-prochains-mois\/"},"modified":"2020-04-20T15:24:01","modified_gmt":"2020-04-20T19:24:01","slug":"afd-pres-de-150-millions-deuros-debloques-au-profit-du-maroc-sur-les-3-prochains-mois","status":"publish","type":"post","link":"https:\/\/linitiative.ca\/International\/afd-pres-de-150-millions-deuros-debloques-au-profit-du-maroc-sur-les-3-prochains-mois\/","title":{"rendered":"AFD: pr\u00e8s de 150 millions d\u2019euros d\u00e9bloqu\u00e9s au profit du  Maroc sur les 3 prochains mois"},"content":{"rendered":"<p><strong>Au cours des trois prochains mois, l\u2019Agence Fran\u00e7aise de D\u00e9veloppement (AFD) va d\u00e9bloquer pr\u00e8s de 100 millions d\u2019euros qui seront vers\u00e9s au budget de l\u2019Etat afin de contribuer au financement du programme de stabilisation \u00e9conomique et sociale et pr\u00e8s de 50 millions d\u2019euros aux Entreprises Publiques marocaines.<\/strong><\/p>\n<div class=\"c10\"\/>\n<p>Un nouveau soutien de plus qui vient conforter le Maroc, engag\u00e9 dans une lutte sans faille contre la pand\u00e9mie du covid-19. Il s\u2019agit en effet de l\u2019<strong>Agence Fran\u00e7aise de D\u00e9veloppement<\/strong> (AFD) qui renouvelle son soutien et sa confiance dans la capacit\u00e9 du Royaume \u00e0 faire face \u00e0 la crise sanitaire, qui est en train d\u2019engendrer une crise \u00e9conomique. Le bras arm\u00e9 du gouvernement fran\u00e7ais pour le <strong>d\u00e9veloppement<\/strong> international affirme ainsi participer d\u2019une part avec sa gamme d\u2019instruments de financement au programme d\u2019urgence sanitaire, \u00e9conomique et sociale d\u00e9fini par le gouvernement marocain.<\/p>\n<p>Et d\u2019autre part, en vue de pr\u00e9parer la sortie de crise, l\u2019institution affirme acc\u00e9l\u00e9rer le financementde nouvelles politiques structurelles en faveur, notamment,d\u2019une protection sociale renforc\u00e9e des citoyens et d\u2019une relance durable de l\u2019\u00e9conomie marocaine. L\u2019<strong>AFD<\/strong> a ainsi fait savoir qu\u2019au cours des trois prochains mois, pr\u00e8s de 100 millions d\u2019euros seront vers\u00e9s au budget de l\u2019Etat afin de contribuer au financement du programme de stabilisation \u00e9conomique et sociale et pr\u00e8s de 50 millions d\u2019euros aux Entreprises Publiques marocaines. On apprend que cette enveloppe s\u2019inscrit dans la mise en place d\u2019une <strong>r\u00e9ponse imm\u00e9diate<\/strong> au besoin de financement accrus de l\u2019Etat suscit\u00e9s par la crise Covid-19, en anticipant la mise \u00e0 disposition \u00e0 court terme des fonds d\u2019op\u00e9rations en cours conform\u00e9ment \u00e0 leurs objectifs.<\/p>\n<p>Lire aussi: <a href=\"https:\/\/www.challenge.ma\/coronavirus-loffice-des-changes-accorde-une-dotation-touristique-exceptionnelle-aux-marocains-bloques-a-letranger-138044\/\">Coronavirus : L\u2019Office des changes accorde une dotation touristique exceptionnelle aux Marocains bloqu\u00e9s \u00e0 l\u2019\u00e9tranger<\/a><\/p>\n<p>Dans le m\u00eame temps, le Maroc et l\u2019AFD ont sign\u00e9 le 1er avril dernier un nouvel accord de pr\u00eat de 100 millions d\u2019euros en appui \u00e0 l\u2019am\u00e9lioration de la performance des communes, rappelle l\u2019Agence, notant que ce programme vise \u00e0 renforcer les capacit\u00e9s humaines et financi\u00e8res des collectivit\u00e9s locales qui sont \u00e9galement amen\u00e9es \u00e0 porter une partie des r\u00e9ponses de soutien face \u00e0 la crise. L\u2019AFD rappelle \u00e9galement la mobilisation de deux lignes de cr\u00e9dit en faveur de FINEA et du Groupe Cr\u00e9dit Agricole du Maroc, permettant l\u2019acc\u00e8s des TPME \u00e0 des financements adapt\u00e9s, notant que le versement des ressources financi\u00e8res dans les semaines suivant la d\u00e9claration de l\u2019\u00e9tat d\u2019urgence sanitaire, s\u2019\u00e9l\u00e8ve \u00e0 130 millions d\u2019euros. De m\u00eame, on note que Proparco, la filiale du groupe AFD d\u00e9di\u00e9e au secteur priv\u00e9, est \u00e9galement engag\u00e9e pour adapter son offre et ses modes de faire dans le contexte de crise.<\/p>\n<p>L\u2019AFD devrait, par ailleurs, mobiliser au cours du second semestre 2020 entre 400 et 550 millions d\u2019euros pour soutenir les nouvelles politiques structurelles et les r\u00e9formes institutionnelles qui constitueront les leviers d\u2019une sortie de crise. On apprend, entre autres, aussi que l\u2019agence poursuivra son appui financier \u00e0 la r\u00e9forme de la r\u00e9gionalisation avanc\u00e9e et aux programmes de villes durables qui contribueront \u00e0 la relance \u00e9conomique des territoires, ainsi qu\u2019\u00e0 leur r\u00e9silience sociale et \u00e9cologique.<\/p>\n<p>\u00ab\u00a0L\u2019enjeu est d\u2019abord de mobiliser \u00e0 court terme des financements en faveur du programme de stabilisation \u00e9conomique et sociale. Mais il convient, d\u00e8s \u00e0 pr\u00e9sent, de pr\u00e9parer la sortie d\u2019une crise qui est d\u2019autant plus profonde qu\u2019elle questionne nos mod\u00e8les de d\u00e9veloppement. On peut en craindre les cons\u00e9quences \u00e9conomiques et sociales. Mais on peut aussi y voir une formidable opportunit\u00e9 pour acc\u00e9l\u00e9rer des transformations structurelles et soci\u00e9tales. Il est, en ce sens, \u00e9vident que la demande citoyenne sera davantage celle d\u2019une plus forte protection, sociale et environnementale. Il est aussi av\u00e9r\u00e9 que cette pand\u00e9mie a un rapport avec la fragilisation de la biodiversit\u00e9 et le changement climatique. Et il est enfin souhaitable que la relance de l\u2019\u00e9conomie internationale s\u2019inscrive davantage dans des trajectoires d\u2019\u00e9conomie d\u00e9carbon\u00e9e\u00a0\u00bb, conclut Mihoub Mezouaghi, Directeur de l\u2019AFD au Maroc.<\/p>\n<div class=\"c17\">\n<fieldset class=\"c16\">\n<legend><strong><span class=\"c11\">Challenge<\/span><span class=\"c12\">news<\/span><\/strong><\/legend>\n<div class=\"c15\">Le meilleur de Challenge s\u00e9lectionn\u00e9 par la r\u00e9daction :<\/p>\n<\/div>\n<\/fieldset>\n<\/div>\n<p>Auteur: challenge<br \/>\n<a href=\"https:\/\/www.challenge.ma\/afd-pres-de-150-millions-deuros-debloques-au-profit-du-maroc-sur-les-3-prochains-mois-138047\/\">Cliquez ici pour lire l&rsquo;article depuis sa source.<\/a><\/p>\n","protected":false},"excerpt":{"rendered":"<p>Au cours des trois prochains mois, l\u2019Agence Fran\u00e7aise de D\u00e9veloppement (AFD) va d\u00e9bloquer pr\u00e8s de 100 millions d\u2019euros qui seront vers\u00e9s au budget de l\u2019Etat afin de contribuer au financement du programme de stabilisation \u00e9conomique et sociale et pr\u00e8s de 50 millions d\u2019euros aux Entreprises Publiques marocaines. Un nouveau soutien de plus qui vient conforter [&hellip;]<\/p>\n","protected":false},"author":1787,"featured_media":0,"comment_status":"closed","ping_status":"closed","sticky":false,"template":"","format":"standard","meta":{"fifu_image_url":"","fifu_image_alt":"","footnotes":""},"categories":[78,54],"tags":[],"class_list":["post-82955","post","type-post","status-publish","format-standard","hentry","category-economie","category-maroc"],"_links":{"self":[{"href":"https:\/\/linitiative.ca\/International\/wp-json\/wp\/v2\/posts\/82955","targetHints":{"allow":["GET"]}}],"collection":[{"href":"https:\/\/linitiative.ca\/International\/wp-json\/wp\/v2\/posts"}],"about":[{"href":"https:\/\/linitiative.ca\/International\/wp-json\/wp\/v2\/types\/post"}],"author":[{"embeddable":true,"href":"https:\/\/linitiative.ca\/International\/wp-json\/wp\/v2\/users\/1787"}],"replies":[{"embeddable":true,"href":"https:\/\/linitiative.ca\/International\/wp-json\/wp\/v2\/comments?post=82955"}],"version-history":[{"count":0,"href":"https:\/\/linitiative.ca\/International\/wp-json\/wp\/v2\/posts\/82955\/revisions"}],"wp:attachment":[{"href":"https:\/\/linitiative.ca\/International\/wp-json\/wp\/v2\/media?parent=82955"}],"wp:term":[{"taxonomy":"category","embeddable":true,"href":"https:\/\/linitiative.ca\/International\/wp-json\/wp\/v2\/categories?post=82955"},{"taxonomy":"post_tag","embeddable":true,"href":"https:\/\/linitiative.ca\/International\/wp-json\/wp\/v2\/tags?post=82955"}],"curies":[{"name":"wp","href":"https:\/\/api.w.org\/{rel}","templated":true}]}}