{"id":82956,"date":"2020-04-20T15:48:13","date_gmt":"2020-04-20T19:48:13","guid":{"rendered":"https:\/\/linitiative.ca\/International\/coronavirus-ce-quil-faut-retenir-des-nouvelles-mesures-du-comite-de-veille-economique\/"},"modified":"2020-04-20T15:48:13","modified_gmt":"2020-04-20T19:48:13","slug":"coronavirus-ce-quil-faut-retenir-des-nouvelles-mesures-du-comite-de-veille-economique","status":"publish","type":"post","link":"https:\/\/linitiative.ca\/International\/coronavirus-ce-quil-faut-retenir-des-nouvelles-mesures-du-comite-de-veille-economique\/","title":{"rendered":"Coronavirus : Ce qu\u2019il faut retenir des nouvelles mesures du Comit\u00e9 de veille \u00e9conomique"},"content":{"rendered":"<p><strong>Le Comit\u00e9 de Veille \u00c9conomique (CVE) poursuit ses initiatives. Il a ainsi tenu sa 5<\/strong><sup><strong>\u00e8me<\/strong><\/sup><strong>r\u00e9union de travail le lundi 20 avril en mode visioconf\u00e9rence.<\/strong><\/p>\n<div class=\"c10\"\/>\n<p>Globalement, on note ainsi qu\u2019\u00e0 l\u2019ouverture de cette r\u00e9union, les membres du Comit\u00e9 ont salu\u00e9 la d\u00e9cision du prolongement de l\u2019Etat d\u2019Urgence Sanitaire jusqu\u2019au 20 mai prochain, prise par le Gouvernement, pla\u00e7ant la protection de la vie des citoyens \u00e0 la t\u00eate des priorit\u00e9s nationales. Ces nouveaux d\u00e9lais sont, d\u2019ailleurs, pris en compte par le CVE dans les sc\u00e9narii pr\u00e9vus de red\u00e9marrage progressif des activit\u00e9s \u00e9conomiques. De m\u00eame, le ministre des <strong>Finances<\/strong> a fait un bilan de l\u2019\u00e9tat d\u2019avancement des mesures d\u00e9ploy\u00e9es \u00e0 ce jour, au profit des m\u00e9nages impact\u00e9s par les r\u00e9percussions de la crise du Covid-19.<\/p>\n<p>Lire aussi: <a href=\"https:\/\/www.challenge.ma\/afd-pres-de-150-millions-deuros-debloques-au-profit-du-maroc-sur-les-3-prochains-mois-138047\/\">AFD: pr\u00e8s de 150 millions d\u2019euros d\u00e9bloqu\u00e9s au profit du Maroc sur les 3 prochains mois<\/a><\/p>\n<p>On apprend \u00e9galement que l\u2019op\u00e9rationnalisation des mesures d\u00e9cid\u00e9es \u00e0 m\u00eame d\u2019appuyer les entreprises y compris celles titulaires des march\u00e9s publics en termes de <strong>paiemen<\/strong>t, de souplesse de fonctionnement, et d\u2019ex\u00e9cution de march\u00e9s publics tenant compte de la force majeure, est sur la bonne voie. Force est de souligner aussi que sur le plan fiscal, dans le but d\u2019expliciter les mesures annonc\u00e9es lors du dernier Comit\u00e9, une circulaire sera rendue publique et op\u00e9rationnalis\u00e9e le 22 avril 2020. D\u2019ailleurs, \u00e0 cet effet, un site web d\u00e9di\u00e9 de la <strong>Direction G\u00e9n\u00e9rale des Imp\u00f4ts<\/strong> (DGI), sera mis \u00e0 disposition des employeurs concern\u00e9s. Aussi, le CVE a pris une nouvelle s\u00e9rie de mesures additionnelles\u00a0:\u00a0<\/p>\n<p>\u2013 Mise en place d\u2019un cr\u00e9dit \u00e0 taux z\u00e9ro pour les <strong>auto-entrepreneurs<\/strong>, impact\u00e9s par la crise du Covid-19, pouvant atteindre un montant de 15\u00a0000 dirhams. Ce cr\u00e9dit, qui sera disponible \u00e0 partir du 27 avril 2020, est remboursable sur une p\u00e9riode pouvant aller \u00e0 3 ans avec un d\u00e9lai de gr\u00e2ce d\u2019un an. Les int\u00e9r\u00eats y aff\u00e9rents seront totalement pris en charge par le secteur des <strong>assurances<\/strong>. Ce dernier contribuera, en outre, pour un montant de 100 millions de dirhams au m\u00e9canisme de garantie mis en place par l\u2019\u00c9tat, \u00e0 travers la Caisse Centrale de Garantie.<\/p>\n<p>\u2013 Traitement comptable d\u00e9rogatoire pour \u00e9taler les dons et les charges relatives \u00e0 la p\u00e9riode de l\u2019Etat d\u2019urgence sanitaire, sur 5 ans. A cet effet, une r\u00e9union d\u2019urgence du Conseil National de la Comptabilit\u00e9 sera programm\u00e9e pour l\u2019examen des modalit\u00e9s de mise \u0153uvre, adapt\u00e9es aux entreprises dans ce contexte exceptionnel. \u00a0<\/p>\n<p>\u2013 Extension du b\u00e9n\u00e9fice de \u00ab\u00a0<strong>DAMANE OXYGENE<\/strong>\u00a0\u00bb aux entreprises op\u00e9rant dans le secteur de l\u2019immobilier dont la tr\u00e9sorerie s\u2019est d\u00e9grad\u00e9e \u00e0 cause de la baisse de leur activit\u00e9.<\/p>\n<p><strong>\u2013<\/strong> Assouplissement des proc\u00e9dures de d\u00e9claration des salari\u00e9s affili\u00e9s \u00e0 la CNSS qui sont en arr\u00eat provisoire. Les d\u00e9clarations peuvent \u00eatre faites sur une fr\u00e9quence hebdomadaire \u00e0 compter de ce mois d\u2019avril 2020.<\/p>\n<p>Par ailleurs, le <strong>CVE<\/strong> s\u2019est aussi pench\u00e9 sur la pr\u00e9paration d\u2019une premi\u00e8re \u00e9bauche des scenarii pour le red\u00e9marrage progressif des diff\u00e9rents secteurs d\u2019activit\u00e9 et de la relance \u00e9conomique. Force est de souligner que les plans d\u2019action qui en d\u00e9couleront seront pr\u00e9sent\u00e9s lors des prochaines r\u00e9unions CVE.<\/p>\n<div class=\"c17\">\n<fieldset class=\"c16\">\n<legend><strong><span class=\"c11\">Challenge<\/span><span class=\"c12\">news<\/span><\/strong><\/legend>\n<div class=\"c15\">Le meilleur de Challenge s\u00e9lectionn\u00e9 par la r\u00e9daction :<\/p>\n<\/div>\n<\/fieldset>\n<\/div>\n<p>Auteur: challenge<br \/>\n<a href=\"https:\/\/www.challenge.ma\/coronavirus-ce-quil-faut-retenir-des-nouvelles-mesures-du-comite-de-veille-economique-138055\/\">Cliquez ici pour lire l&rsquo;article depuis sa source.<\/a><\/p>\n","protected":false},"excerpt":{"rendered":"<p>Le Comit\u00e9 de Veille \u00c9conomique (CVE) poursuit ses initiatives. Il a ainsi tenu sa 5\u00e8mer\u00e9union de travail le lundi 20 avril en mode visioconf\u00e9rence. Globalement, on note ainsi qu\u2019\u00e0 l\u2019ouverture de cette r\u00e9union, les membres du Comit\u00e9 ont salu\u00e9 la d\u00e9cision du prolongement de l\u2019Etat d\u2019Urgence Sanitaire jusqu\u2019au 20 mai prochain, prise par le Gouvernement, [&hellip;]<\/p>\n","protected":false},"author":1787,"featured_media":0,"comment_status":"closed","ping_status":"closed","sticky":false,"template":"","format":"standard","meta":{"fifu_image_url":"","fifu_image_alt":"","footnotes":""},"categories":[78,54],"tags":[],"class_list":["post-82956","post","type-post","status-publish","format-standard","hentry","category-economie","category-maroc"],"_links":{"self":[{"href":"https:\/\/linitiative.ca\/International\/wp-json\/wp\/v2\/posts\/82956","targetHints":{"allow":["GET"]}}],"collection":[{"href":"https:\/\/linitiative.ca\/International\/wp-json\/wp\/v2\/posts"}],"about":[{"href":"https:\/\/linitiative.ca\/International\/wp-json\/wp\/v2\/types\/post"}],"author":[{"embeddable":true,"href":"https:\/\/linitiative.ca\/International\/wp-json\/wp\/v2\/users\/1787"}],"replies":[{"embeddable":true,"href":"https:\/\/linitiative.ca\/International\/wp-json\/wp\/v2\/comments?post=82956"}],"version-history":[{"count":0,"href":"https:\/\/linitiative.ca\/International\/wp-json\/wp\/v2\/posts\/82956\/revisions"}],"wp:attachment":[{"href":"https:\/\/linitiative.ca\/International\/wp-json\/wp\/v2\/media?parent=82956"}],"wp:term":[{"taxonomy":"category","embeddable":true,"href":"https:\/\/linitiative.ca\/International\/wp-json\/wp\/v2\/categories?post=82956"},{"taxonomy":"post_tag","embeddable":true,"href":"https:\/\/linitiative.ca\/International\/wp-json\/wp\/v2\/tags?post=82956"}],"curies":[{"name":"wp","href":"https:\/\/api.w.org\/{rel}","templated":true}]}}