{"id":82957,"date":"2020-04-20T16:16:04","date_gmt":"2020-04-20T20:16:04","guid":{"rendered":"https:\/\/linitiative.ca\/International\/approvisionnement-du-marche-la-commission-interministerielle-veille-au-grain\/"},"modified":"2020-04-20T16:16:04","modified_gmt":"2020-04-20T20:16:04","slug":"approvisionnement-du-marche-la-commission-interministerielle-veille-au-grain","status":"publish","type":"post","link":"https:\/\/linitiative.ca\/International\/approvisionnement-du-marche-la-commission-interministerielle-veille-au-grain\/","title":{"rendered":"Approvisionnement du march\u00e9: La commission interminist\u00e9rielle veille au grain"},"content":{"rendered":"<p><strong>La commission interminist\u00e9rielle charg\u00e9e du suivi de l\u2019approvisionnement, des prix et des op\u00e9rations de contr\u00f4le de la qualit\u00e9 et des prix travaille d\u2019arrache-pied pour \u00eatre \u00e0 la hauteur des exigences des Marocains dans cette p\u00e9riode de pand\u00e9mie.<\/strong><\/p>\n<div class=\"c10\"\/>\n<p>Cette <strong>commission<\/strong> a ainsi tenu une r\u00e9union le lundi 20 avril avec toutes les parties prenantes pour faire le point sur les mesures entreprises par les services concern\u00e9s\u00a0 sur la situation de l\u2019approvisionnement, des prix et du contr\u00f4le depuis l\u2019entr\u00e9e en vigueur de la situation d\u2019urgence sanitaire. Cette r\u00e9union a permis aussi de s\u2019informer sur les mesures\u00a0 <strong>entreprises<\/strong> dans le cadre de la pr\u00e9paration du mois du Ramadan, notamment concernant la disponibilit\u00e9 des biens et produits les plus consomm\u00e9 durant ce mois sacr\u00e9. Globalement, il va sans dire que les march\u00e9s sont normalement approvisionn\u00e9s de tous les biens et produits, et que l\u2019offre couvre largement les besoins estim\u00e9s du mois du Ramadan et des mois suivants.<\/p>\n<p>On apprend aussi que les prix de la majorit\u00e9 des produits sont stables par rapport aux semaines pr\u00e9c\u00e9dentes, ainsi que par rapport \u00e0 la m\u00eame p\u00e9riode de l\u2019ann\u00e9e \u00e9coul\u00e9e. En ce qui concerne le contr\u00f4le des prix et de la qualit\u00e9 des <strong>produits alimentaires<\/strong>, soulignons que les administrations charg\u00e9es du contr\u00f4le poursuivent leurs actions, aussi bien au niveau de l\u2019importation que sur le march\u00e9 local. Ainsi, les interventions des commissions mixtes provinciales et locales durant la p\u00e9riode du 1<sup>er<\/sup> au 19 avril 2020 ont concern\u00e9 environ 25.000 points de vente en gros et au d\u00e9tail et des entrep\u00f4ts de stockage.<\/p>\n<p>Lire aussi: <a href=\"https:\/\/www.challenge.ma\/coronavirus-ce-quil-faut-retenir-des-nouvelles-mesures-du-comite-de-veille-economique-138055\/\">Coronavirus : Ce qu\u2019il faut retenir des nouvelles mesures du Comit\u00e9 de veille \u00e9conomique<\/a><\/p>\n<p>Elles ont conduit \u00e0 la constatation de 370 infractions en mati\u00e8re de prix et de qualit\u00e9 des produits alimentaires. Ces infractions sont ventil\u00e9es en 274 pour d\u00e9faut d\u2019affichage des prix, 54 pour non pr\u00e9sentation de factures, 23 pour hausses illicites de prix r\u00e8glement\u00e9s, 6 pour non-respect des normes de qualit\u00e9 et d\u2019hygi\u00e8ne, en plus de 13 autres infractions diverses. Les <strong>mesures r\u00e8glementaires<\/strong> ont \u00e9t\u00e9 prises \u00e0 l\u2019encontre des contrevenants. Pour ce qui est de la qualit\u00e9 des marchandises et produits stock\u00e9s ou pr\u00e9sent\u00e9s \u00e0 la vente, les commissions mixtes ont proc\u00e9d\u00e9 \u00e0 la saisie et \u00e0 la destruction de plus de 164 tonnes de marchandises impropres \u00e0 la consommation ou non conformes aux normes requises.<\/p>\n<p>La commission interminist\u00e9rielle poursuivra la tenue r\u00e9guli\u00e8re de ses r\u00e9unions pour suivre l\u2019\u00e9volution de la situation des march\u00e9s, le niveau de l\u2019approvisionnement et des prix\u00a0 et le bilan des intervention des commissions de contr\u00f4le pour faire face \u00e0 tout type de fraude, de monopolisation, de sp\u00e9culation ou de manipulation des prix.<\/p>\n<div class=\"c17\">\n<fieldset class=\"c16\">\n<legend><strong><span class=\"c11\">Challenge<\/span><span class=\"c12\">news<\/span><\/strong><\/legend>\n<div class=\"c15\">Le meilleur de Challenge s\u00e9lectionn\u00e9 par la r\u00e9daction :<\/p>\n<\/div>\n<\/fieldset>\n<\/div>\n<p>Auteur: challenge<br \/>\n<a href=\"https:\/\/www.challenge.ma\/approvisionnement-du-marche-la-commission-interministerielle-veille-au-grain-138057\/\">Cliquez ici pour lire l&rsquo;article depuis sa source.<\/a><\/p>\n","protected":false},"excerpt":{"rendered":"<p>La commission interminist\u00e9rielle charg\u00e9e du suivi de l\u2019approvisionnement, des prix et des op\u00e9rations de contr\u00f4le de la qualit\u00e9 et des prix travaille d\u2019arrache-pied pour \u00eatre \u00e0 la hauteur des exigences des Marocains dans cette p\u00e9riode de pand\u00e9mie. Cette commission a ainsi tenu une r\u00e9union le lundi 20 avril avec toutes les parties prenantes pour faire [&hellip;]<\/p>\n","protected":false},"author":1787,"featured_media":0,"comment_status":"closed","ping_status":"closed","sticky":false,"template":"","format":"standard","meta":{"fifu_image_url":"","fifu_image_alt":"","footnotes":""},"categories":[78,54],"tags":[],"class_list":["post-82957","post","type-post","status-publish","format-standard","hentry","category-economie","category-maroc"],"_links":{"self":[{"href":"https:\/\/linitiative.ca\/International\/wp-json\/wp\/v2\/posts\/82957","targetHints":{"allow":["GET"]}}],"collection":[{"href":"https:\/\/linitiative.ca\/International\/wp-json\/wp\/v2\/posts"}],"about":[{"href":"https:\/\/linitiative.ca\/International\/wp-json\/wp\/v2\/types\/post"}],"author":[{"embeddable":true,"href":"https:\/\/linitiative.ca\/International\/wp-json\/wp\/v2\/users\/1787"}],"replies":[{"embeddable":true,"href":"https:\/\/linitiative.ca\/International\/wp-json\/wp\/v2\/comments?post=82957"}],"version-history":[{"count":0,"href":"https:\/\/linitiative.ca\/International\/wp-json\/wp\/v2\/posts\/82957\/revisions"}],"wp:attachment":[{"href":"https:\/\/linitiative.ca\/International\/wp-json\/wp\/v2\/media?parent=82957"}],"wp:term":[{"taxonomy":"category","embeddable":true,"href":"https:\/\/linitiative.ca\/International\/wp-json\/wp\/v2\/categories?post=82957"},{"taxonomy":"post_tag","embeddable":true,"href":"https:\/\/linitiative.ca\/International\/wp-json\/wp\/v2\/tags?post=82957"}],"curies":[{"name":"wp","href":"https:\/\/api.w.org\/{rel}","templated":true}]}}