{"id":82960,"date":"2020-04-20T15:56:57","date_gmt":"2020-04-20T19:56:57","guid":{"rendered":"https:\/\/linitiative.ca\/International\/equipe-nationale-alain-giresse-devoile-les-raisons-de-son-depart\/"},"modified":"2020-04-20T15:56:57","modified_gmt":"2020-04-20T19:56:57","slug":"equipe-nationale-alain-giresse-devoile-les-raisons-de-son-depart","status":"publish","type":"post","link":"https:\/\/linitiative.ca\/International\/equipe-nationale-alain-giresse-devoile-les-raisons-de-son-depart\/","title":{"rendered":"\u00c9quipe nationale : Alain Giresse d\u00e9voile les raisons de son d\u00e9part"},"content":{"rendered":"<div class=\"post-cont-in left relative\">\n<div class=\"heateor_sss_sharing_container heateor_sss_horizontal_sharing\" heateor-sss-data-href=\"https:\/\/sport.tunisienumerique.com\/equipe-nationale-alain-giresse-devoile-les-raisons-de-son-depart\/\" heateor-sss-no-counts=\"1\">\n<div class=\"heateor_sss_sharing_title c4\">Cet article vous a \u00e9t\u00e9 utile? Partagez le, il int\u00e9ressera d\u2019autres personnes. Merci!<\/div>\n<ul class=\"heateor_sss_sharing_ul\">\n<li class=\"heateorSssSharingRound\"><em alt=\"Facebook\" title=\"Facebook\" class=\"heateorSssSharing heateorSssFacebookBackground c5\" onclick=\"heateorSssPopup(&quot;https:\/\/www.facebook.com\/sharer\/sharer.php?u=https%3A%2F%2Fsport.tunisienumerique.com%2Fequipe-nationale-alain-giresse-devoile-les-raisons-de-son-depart%2F&quot;)\">\u00a0<\/em><\/li>\n<li class=\"heateorSssSharingRound\"><em alt=\"Twitter\" title=\"Twitter\" class=\"heateorSssSharing heateorSssTwitterBackground c5\" onclick=\"heateorSssPopup(&quot;http:\/\/twitter.com\/intent\/tweet?text=%C3%89quipe%20nationale%20%3A%20Alain%20Giresse%20d%C3%A9voile%20les%20raisons%20de%20son%20d%C3%A9part&amp;url=https%3A%2F%2Fsport.tunisienumerique.com%2Fequipe-nationale-alain-giresse-devoile-les-raisons-de-son-depart%2F&quot;)\">\u00a0<\/em><\/li>\n<li class=\"heateorSssSharingRound\"><em alt=\"Linkedin\" title=\"Linkedin\" class=\"heateorSssSharing heateorSssLinkedinBackground c5\" onclick=\"heateorSssPopup(&quot;http:\/\/www.linkedin.com\/shareArticle?mini=true&amp;url=https%3A%2F%2Fsport.tunisienumerique.com%2Fequipe-nationale-alain-giresse-devoile-les-raisons-de-son-depart%2F&amp;title=%C3%89quipe%20nationale%20%3A%20Alain%20Giresse%20d%C3%A9voile%20les%20raisons%20de%20son%20d%C3%A9part&quot;)\">\u00a0<\/em><\/li>\n<li class=\"heateorSssSharingRound\"><em alt=\"Google Gmail\" title=\"Google Gmail\" class=\"heateorSssSharing heateorSssGoogleGmailBackground c5\" onclick=\"heateorSssPopup(&quot;https:\/\/mail.google.com\/mail\/?ui=2&amp;view=cm&amp;fs=1&amp;tf=1&amp;su=%C3%89quipe%20nationale%20%3A%20Alain%20Giresse%20d%C3%A9voile%20les%20raisons%20de%20son%20d%C3%A9part&amp;body=Link:https%3A%2F%2Fsport.tunisienumerique.com%2Fequipe-nationale-alain-giresse-devoile-les-raisons-de-son-depart%2F&quot;)\">\u00a0<\/em><\/li>\n<li class=\"heateorSssSharingRound\"><em alt=\"Whatsapp\" title=\"Whatsapp\" class=\"heateorSssSharing heateorSssWhatsappBackground c5\"><a href=\"https:\/\/api.whatsapp.com\/send?text=%C3%89quipe%20nationale%20%3A%20Alain%20Giresse%20d%C3%A9voile%20les%20raisons%20de%20son%20d%C3%A9part%20https%3A%2F%2Fsport.tunisienumerique.com%2Fequipe-nationale-alain-giresse-devoile-les-raisons-de-son-depart%2F\" rel=\"nofollow noopener noreferrer\" target=\"_blank\">\u00a0<\/a><\/em><\/li>\n<li class=\"heateorSssSharingRound\">\u00a0<\/li>\n<\/ul>\n<\/div>\n<p dir=\"ltr\">Alain Giresse, ancien s\u00e9lectionneur de l\u2019\u00e9quipe nationale tunisienne a est revenu sur la Coupe d\u2019Afrique des Nations 2019.<\/p>\n<p dir=\"ltr\">Le tacticien fran\u00e7ais a soulign\u00e9 que son objectif pour la pr\u00e9c\u00e9dente CAN \u00e9tait de se qualifier, mais suite \u00e0 un d\u00e9saccord avec la F\u00e9d\u00e9ration Tunisienne de Football qui a mis par la suite fin \u00e0 l\u2019amiable \u00e0 son contrat avec Giresse.<\/p>\n<div class=\"code-block code-block-1 c7\"><ins class=\"adsbygoogle c6\" data-ad-layout=\"in-article\" data-ad-format=\"fluid\" data-ad-client=\"ca-pub-2102118777505746\" data-ad-slot=\"7301775417\"\/> <\/div>\n<p dir=\"ltr\">Lors de son passage dans un programme de la cha\u00eene One Time 2, Alain Giresse a affirm\u00e9 oque son choix de la liste de la s\u00e9lection \u00e9tait selon le style de jeu des joueurs et surtout le jeu collectif.<\/p>\n<p dir=\"ltr\">Il a \u00e9galement expliqu\u00e9 que son exclusion de l\u2019ailier droit Ali Maaloul \u00e9tait \u00e0 cause de diff\u00e9rends avec lui.<\/p>\n<p dir=\"ltr\">\u00ab C\u2019est un grand joueur, il n\u2019y a aucun doute l\u00e0 dessus. Mais, nous avons eu quelques malentendus avant le d\u00e9but de la comp\u00e9tition et j\u2019ai opt\u00e9 pour son exclusion. \u00bb, a d\u00e9clar\u00e9 Giresse.\u00a0 \u00ab Il s\u2019agit pourtant d\u2019un bon d\u00e9fenseur et qui assiste bien l\u2019attaque.\u00a0 \u00bb.<\/p>\n<p dir=\"ltr\">L\u2019ex international fran\u00e7ais a ajout\u00e9 qu\u2019il a \u00e9t\u00e9 critiqu\u00e9 par le public \u00e9gyptien et tunisien parce qu\u2019il n\u2019a pas convoqu\u00e9 le joueur d\u2019Al Ahly.<\/p>\n<p><\/p>\n<div class=\"heateor_sss_sharing_container heateor_sss_horizontal_sharing\" heateor-sss-data-href=\"https:\/\/sport.tunisienumerique.com\/equipe-nationale-alain-giresse-devoile-les-raisons-de-son-depart\/\" heateor-sss-no-counts=\"1\">\n<div class=\"heateor_sss_sharing_title c4\">Cet article vous a \u00e9t\u00e9 utile? Partagez le, il int\u00e9ressera d\u2019autres personnes. Merci!<\/div>\n<ul class=\"heateor_sss_sharing_ul\">\n<li class=\"heateorSssSharingRound\"><em alt=\"Facebook\" title=\"Facebook\" class=\"heateorSssSharing heateorSssFacebookBackground c5\" onclick=\"heateorSssPopup(&quot;https:\/\/www.facebook.com\/sharer\/sharer.php?u=https%3A%2F%2Fsport.tunisienumerique.com%2Fequipe-nationale-alain-giresse-devoile-les-raisons-de-son-depart%2F&quot;)\">\u00a0<\/em><\/li>\n<li class=\"heateorSssSharingRound\"><em alt=\"Twitter\" title=\"Twitter\" class=\"heateorSssSharing heateorSssTwitterBackground c5\" onclick=\"heateorSssPopup(&quot;http:\/\/twitter.com\/intent\/tweet?text=%C3%89quipe%20nationale%20%3A%20Alain%20Giresse%20d%C3%A9voile%20les%20raisons%20de%20son%20d%C3%A9part&amp;url=https%3A%2F%2Fsport.tunisienumerique.com%2Fequipe-nationale-alain-giresse-devoile-les-raisons-de-son-depart%2F&quot;)\">\u00a0<\/em><\/li>\n<li class=\"heateorSssSharingRound\"><em alt=\"Linkedin\" title=\"Linkedin\" class=\"heateorSssSharing heateorSssLinkedinBackground c5\" onclick=\"heateorSssPopup(&quot;http:\/\/www.linkedin.com\/shareArticle?mini=true&amp;url=https%3A%2F%2Fsport.tunisienumerique.com%2Fequipe-nationale-alain-giresse-devoile-les-raisons-de-son-depart%2F&amp;title=%C3%89quipe%20nationale%20%3A%20Alain%20Giresse%20d%C3%A9voile%20les%20raisons%20de%20son%20d%C3%A9part&quot;)\">\u00a0<\/em><\/li>\n<li class=\"heateorSssSharingRound\"><em alt=\"Google Gmail\" title=\"Google Gmail\" class=\"heateorSssSharing heateorSssGoogleGmailBackground c5\" onclick=\"heateorSssPopup(&quot;https:\/\/mail.google.com\/mail\/?ui=2&amp;view=cm&amp;fs=1&amp;tf=1&amp;su=%C3%89quipe%20nationale%20%3A%20Alain%20Giresse%20d%C3%A9voile%20les%20raisons%20de%20son%20d%C3%A9part&amp;body=Link:https%3A%2F%2Fsport.tunisienumerique.com%2Fequipe-nationale-alain-giresse-devoile-les-raisons-de-son-depart%2F&quot;)\">\u00a0<\/em><\/li>\n<li class=\"heateorSssSharingRound\"><em alt=\"Whatsapp\" title=\"Whatsapp\" class=\"heateorSssSharing heateorSssWhatsappBackground c5\"><a href=\"https:\/\/api.whatsapp.com\/send?text=%C3%89quipe%20nationale%20%3A%20Alain%20Giresse%20d%C3%A9voile%20les%20raisons%20de%20son%20d%C3%A9part%20https%3A%2F%2Fsport.tunisienumerique.com%2Fequipe-nationale-alain-giresse-devoile-les-raisons-de-son-depart%2F\" rel=\"nofollow noopener noreferrer\" target=\"_blank\">\u00a0<\/a><\/em><\/li>\n<li class=\"heateorSssSharingRound\">\u00a0<\/li>\n<\/ul>\n<\/div>\n<div class=\"mvp-org-wrap mvp-org-logo\" itemprop=\"publisher\" itemscope=\"\" itemtype=\"https:\/\/schema.org\/Organization\"><img decoding=\"async\" src=\"https:\/\/sport.tunisienumerique.com\/wp-content\/uploads\/2017\/05\/logo_tunisie_numerique.png\"\/><\/div>\n<div class=\"mvp-related-posts left relative\">\n<h4 class=\"post-header\"><span class=\"post-header\">Lire aussi<\/span><\/h4>\n<\/div>\n<div id=\"article-ad\"><ins class=\"adsbygoogle c8\" data-ad-client=\"ca-pub-2102118777505746\" data-ad-slot=\"6513972734\" data-ad-format=\"auto\" data-full-width-responsive=\"true\"\/> <\/div>\n<\/div>\n<div id=\"post-sidebar-wrap\"><ins class=\"adsbygoogle c8\" data-ad-client=\"ca-pub-2102118777505746\" data-ad-slot=\"6513972734\" data-ad-format=\"auto\" data-full-width-responsive=\"true\"\/> <\/div>\n<p>Auteur:<br \/>\n<a href=\"https:\/\/sport.tunisienumerique.com\/equipe-nationale-alain-giresse-devoile-les-raisons-de-son-depart\/\">Cliquez ici pour lire l&rsquo;article depuis sa source.<\/a><\/p>\n","protected":false},"excerpt":{"rendered":"<p>Cet article vous a \u00e9t\u00e9 utile? Partagez le, il int\u00e9ressera d\u2019autres personnes. Merci! \u00a0 \u00a0 \u00a0 \u00a0 \u00a0 \u00a0 Alain Giresse, ancien s\u00e9lectionneur de l\u2019\u00e9quipe nationale tunisienne a est revenu sur la Coupe d\u2019Afrique des Nations 2019. Le tacticien fran\u00e7ais a soulign\u00e9 que son objectif pour la pr\u00e9c\u00e9dente CAN \u00e9tait de se qualifier, mais suite [&hellip;]<\/p>\n","protected":false},"author":1789,"featured_media":0,"comment_status":"closed","ping_status":"closed","sticky":false,"template":"","format":"standard","meta":{"fifu_image_url":"","fifu_image_alt":"","footnotes":""},"categories":[73,55],"tags":[],"class_list":["post-82960","post","type-post","status-publish","format-standard","hentry","category-actualite","category-tunisie"],"_links":{"self":[{"href":"https:\/\/linitiative.ca\/International\/wp-json\/wp\/v2\/posts\/82960","targetHints":{"allow":["GET"]}}],"collection":[{"href":"https:\/\/linitiative.ca\/International\/wp-json\/wp\/v2\/posts"}],"about":[{"href":"https:\/\/linitiative.ca\/International\/wp-json\/wp\/v2\/types\/post"}],"author":[{"embeddable":true,"href":"https:\/\/linitiative.ca\/International\/wp-json\/wp\/v2\/users\/1789"}],"replies":[{"embeddable":true,"href":"https:\/\/linitiative.ca\/International\/wp-json\/wp\/v2\/comments?post=82960"}],"version-history":[{"count":0,"href":"https:\/\/linitiative.ca\/International\/wp-json\/wp\/v2\/posts\/82960\/revisions"}],"wp:attachment":[{"href":"https:\/\/linitiative.ca\/International\/wp-json\/wp\/v2\/media?parent=82960"}],"wp:term":[{"taxonomy":"category","embeddable":true,"href":"https:\/\/linitiative.ca\/International\/wp-json\/wp\/v2\/categories?post=82960"},{"taxonomy":"post_tag","embeddable":true,"href":"https:\/\/linitiative.ca\/International\/wp-json\/wp\/v2\/tags?post=82960"}],"curies":[{"name":"wp","href":"https:\/\/api.w.org\/{rel}","templated":true}]}}