{"id":82961,"date":"2020-04-20T16:33:07","date_gmt":"2020-04-20T20:33:07","guid":{"rendered":"https:\/\/linitiative.ca\/International\/tunisie-qui-est-responsable-de-lenvahissement-du-poste-frontalier-de-ras-jedir\/"},"modified":"2020-04-20T16:33:07","modified_gmt":"2020-04-20T20:33:07","slug":"tunisie-qui-est-responsable-de-lenvahissement-du-poste-frontalier-de-ras-jedir","status":"publish","type":"post","link":"https:\/\/linitiative.ca\/International\/tunisie-qui-est-responsable-de-lenvahissement-du-poste-frontalier-de-ras-jedir\/","title":{"rendered":"Tunisie \u2013 Qui est responsable de l\u2019envahissement du poste frontalier de Ras Jedir\u00a0?"},"content":{"rendered":"<div class=\"post-cont-in left relative\">\n<p>Ce qui s\u2019est pass\u00e9, ce lundi apr\u00e8s midi, au niveau du passage frontalier de Ras Jedir, entre la Tunisie et la Libye, est d\u2019un tr\u00e8s haut degr\u00e9 de gravit\u00e9. La prise d\u2019assaut du poste frontalier par un millier d\u2019individus qui scandaient des \u00ab\u00a0Allah Akbar\u00a0\u00bb, et dont pas moins de 652 ont pu traverser vers le territoire tunisien, a mis un sacr\u00e9 coup \u00e0 l\u2019image de la Tunisie, de sa force et de sa capacit\u00e9 \u00e0 d\u00e9fendre son sol.<\/p>\n<div class=\"code-block code-block-1 c3\"><ins class=\"adsbygoogle c2\" data-ad-layout=\"in-article\" data-ad-format=\"fluid\" data-ad-client=\"ca-pub-2102118777505746\" data-ad-slot=\"7301775417\"\/> <\/div>\n<p>Et dire que ce sc\u00e9nario \u00e9tait pr\u00e9vu depuis assez longtemps, et que de nombreuses parties ont averti de sa tr\u00e8s probable survenue\u00a0! Ce qui suscite de nombreuses questions sur l\u2019inertie et l\u2019absence de r\u00e9action des forces de l\u2019arm\u00e9e et de l\u2019ordre, charg\u00e9es de la s\u00e9curisation des lieux. Et dire qu\u2019ils se pr\u00e9tendaient pr\u00eats \u00e0 toute \u00e9ventualit\u00e9, y compris \u00e0 un assaut des forces des deux parties qui combattent en Libye.<\/p>\n<p>Mais voil\u00e0, qu\u2019\u00e0 la premi\u00e8re occasion qu\u2019ils ont eue, ils ont montr\u00e9 \u00e0 quel point ils \u00e9taient pr\u00eats \u00e0 d\u00e9fendre notre pays\u00a0!<\/p>\n<p>Pourtant tout le monde avait averti de la pr\u00e9sence de pas moins de 700 terroristes tunisiens amass\u00e9s pr\u00e8s de la fronti\u00e8re, fuyant l\u2019offensive de <a href=\"https:\/\/www.tunisienumerique.com\/tunisie-actualite\/haftar\/\" title=\"Haftar\" target=\"_top\" class=\"auto-link\" rel=\"noopener noreferrer\">Haftar<\/a>. Pourtant, il \u00e9tait \u00e9vident que le gouvernement de Tripoli allait tout faire pour les aider \u00e0 fuir vers la Tunisie. Pourtant il devenait \u00e9vident que certaines parties \u00e9taient en train de mettre la pression sur les \u00e9paules du gouvernement l\u2019accusant de n\u00e9gliger ses ressortissants \u00e0 l\u2019\u00e9tranger. Pourtant, c\u2019\u00e9tait pr\u00e9visible qu\u2019ils allaient tenter un coup de force, puisque le ministre des transports a pr\u00e9tendu que le pays n\u2019avait pas les moyens de les ramener, tous. Pourtant tout le monde a remarqu\u00e9 le matraquage m\u00e9diatique mettant en c\u00e8ne ces \u00ab\u00a0tunisiens bloqu\u00e9s\u00a0\u00bb comme \u00e9tant de pauvres personnes abandonn\u00e9es \u00e0 leur sort, en plein d\u00e9sert n\u2019ayant, m\u00eame pas, un bout de carton pour se coucher dessus.<\/p>\n<p>Et ce qui s\u2019est pass\u00e9, cet apr\u00e8s midi a confirm\u00e9 toutes ces appr\u00e9hensions. Les autorit\u00e9s de Tripoli \u00e9taient oblig\u00e9es de les l\u00e2cher \u00e0 l\u2019assaut du poste, puisqu\u2019il s\u2019agirait, en grande partie, de leurs combattants, ce qui est, \u00e0 la limite, l\u00e9gitime.<\/p>\n<p>Par contre ce qui n\u2019est pas explicable, c\u2019est que nos forces charg\u00e9es de d\u00e9fendre le pays re\u00e7oivent l\u2019ordre de s\u2019abstenir de toute intervention\u00a0!<\/p>\n<p>R\u00e9sultat des courses\u00a0: La notori\u00e9t\u00e9 de l\u2019Etat bafou\u00e9e, les autorit\u00e9s tunisiennes d\u00e9pass\u00e9es et outr\u00e9es, et tout l\u2019effort consenti pour le confinement et la pr\u00e9vention de l\u2019\u00e9pid\u00e9mie r\u00e9duit \u00e0 n\u00e9ant.<\/p>\n<div class=\"swp_social_panel swp_horizontal_panel swp_flat_fresh swp_default_full_color swp_individual_full_color swp_other_full_color scale-100 scale-\" data-min-width=\"1100\" data-float-color=\"#ffffff\" data-float=\"bottom\" data-float-mobile=\"bottom\" data-transition=\"slide\">\n<div class=\"nc_tweetContainer swp_share_button total_shares total_sharesalt\"><span class=\"swp_count\">1 <span class=\"swp_label\">Partages<\/span><\/span><\/div>\n<\/div>\n<p><strong>Que se passe-t-il en Tunisie?<\/strong><br \/>Nous expliquons sur notre <a href=\"https:\/\/www.youtube.com\/channel\/UCRzypVq0B_yBad5eGrwBx0Q?sub_confirmation=1\" target=\"_blank\" rel=\"noopener noreferrer\">cha\u00eene YouTube<\/a> . <a href=\"https:\/\/www.youtube.com\/channel\/UCRzypVq0B_yBad5eGrwBx0Q?sub_confirmation=1\" target=\"_blank\" rel=\"noopener noreferrer\">Abonnez-vous!<\/a><\/p>\n<div class=\"mvp-org-wrap mvp-org-logo\" itemprop=\"publisher\" itemscope=\"\" itemtype=\"https:\/\/schema.org\/Organization\"><img decoding=\"async\" src=\"https:\/\/www.tunisienumerique.com\/wp-content\/uploads\/2017\/02\/logo_tunisie_numerique.png\"\/><\/div>\n<div class=\"mvp-related-posts left relative\">\n<h4 class=\"post-header\"><span class=\"post-header\">Lire aussi<\/span><\/h4>\n<\/div>\n<div id=\"article-ad\"><ins class=\"adsbygoogle c4\" data-ad-client=\"ca-pub-2102118777505746\" data-ad-slot=\"6513972734\" data-ad-format=\"auto\" data-full-width-responsive=\"true\"\/> <\/div>\n<\/div>\n<div id=\"post-sidebar-wrap\"><ins class=\"adsbygoogle c4\" data-ad-client=\"ca-pub-2102118777505746\" data-ad-slot=\"6168283410\" data-ad-format=\"auto\" data-full-width-responsive=\"true\"\/> <\/div>\n<p>Auteur: Ramsis<br \/>\n<a href=\"https:\/\/www.tunisienumerique.com\/tunisie-qui-est-responsable-de-lenvahissement-du-poste-frontalier-de-ras-jedir\/\">Cliquez ici pour lire l&rsquo;article depuis sa source.<\/a><\/p>\n","protected":false},"excerpt":{"rendered":"<p>Ce qui s\u2019est pass\u00e9, ce lundi apr\u00e8s midi, au niveau du passage frontalier de Ras Jedir, entre la Tunisie et la Libye, est d\u2019un tr\u00e8s haut degr\u00e9 de gravit\u00e9. La prise d\u2019assaut du poste frontalier par un millier d\u2019individus qui scandaient des \u00ab\u00a0Allah Akbar\u00a0\u00bb, et dont pas moins de 652 ont pu traverser vers le [&hellip;]<\/p>\n","protected":false},"author":1789,"featured_media":0,"comment_status":"closed","ping_status":"closed","sticky":false,"template":"","format":"standard","meta":{"fifu_image_url":"","fifu_image_alt":"","footnotes":""},"categories":[73,55],"tags":[],"class_list":["post-82961","post","type-post","status-publish","format-standard","hentry","category-actualite","category-tunisie"],"_links":{"self":[{"href":"https:\/\/linitiative.ca\/International\/wp-json\/wp\/v2\/posts\/82961","targetHints":{"allow":["GET"]}}],"collection":[{"href":"https:\/\/linitiative.ca\/International\/wp-json\/wp\/v2\/posts"}],"about":[{"href":"https:\/\/linitiative.ca\/International\/wp-json\/wp\/v2\/types\/post"}],"author":[{"embeddable":true,"href":"https:\/\/linitiative.ca\/International\/wp-json\/wp\/v2\/users\/1789"}],"replies":[{"embeddable":true,"href":"https:\/\/linitiative.ca\/International\/wp-json\/wp\/v2\/comments?post=82961"}],"version-history":[{"count":0,"href":"https:\/\/linitiative.ca\/International\/wp-json\/wp\/v2\/posts\/82961\/revisions"}],"wp:attachment":[{"href":"https:\/\/linitiative.ca\/International\/wp-json\/wp\/v2\/media?parent=82961"}],"wp:term":[{"taxonomy":"category","embeddable":true,"href":"https:\/\/linitiative.ca\/International\/wp-json\/wp\/v2\/categories?post=82961"},{"taxonomy":"post_tag","embeddable":true,"href":"https:\/\/linitiative.ca\/International\/wp-json\/wp\/v2\/tags?post=82961"}],"curies":[{"name":"wp","href":"https:\/\/api.w.org\/{rel}","templated":true}]}}