{"id":82963,"date":"2020-04-20T14:57:25","date_gmt":"2020-04-20T18:57:25","guid":{"rendered":"https:\/\/linitiative.ca\/International\/reouverture-du-grand-marche-de-ouagadougou\/"},"modified":"2020-04-20T14:57:25","modified_gmt":"2020-04-20T18:57:25","slug":"reouverture-du-grand-marche-de-ouagadougou","status":"publish","type":"post","link":"https:\/\/linitiative.ca\/International\/reouverture-du-grand-marche-de-ouagadougou\/","title":{"rendered":"REOUVERTURE DU GRAND MARCHE DE OUAGADOUGOU"},"content":{"rendered":"<div class=\"stream-item stream-item-above-post-content\">\n<p><noscript><\/p>\n<p><a href=\"\/\/www3.smartadserver.com\/ac?jump=1&amp;nwid=2136&amp;siteid=240610&amp;pgname=rg&amp;fmtid=49046&amp;visit=m&amp;tmstp=[timestamp]&amp;out=nonrich\" target=\"_blank\" rel=\"noopener noreferrer\"><img decoding=\"async\" src=\"\/\/www3.smartadserver.com\/ac?out=nonrich&amp;nwid=2136&amp;siteid=240610&amp;pgname=rg&amp;fmtid=49046&amp;visit=m&amp;tmstp=[timestamp]\" border=\"0\" alt=\"\"\/><\/a><\/p>\n<p><\/noscript><\/div>\n<p class=\"c3\"><em>Hier, lundi 20 avril 2020, \u00e9tait un grand jour pour les commer\u00e7ants de la ville de Ouagadougou. Et pour cause : la r\u00e9ouverture du grand march\u00e9. En rappel, celui-ci avait \u00e9t\u00e9 ferm\u00e9 par les autorit\u00e9s depuis le 26 mars dernier, dans le cadre des mesures \u00e9dict\u00e9es par le gouvernement pour endiguer la propagation du Covid-19. Depuis lors, que de pressions et de grogne pour exiger sa r\u00e9ouverture ! Par moments, l\u2019on a m\u00eame craint que des commer\u00e7ants se r\u00e9pandent dans les rues pour se faire entendre, tant la situation \u00e9tait devenue intenable pour eux. Depuis hier, cette crainte a \u00e9t\u00e9 dissip\u00e9e, puisque l\u2019autorit\u00e9 a autoris\u00e9 la r\u00e9ouverture de Rood-Wooko, ainsi qu\u2019on l\u2019appelle en moor\u00e9. Et l\u2019\u00e9motion \u00e9tait au rendez-vous. Les autorit\u00e9s comme les commer\u00e7ants pr\u00e9sents \u00e0 la c\u00e9r\u00e9monie, \u00e9taient visiblement aux anges. Il faut pr\u00e9ciser que cette r\u00e9ouverture est \u00e0 titre exceptionnel, car le grand march\u00e9 de Ouagadougou est consid\u00e9r\u00e9 comme march\u00e9- pilote dans le processus de r\u00e9ouverture des march\u00e9s dans la commune de Ouagadougou afin d\u2019exp\u00e9rimenter le respect des mesures barri\u00e8res contre la propagation du Covid-19. Une autre pr\u00e9cision \u00e0 apporter, car elle vaut son pesant d\u2019or, est que l\u2019acc\u00e8s au grand march\u00e9 de Ouagadougou est d\u00e9sormais conditionn\u00e9 au respect des mesures ci-apr\u00e8s : le port obligatoire de masque ;<\/em> <em>le lavage syst\u00e9matique et obligatoire des mains \u00e0 l\u2019entr\u00e9e ;<\/em> <em>le respect de la distanciation sociale d\u2019un m\u00e8tre minimum entre les usagers (commer\u00e7ants et clients) ;<\/em> <em>le respect de toutes les autres mesures barri\u00e8res, notamment l\u2019interdiction des embrassades, ne pas cracher \u00e0 terre, tousser ou \u00e9ternuer dans le creux du coude, utiliser le gel hydro-alcoolique.<\/em> <em>L\u2019on peut se r\u00e9jouir du fait que les autorit\u00e9s ont entendu les cris de d\u00e9tresse des commer\u00e7ants du grand march\u00e9 de Ouagadougou. L\u2019on peut \u00e9galement saluer le fait que la municipalit\u00e9 a conditionn\u00e9 l\u2019acc\u00e8s du march\u00e9 au respect des mesures barri\u00e8res.<\/em><\/p>\n<p class=\"c3\"><strong><em>Les commer\u00e7ants ont l\u2019occasion de prouver que march\u00e9 ne rime pas forc\u00e9ment avec capharna\u00fcm<\/em><\/strong><\/p>\n<p class=\"c3\"><em>Mais la grande question est de savoir si les commer\u00e7ants vont respecter comme il le faut, l\u2019ensemble des mesures \u00e9dict\u00e9es. En tout cas, ils sont attendus au tournant. Car, ils auront tout fait pour demander la r\u00e9ouverture du march\u00e9\u00a0: pressions multiformes sur les autorit\u00e9s politiques, vell\u00e9it\u00e9s de r\u00e9bellion, plaidoyer aupr\u00e8s des autorit\u00e9s morales et coutumi\u00e8res et l\u2019on en oublie. Maintenant que c\u2019est chose faite, ils n\u2019auraient droit \u00e0 aucune excuse au cas o\u00f9 ils se donneraient des libert\u00e9s par rapport \u00e0 l\u2019observance des mesures \u00e9dict\u00e9es. En tout cas, les commer\u00e7ants ont jur\u00e9, la main sur le c\u0153ur, qu\u2019ils mettront un point d\u2019honneur \u00e0 le faire et tout le monde a \u00e9t\u00e9 t\u00e9moin de cet engagement\u00a0solennel \u00e0 ne pas faillir. Il est vrai, la municipalit\u00e9 a promis fermement de\u00a0s\u00e9vir contre les contrevenants, mais les commer\u00e7ants eux-m\u00eames ont int\u00e9r\u00eat \u00e0 traquer les brebis galeuses en leur sein. Car, ils n\u2019auront personne pour les pleurer dans l\u2019hypoth\u00e8se o\u00f9, \u00e0 cause de leurs mauvais comportements, le gouvernement se verrait contraint de fermer de nouveau le march\u00e9. Et puis, les commer\u00e7ants du grand march\u00e9 de Ouagadougou ne doivent pas oublier que tous les autres commer\u00e7ants les regardent. Et de leur comportement d\u00e9pendra le sort de l\u2019ensemble de la corporation. Si l\u2019exp\u00e9rimentation est concluante, la mesure sera certainement \u00e9tendue \u00e0 l\u2019ensemble des march\u00e9s du pays. Mais si elle ne l\u2019est pas \u00e0 cause de leur indiscipline, ce serait une catastrophe non seulement pour l\u2019\u00e9conomie du pays, mais aussi un grand risque sanitaire pour la population. Par jour, au moins 15000 personnes visitent, en effet, ce march\u00e9. Potentiellement, Rood-woko repr\u00e9sente un foyer de propagation du Covid-19. Au B\u00e9nin et en C\u00f4te-d\u2019Ivoire, les commer\u00e7ants ont su faire preuve de responsabilit\u00e9 et de discipline. R\u00e9sultat\u00a0: dans ces pays, l\u2019on n\u2019a pas ferm\u00e9 les march\u00e9s. Les n\u00f4tres ont l\u2019obligation morale et patriotique de s\u2019inscrire dans la m\u00eame logique. En tout cas, ils ont l\u2019occasion de prouver qu\u2019ils sont des adultes et que march\u00e9 ne rime pas forc\u00e9ment avec capharna\u00fcm comme le laisse croire l\u2019imaginaire populaire. Cela dit, les autorit\u00e9s doivent \u00e9galement envisager la reprise des autres activit\u00e9s. Celle qui nous vient \u00e0 l\u2019esprit est le transport inter-urbain. Car, l\u2019arr\u00eat de ce secteur est en train d\u2019\u00eatre ressenti durement aussi par les populations. Et ici, il est beaucoup plus facile d\u2019appliquer les mesures barri\u00e8res que dans un march\u00e9. En tout \u00e9tat de cause, il va falloir apprendre \u00e0 vivre avec le Covid-19. Et le Premier ministre l\u2019a dit \u00e0 l\u2019occasion d\u2019une rencontre des gouverneurs des 13 r\u00e9gions.<\/em><\/p>\n<p class=\"c3\"><strong><em>Sidzabda<\/em><\/strong><\/p>\n<p>Auteur: Le Pays<br \/>\n<a href=\"http:\/\/lepays.bf\/reouverture-du-grand-marche-de-ouagadougou\/\">Cliquez ici pour lire l&rsquo;article depuis sa source.<\/a><\/p>\n","protected":false},"excerpt":{"rendered":"<p>Hier, lundi 20 avril 2020, \u00e9tait un grand jour pour les commer\u00e7ants de la ville de Ouagadougou. Et pour cause : la r\u00e9ouverture du grand march\u00e9. En rappel, celui-ci avait \u00e9t\u00e9 ferm\u00e9 par les autorit\u00e9s depuis le 26 mars dernier, dans le cadre des mesures \u00e9dict\u00e9es par le gouvernement pour endiguer la propagation du Covid-19. [&hellip;]<\/p>\n","protected":false},"author":1813,"featured_media":0,"comment_status":"closed","ping_status":"closed","sticky":false,"template":"","format":"standard","meta":{"fifu_image_url":"","fifu_image_alt":"","footnotes":""},"categories":[73,81],"tags":[],"class_list":["post-82963","post","type-post","status-publish","format-standard","hentry","category-actualite","category-burkina-faso"],"_links":{"self":[{"href":"https:\/\/linitiative.ca\/International\/wp-json\/wp\/v2\/posts\/82963","targetHints":{"allow":["GET"]}}],"collection":[{"href":"https:\/\/linitiative.ca\/International\/wp-json\/wp\/v2\/posts"}],"about":[{"href":"https:\/\/linitiative.ca\/International\/wp-json\/wp\/v2\/types\/post"}],"author":[{"embeddable":true,"href":"https:\/\/linitiative.ca\/International\/wp-json\/wp\/v2\/users\/1813"}],"replies":[{"embeddable":true,"href":"https:\/\/linitiative.ca\/International\/wp-json\/wp\/v2\/comments?post=82963"}],"version-history":[{"count":0,"href":"https:\/\/linitiative.ca\/International\/wp-json\/wp\/v2\/posts\/82963\/revisions"}],"wp:attachment":[{"href":"https:\/\/linitiative.ca\/International\/wp-json\/wp\/v2\/media?parent=82963"}],"wp:term":[{"taxonomy":"category","embeddable":true,"href":"https:\/\/linitiative.ca\/International\/wp-json\/wp\/v2\/categories?post=82963"},{"taxonomy":"post_tag","embeddable":true,"href":"https:\/\/linitiative.ca\/International\/wp-json\/wp\/v2\/tags?post=82963"}],"curies":[{"name":"wp","href":"https:\/\/api.w.org\/{rel}","templated":true}]}}