{"id":82965,"date":"2020-04-20T15:04:54","date_gmt":"2020-04-20T19:04:54","guid":{"rendered":"https:\/\/linitiative.ca\/International\/accusations-contre-larmee-burkinabe-dexecution-de-31-personnes-a-djibo\/"},"modified":"2020-04-20T15:04:54","modified_gmt":"2020-04-20T19:04:54","slug":"accusations-contre-larmee-burkinabe-dexecution-de-31-personnes-a-djibo","status":"publish","type":"post","link":"https:\/\/linitiative.ca\/International\/accusations-contre-larmee-burkinabe-dexecution-de-31-personnes-a-djibo\/","title":{"rendered":"ACCUSATIONS CONTRE L\u2019ARMEE BURKINABE D\u2019EXECUTION DE 31 PERSONNES A DJIBO"},"content":{"rendered":"<div class=\"stream-item stream-item-above-post-content\">\n<p><noscript><\/p>\n<p><a href=\"\/\/www3.smartadserver.com\/ac?jump=1&amp;nwid=2136&amp;siteid=240610&amp;pgname=rg&amp;fmtid=49046&amp;visit=m&amp;tmstp=[timestamp]&amp;out=nonrich\" target=\"_blank\" rel=\"noopener noreferrer\"><img decoding=\"async\" src=\"\/\/www3.smartadserver.com\/ac?out=nonrich&amp;nwid=2136&amp;siteid=240610&amp;pgname=rg&amp;fmtid=49046&amp;visit=m&amp;tmstp=[timestamp]\" border=\"0\" alt=\"\"\/><\/a><\/p>\n<p><\/noscript><\/div>\n<p class=\"c3\"><em>Depuis le 15 janvier 2016, le Burkina est dans l\u2019\u0153il du cyclone des terroristes. Et malgr\u00e9 les efforts des Forces de d\u00e9fense et de s\u00e9curit\u00e9 pour s\u00e9curiser les populations des zones attaqu\u00e9es, force est de constater que des centaines de Burkinab\u00e8 ont perdu la vie avec \u00e0 la cl\u00e9, pr\u00e8s de 700 000 d\u00e9plac\u00e9s internes en seulement quatre ans. C\u2019est dire si le pays des Hommes int\u00e8gres aura pay\u00e9 un lourd tribut au fl\u00e9au. Et pendant que le pr\u00e9sident Roch Marc Christian Kabor\u00e9 s\u2019arrache les cheveux pour chercher des solutions pour bouter hors de ses fronti\u00e8res, l\u2019hydre terroriste, c\u2019est \u00e0 ce moment que Corinne Dufka, Directrice pour l\u2019Afrique de l\u2019Ouest de Human Rights Watch, a accus\u00e9 le 20 avril dernier, l\u2019arm\u00e9e burkinab\u00e8 d\u2019avoir commis des bavures en ex\u00e9cutant une trentaine de personnes \u00e0 Djibo, l\u2019\u00e9picentre du terrorisme au Burkina. Des tueries qui pourraient constituer, aux yeux de l\u2019ONG, des crimes de guerre. Elle invite, par cons\u00e9quent, les autorit\u00e9s \u00e0 ouvrir une enqu\u00eate impartiale aux fins de sanctionner les responsables. De prime abord, l\u2019on peut dire que Human Rights Watch est dans son r\u00f4le. Car, toute ex\u00e9cution extra-judiciaire m\u00e9rite d\u2019\u00eatre \u00e9lucid\u00e9e. Seulement, dans un contexte de lutte acharn\u00e9e contre le terrorisme, une telle accusation pourrait non seulement saper le moral des troupes engag\u00e9es dans la traque des individus sans foi ni loi, mais aussi \u00e9corner l\u2019image du pays. Reste \u00e0 savoir qui ont \u00e9t\u00e9 neutralis\u00e9s. Et sans vouloir absoudre \u00e0 bons comptes nos FDS, il faut se rendre \u00e0 l\u2019\u00e9vidence qu\u2019elles m\u00e8nent une mission p\u00e9rilleuse dans une situation complexe. Cela est d\u2019autant vrai qu\u2019elles ont affaire \u00e0 des ennemis invisibles. Si malgr\u00e9 les efforts d\u00e9ploy\u00e9s, les ing\u00e9nieurs du mal continuent de tuer d\u2019innocentes personnes parfois sans \u00eatre inqui\u00e9t\u00e9s, c\u2019est parce qu\u2019ils b\u00e9n\u00e9ficient souvent de complicit\u00e9s au sein des populations.<\/em><\/p>\n<p class=\"c3\"><strong><em>Il faut encourager les autorit\u00e9s \u00e0 investiguer sur les circonstances exactes de la mort de la trentaine d\u2019hommes<\/em><\/strong><\/p>\n<p class=\"c3\"><em>Les personnes ex\u00e9cut\u00e9es \u00e9taient-elles des terroristes on non ? Etaient-ce des \u00ab collabos \u00bb ? Ou tout simplement de pauvres innocents envoy\u00e9s ad patres ? En tout cas, autant il est facile d\u2019accuser l\u2019arm\u00e9e de pr\u00e9sum\u00e9es exactions contre des civils, autant Human Rights Watch gagnerait \u00e0 faire autant du c\u00f4t\u00e9 des terroristes qui s\u00e8ment la mort et la d\u00e9solation sur leur passage. Si l\u2019ONG veut que les populations et plus particuli\u00e8rement les dirigeants du Sahel ne crient pas \u00e0 la politique du deux poids deux mesures, elle ne doit pas faire non plus l\u2019\u00e9conomie de rapports sur les massacres des terroristes dans l\u2019ensemble des pays meurtris dont le Burkina, le Mali, le Niger, etc.\u00a0<\/em> <em>Cela dit, il ne faut ni minimiser ni balayer du revers de la main, les accusations de Human Rights Watch. Car, derri\u00e8re celles-ci, pourraient se cacher des r\u00e9alit\u00e9s cruelles et insoup\u00e7onn\u00e9es. Toujours est-il que ces accusations tombent mal pour le pouvoir de Roch Marc Christian Kabor\u00e9 qui fait d\u00e9sormais face \u00e0 deux ennemis redoutables : les terroristes et le Covid-19. En tout cas, ces accusations constituent un caillou dans les souliers du pr\u00e9sident Kabor\u00e9 qui pourrait vouloir redorer l\u2019image de son arm\u00e9e. Toutefois, aura-t-il vraiment l\u2019esprit et le temps pour se consacrer aux propos de Corinne Dufka? Rien n\u2019est moins s\u00fbr dans la mesure o\u00f9 tout le monde semble suspendu au Covid-19. En tout \u00e9tat cause, il faut encourager les autorit\u00e9s \u00e0 investiguer sur les circonstances exactes de la mort de la trentaine d\u2019hommes dans le Sahel burkinab\u00e8.<\/em><\/p>\n<p><strong><em>KABE YALO<\/em><\/strong><\/p>\n<p>Auteur: Le Pays<br \/>\n<a href=\"http:\/\/lepays.bf\/accusations-contre-larmee-burkinabe-dexecution-de-31-personnes-a-djibo\/\">Cliquez ici pour lire l&rsquo;article depuis sa source.<\/a><\/p>\n","protected":false},"excerpt":{"rendered":"<p>Depuis le 15 janvier 2016, le Burkina est dans l\u2019\u0153il du cyclone des terroristes. Et malgr\u00e9 les efforts des Forces de d\u00e9fense et de s\u00e9curit\u00e9 pour s\u00e9curiser les populations des zones attaqu\u00e9es, force est de constater que des centaines de Burkinab\u00e8 ont perdu la vie avec \u00e0 la cl\u00e9, pr\u00e8s de 700 000 d\u00e9plac\u00e9s internes [&hellip;]<\/p>\n","protected":false},"author":1813,"featured_media":0,"comment_status":"closed","ping_status":"closed","sticky":false,"template":"","format":"standard","meta":{"fifu_image_url":"","fifu_image_alt":"","footnotes":""},"categories":[73,81],"tags":[],"class_list":["post-82965","post","type-post","status-publish","format-standard","hentry","category-actualite","category-burkina-faso"],"_links":{"self":[{"href":"https:\/\/linitiative.ca\/International\/wp-json\/wp\/v2\/posts\/82965","targetHints":{"allow":["GET"]}}],"collection":[{"href":"https:\/\/linitiative.ca\/International\/wp-json\/wp\/v2\/posts"}],"about":[{"href":"https:\/\/linitiative.ca\/International\/wp-json\/wp\/v2\/types\/post"}],"author":[{"embeddable":true,"href":"https:\/\/linitiative.ca\/International\/wp-json\/wp\/v2\/users\/1813"}],"replies":[{"embeddable":true,"href":"https:\/\/linitiative.ca\/International\/wp-json\/wp\/v2\/comments?post=82965"}],"version-history":[{"count":0,"href":"https:\/\/linitiative.ca\/International\/wp-json\/wp\/v2\/posts\/82965\/revisions"}],"wp:attachment":[{"href":"https:\/\/linitiative.ca\/International\/wp-json\/wp\/v2\/media?parent=82965"}],"wp:term":[{"taxonomy":"category","embeddable":true,"href":"https:\/\/linitiative.ca\/International\/wp-json\/wp\/v2\/categories?post=82965"},{"taxonomy":"post_tag","embeddable":true,"href":"https:\/\/linitiative.ca\/International\/wp-json\/wp\/v2\/tags?post=82965"}],"curies":[{"name":"wp","href":"https:\/\/api.w.org\/{rel}","templated":true}]}}