{"id":82966,"date":"2020-04-20T13:28:48","date_gmt":"2020-04-20T17:28:48","guid":{"rendered":"https:\/\/linitiative.ca\/International\/lutte-contre-le-covid-19-du-materiel-de-protection-pour-la-commune-de-ziniare\/"},"modified":"2020-04-20T13:28:48","modified_gmt":"2020-04-20T17:28:48","slug":"lutte-contre-le-covid-19-du-materiel-de-protection-pour-la-commune-de-ziniare","status":"publish","type":"post","link":"https:\/\/linitiative.ca\/International\/lutte-contre-le-covid-19-du-materiel-de-protection-pour-la-commune-de-ziniare\/","title":{"rendered":"Lutte contre le COVID-19  : du mat\u00e9riel de protection pour  la commune de Ziniar\u00e9"},"content":{"rendered":"<div class=\"td-post-featured-image\"><a href=\"https:\/\/i0.wp.com\/www.sidwaya.info\/wp-content\/uploads\/2020\/04\/1-35.jpg?fit=595%2C447&amp;ssl=1\" data-caption=\"\"><img loading=\"lazy\" decoding=\"async\" width=\"595\" height=\"447\" class=\"entry-thumb td-modal-image\" src=\"https:\/\/i0.wp.com\/www.sidwaya.info\/wp-content\/uploads\/2020\/04\/1-35.jpg?resize=595%2C447&amp;ssl=1\" srcset=\"https:\/\/i0.wp.com\/www.sidwaya.info\/wp-content\/uploads\/2020\/04\/1-35.jpg?w=595&amp;ssl=1 595w, https:\/\/i0.wp.com\/www.sidwaya.info\/wp-content\/uploads\/2020\/04\/1-35.jpg?resize=300%2C225&amp;ssl=1 300w, https:\/\/i0.wp.com\/www.sidwaya.info\/wp-content\/uploads\/2020\/04\/1-35.jpg?resize=559%2C420&amp;ssl=1 559w, https:\/\/i0.wp.com\/www.sidwaya.info\/wp-content\/uploads\/2020\/04\/1-35.jpg?resize=80%2C60&amp;ssl=1 80w, https:\/\/i0.wp.com\/www.sidwaya.info\/wp-content\/uploads\/2020\/04\/1-35.jpg?resize=265%2C198&amp;ssl=1 265w\" sizes=\"auto, (max-width: 595px) 100vw, 595px\" alt=\"\" title=\"1\"\/><\/a><\/div>\n<p><strong>Le Projet de renforcement de la gestion communale des d\u00e9chets solides dans quatre villes secondaires du Burkina (PRGC\/DS) a proc\u00e9d\u00e9, le jeudi 16 avril 2020 \u00e0 Ziniar\u00e9, \u00e0 une remise de kits d\u2019hygi\u00e8ne et de mat\u00e9riel de protection contre la pr\u00e9vention du COVID-19. Ce mat\u00e9riel a pour objectif de contribuer \u00e0 la lutte contre la propagation du coronavirus dans la commune de Ziniar\u00e9.<\/strong><\/p>\n<p>Dans le but d\u2019apporter sa contribution \u00e0 la lutte contre la propagation de la maladie \u00e0 coronavirus dans les communes b\u00e9n\u00e9ficiaires, le Projet de renforcement de la gestion communale des d\u00e9chets solides dans quatre villes secondaires du Burkina (PRGC\/DS) a d\u00e9cid\u00e9 de leur doter de mat\u00e9riel. En rappel, dans le cadre de la mise en \u0153uvre de ce projet, il \u00e9tait pr\u00e9vu dans chaque commune b\u00e9n\u00e9ficiaire, une semaine communale d\u2019assainissement. Mais au regard du contexte sanitaire marqu\u00e9 par la pand\u00e9mie du coronavirus, les ressources allou\u00e9es \u00e0 cette activit\u00e9 ont \u00e9t\u00e9 reconverties en achat de mat\u00e9riel en vue de lutter contre le COVID-19.<br \/>En effet, la charg\u00e9e de suivi-\u00e9valuation du projet, Mariam Sorgho, a expliqu\u00e9 que: \u00abCette remise a \u00e9t\u00e9 possible gr\u00e2ce aux partenaires qui ont accept\u00e9 de reconvertir le financement allou\u00e9 aux activit\u00e9s de la semaine communale d\u2019assainissement en achat de mat\u00e9riel pour lutter contre la pand\u00e9mie du COVID-19 au vu de l\u2019urgence de la situation \u00bb. C\u2019est dans cette dynamique que le projet a achet\u00e9 du mat\u00e9riels au profit de chacune des communes b\u00e9n\u00e9ficiaires dont la commune de Ziniar\u00e9. Ainsi, la commune a b\u00e9n\u00e9fici\u00e9 de mat\u00e9riel compos\u00e9 de : dispositifs de lave-mains, masques chirurgicaux, masques \u00e0 usage multiple, blouses\/combinaisons, gants m\u00e9dicaux, gants \u00e0 usage multiple, bottes de s\u00e9curit\u00e9, savon en boule, eau de javel, solution hydroalcoolique.<br \/>Le co\u00fbt total de ce mat\u00e9riel est estim\u00e9 \u00e0 2 248 500 FCFA. A la remise du mat\u00e9riel, le maire de la commune de Ziniar\u00e9, Pascal Compaor\u00e9 a tenu \u00e0 remercier le CEAS Burkina qui a fait ce plaidoyer technique aupr\u00e8s des partenaires du Nord pour que leur souhait de reconvertir le montant allou\u00e9 \u00e0 la semaine communale d\u2019assainissement pour l\u2019acquisition de ce mat\u00e9riel soit effectif.<\/p>\n<p>M. Compaor\u00e9 a ensuite pr\u00e9cis\u00e9 que : \u00ab Ce mat\u00e9riel sera destin\u00e9 \u00e0 trois types d\u2019acteurs dont les premiers acteurs sont les associations de collecte des d\u00e9chets qui sont au nombre de six. Le deuxi\u00e8me acteur, c\u2019est l\u2019\u00e9quipe d\u2019intervention rapide du district sanitaire de Ziniar\u00e9 que nous allons accompagner et le troisi\u00e8me acteur, la mairie. Chaque type d\u2019acteur va recevoir plusieurs mat\u00e9riels sp\u00e9cifiques qui lui seront destin\u00e9s. C\u2019est pour dire que le besoin est r\u00e9el et ce geste r\u00e9pond aux activit\u00e9s du plan communal de riposte contre la pand\u00e9mie du coronavirus qui est en marche \u00bb. Pour le maire, Pascal Compaor\u00e9, ce mat\u00e9riel va contribuer \u00e0 renforcer la lutte contre la transmission du coronavirus et pour plus de r\u00e9sultats.<\/p>\n<p>Il n\u2019a pas manqu\u00e9 d\u2019inviter tous les acteurs et surtout les partenaires \u00e0 r\u00e9pondre \u00e0 leur appel \u00e0 la solidarit\u00e9. Projet mutualis\u00e9, le Projet de renforcement de la gestion communale des d\u00e9chets solides dans quatre villes secondaires du Burkina (PRGC\/DS) couvre les communes de Banfora, de Bouss\u00e9, de Kaya et de Ziniar\u00e9. Il est financ\u00e9 \u00e0 travers des partenaires du Nord dont ceux de la commune de Ziniar\u00e9 sont : la r\u00e9gion Nouvelle Aquitaine en France, Evolis 23 et \u00e0 Syded 87. C\u2019est gr\u00e2ce donc \u00e0 ses partenaires financiers du Nord que ce mat\u00e9riel a \u00e9t\u00e9 acquis au profit de la commune de Ziniar\u00e9. La mise en \u0153uvre technique de ce projet dans les quatre communes est assur\u00e9e par l\u2019association Centre \u00e9cologique Albert Schweitzer du Burkina Faso (CEAS Burkina).<\/p>\n<p class=\"c1\"><strong>Abdias Cyprien SAWADOG<\/strong>O<\/p>\n<div class=\"td-a-rec td-a-rec-id-content_bottom tdi_30_7e6 td_block_template_1\"><img loading=\"lazy\" decoding=\"async\" class=\"aligncenter size-full wp-image-9623\" src=\"https:\/\/www.sidwaya.info\/wp-content\/uploads\/2019\/06\/Projet-bannie%CC%80re-Orange-mobile.jpg\" alt=\"\" width=\"728\" height=\"81\"\/><\/div>\n<p>Auteur: BM. Sidwaya<br \/>\n<a href=\"https:\/\/www.sidwaya.info\/blog\/2020\/04\/20\/lutte-contre-le-covid-19-du-materiel-de-protection-pour-la-commune-de-ziniare\/\">Cliquez ici pour lire l&rsquo;article depuis sa source.<\/a><\/p>\n","protected":false},"excerpt":{"rendered":"<p>Le Projet de renforcement de la gestion communale des d\u00e9chets solides dans quatre villes secondaires du Burkina (PRGC\/DS) a proc\u00e9d\u00e9, le jeudi 16 avril 2020 \u00e0 Ziniar\u00e9, \u00e0 une remise de kits d\u2019hygi\u00e8ne et de mat\u00e9riel de protection contre la pr\u00e9vention du COVID-19. Ce mat\u00e9riel a pour objectif de contribuer \u00e0 la lutte contre la [&hellip;]<\/p>\n","protected":false},"author":1816,"featured_media":0,"comment_status":"closed","ping_status":"closed","sticky":false,"template":"","format":"standard","meta":{"fifu_image_url":"","fifu_image_alt":"","footnotes":""},"categories":[73,81],"tags":[],"class_list":["post-82966","post","type-post","status-publish","format-standard","hentry","category-actualite","category-burkina-faso"],"_links":{"self":[{"href":"https:\/\/linitiative.ca\/International\/wp-json\/wp\/v2\/posts\/82966","targetHints":{"allow":["GET"]}}],"collection":[{"href":"https:\/\/linitiative.ca\/International\/wp-json\/wp\/v2\/posts"}],"about":[{"href":"https:\/\/linitiative.ca\/International\/wp-json\/wp\/v2\/types\/post"}],"author":[{"embeddable":true,"href":"https:\/\/linitiative.ca\/International\/wp-json\/wp\/v2\/users\/1816"}],"replies":[{"embeddable":true,"href":"https:\/\/linitiative.ca\/International\/wp-json\/wp\/v2\/comments?post=82966"}],"version-history":[{"count":0,"href":"https:\/\/linitiative.ca\/International\/wp-json\/wp\/v2\/posts\/82966\/revisions"}],"wp:attachment":[{"href":"https:\/\/linitiative.ca\/International\/wp-json\/wp\/v2\/media?parent=82966"}],"wp:term":[{"taxonomy":"category","embeddable":true,"href":"https:\/\/linitiative.ca\/International\/wp-json\/wp\/v2\/categories?post=82966"},{"taxonomy":"post_tag","embeddable":true,"href":"https:\/\/linitiative.ca\/International\/wp-json\/wp\/v2\/tags?post=82966"}],"curies":[{"name":"wp","href":"https:\/\/api.w.org\/{rel}","templated":true}]}}