{"id":82967,"date":"2020-04-20T13:34:08","date_gmt":"2020-04-20T17:34:08","guid":{"rendered":"https:\/\/linitiative.ca\/International\/rood-wooko-une-reouverture-sous-haute-surveillance\/"},"modified":"2020-04-20T13:34:08","modified_gmt":"2020-04-20T17:34:08","slug":"rood-wooko-une-reouverture-sous-haute-surveillance","status":"publish","type":"post","link":"https:\/\/linitiative.ca\/International\/rood-wooko-une-reouverture-sous-haute-surveillance\/","title":{"rendered":"Rood-wooko  : une r\u00e9ouverture \u00ab sous haute surveillance \u00bb"},"content":{"rendered":"<div class=\"td-post-featured-image\"><a href=\"https:\/\/i1.wp.com\/www.sidwaya.info\/wp-content\/uploads\/2020\/04\/1-37.jpg?fit=595%2C397&amp;ssl=1\" data-caption=\"\"><img loading=\"lazy\" decoding=\"async\" width=\"595\" height=\"397\" class=\"entry-thumb td-modal-image\" src=\"https:\/\/i1.wp.com\/www.sidwaya.info\/wp-content\/uploads\/2020\/04\/1-37.jpg?resize=595%2C397&amp;ssl=1\" srcset=\"https:\/\/i1.wp.com\/www.sidwaya.info\/wp-content\/uploads\/2020\/04\/1-37.jpg?w=595&amp;ssl=1 595w, https:\/\/i1.wp.com\/www.sidwaya.info\/wp-content\/uploads\/2020\/04\/1-37.jpg?resize=300%2C200&amp;ssl=1 300w\" sizes=\"auto, (max-width: 595px) 100vw, 595px\" alt=\"\" title=\"1\"\/><\/a><\/div>\n<p><strong>Apr\u00e8s 23 jours de fermeture \u00e0 cause du coronavirus, le march\u00e9 central a rouvert ses portes, le lundi 20 avril 2020. Pour les commer\u00e7ants, c\u2019est un soulagement, pourtant, la vigilance reste de mise pour les autorit\u00e9s, tant que la fin de la pand\u00e9mie n\u2019a pas \u00e9t\u00e9 d\u00e9clar\u00e9e.<\/strong><\/p>\n<p>Dans la matin\u00e9e du 20 avril 2020, Rood- wooko, le grand march\u00e9 de Ouagadougou, a renou\u00e9 avec l\u2019effervescence qui caract\u00e9rise ses abords avant l\u2019ouverture officielle des grilles d\u2019entr\u00e9e. Apr\u00e8s trois semaines de fermeture, d\u00e9cid\u00e9e par la mairie, dans le but de stopper la cha\u00eene de la propagation du COVID 19, le sentiment dominant chez la plupart des commer\u00e7ants est la joie. \u00ab Nous sommes heureux de la r\u00e9ouverture du march\u00e9. Les mots me manquent pour exprimer ma joie. Je remercie le gouvernement \u00bb, a d\u00e9clar\u00e9 Abdoulaye Ou\u00e9draogo, vendeur d\u2019habits, visiblement press\u00e9 de retrouver sa boutique. Il fait partie des tout premiers commer\u00e7ants \u00e0 r\u00e9investir les lieux.<\/p>\n<p>Un sentiment partag\u00e9 par Nana Bibata, une commer\u00e7ante ambulante, venue s\u2019approvisionner en pagnes et bijoux qu\u2019elle revend aux alentours du march\u00e9 et dans les services. \u00ab On a failli mourir de faim. Depuis la fermeture du march\u00e9, c\u2019\u00e9tait la gal\u00e8re. Je ne vivais que de la g\u00e9n\u00e9rosit\u00e9 des bonnes volont\u00e9s, car je n\u2019avais plus rien. Je suis donc heureuse de la r\u00e9ouverture car je vais pouvoir vivre de ce que gagne \u00bb, s\u2019est-elle exclam\u00e9e. A la joie de retrouver le march\u00e9 se m\u00eale tout de m\u00eame une petite inqui\u00e9tude comme l\u2019exprime Ablass\u00e9 Zongo, grossiste de pagnes. Pour lui, la r\u00e9ouverture des yaars et la lev\u00e9e de la quarantaine sont des mesures qui vont garantir le retour des clients \u00e0 Rood-wooko et la reprise effective des affaires. \u00ab Sans nos clients habituels constitu\u00e9s des commer\u00e7ants des petits yaars et des autres petites localit\u00e9s, nous risquons de nous tourner les pouces ici \u00bb, a-t-il fait remarquer.<\/p>\n<p>Au-del\u00e0 de la joie de retrouver leurs \u00e9choppes, l\u2019engagement des usagers \u00e0 respecter les mesures \u00e9dict\u00e9es pour se pr\u00e9munir du coronavirus est perceptible. En effet, pour acc\u00e9der au march\u00e9, chacun a d\u00fb se laver les mains et arborer un masque. Des gestes qui font partie d\u2019un paquet de mesures sanitaires et s\u00e9curitaires. Pour le Directeur g\u00e9n\u00e9ral (DG) de l\u2019Agence du d\u00e9veloppement \u00e9conomique urbain, Edouard Bouda, une commission de r\u00e9flexion sur la r\u00e9ouverture de Rood- wooko copr\u00e9sid\u00e9e par le maire de Ouagadougou et son homologue de la Chambre de commerce et d\u2019industrie du Burkina Faso a identifi\u00e9 un certain nombre de r\u00e8gles qui s\u2019imposent \u00e0 tous. Il s\u2019agit notamment de la r\u00e9organisation du march\u00e9 de Rood-wooko, avec le tra\u00e7age des lignes rouges d\u00e9limitant ainsi les zones d\u2019occupations autoris\u00e9es et le sens de circulation ; de la limitation \u00e0 deux personnes maximum par boutique, du d\u00e9guerpissement des installations irr\u00e9guli\u00e8res dans les all\u00e9es.<\/p>\n<p><strong>Rood-wooko, un cas d\u2019\u00e9cole<\/strong><\/p>\n<p>Par ailleurs, la r\u00e9alisation de lavabos et la mise \u00e0 disposition de lave-mains \u00e9quip\u00e9s de savon aux diff\u00e9rentes entr\u00e9es du march\u00e9, le d\u00e9ploiement de 500 volontaires pour la sensibilisation au COVID-19, ainsi que la r\u00e9habilitation de la radio et la campagne de communication sur les mesures de protection vont concourir \u00e0 ne pas faire du march\u00e9, un foyer de propagation de la pand\u00e9mie. Le d\u00e9ploiement des agents de la Police municipale \u00e0 l\u2019int\u00e9rieur du march\u00e9 figure aussi parmi les nouvelles mesures.<br \/>A l\u2019instar du maire de Ouagadougou, l\u2019ensemble des personnalit\u00e9s pr\u00e9sentes \u00e0 la r\u00e9ouverture du grand march\u00e9 ont exhort\u00e9 les usagers \u00e0 ne pas rel\u00e2cher l\u2019assiduit\u00e9 en ce qui concerne les mesures barri\u00e8res, car c\u2019est \u00e0 cette condition que les autres march\u00e9s vont aussi rouvrir leurs portes. \u00ab Je demande \u00e0 tout le monde de respecter les mesures, car il y va de la sant\u00e9 de tous. Votre comportement est d\u00e9terminant parce qu\u2019il va faire \u00e9cole pour ouvrir progressivement les autres march\u00e9s.<\/p>\n<p>Il permettra bient\u00f4t de travailler \u00e0 la reprise des activit\u00e9s de transport, des maquis et bars \u00bb, a laiss\u00e9 entendre le ministre du Commerce, de l\u2019Industrie et de l\u2019Artisanat, Harouna Kabor\u00e9. Le repr\u00e9sentant des jeunes commer\u00e7ants, Abdoul Rasman\u00e9 Kabor\u00e9, lui, s\u2019est dit confiant que tout ira pour le mieux, car les commer\u00e7ants ont \u00e9t\u00e9 associ\u00e9s \u00e0 toutes les d\u00e9cisions. \u00ab Pour une fois, nous avons \u00e9t\u00e9 consult\u00e9s \u00e0 toutes les \u00e9tapes du processus pour aboutir \u00e0 l\u2019activit\u00e9 de ce matin, c\u2019est pourquoi je n\u2019ai pas d\u2019inqui\u00e9tude. Nous avons sensibilis\u00e9 tout le monde et ceux qui doivent \u00eatre relocalis\u00e9s sur d\u2019autres sites vont les rejoindre sans difficult\u00e9\u00bb, a-t-il poursuivi.<\/p>\n<p>Rood-wooko est un march\u00e9 charg\u00e9 symboliquement, en t\u00e9moigne la pol\u00e9mique qui a \u00e9clat\u00e9 aux premi\u00e8res heures de sa fermeture. Aussi, la pr\u00e9sence de Raagnaaba Sankoglgo \u00e0 la c\u00e9r\u00e9monie traduit la fin des \u00e9changes tendus entre traditionalistes et r\u00e9publicains. Du reste, la figure du Moogho Naaba Baongho a \u00e9t\u00e9 \u00e9voqu\u00e9e tout au long de la c\u00e9r\u00e9monie. Tous ont \u00e9t\u00e9 unanimes pour saluer son implication aux c\u00f4t\u00e9s des autres acteurs pour ce nouveau d\u00e9part des activit\u00e9s \u00e0 Rood- wooko.<\/p>\n<p class=\"c1\"><strong>Nad\u00e8ge YE<\/strong><\/p>\n<div class=\"td-a-rec td-a-rec-id-content_bottom tdi_30_a21 td_block_template_1\"><img loading=\"lazy\" decoding=\"async\" class=\"aligncenter size-full wp-image-9623\" src=\"https:\/\/www.sidwaya.info\/wp-content\/uploads\/2019\/06\/Projet-bannie%CC%80re-Orange-mobile.jpg\" alt=\"\" width=\"728\" height=\"81\"\/><\/div>\n<p>Auteur: BM. Sidwaya<br \/>\n<a href=\"https:\/\/www.sidwaya.info\/blog\/2020\/04\/20\/rood-wooko-une-reouverture-sous-haute-surveillance\/\">Cliquez ici pour lire l&rsquo;article depuis sa source.<\/a><\/p>\n","protected":false},"excerpt":{"rendered":"<p>Apr\u00e8s 23 jours de fermeture \u00e0 cause du coronavirus, le march\u00e9 central a rouvert ses portes, le lundi 20 avril 2020. Pour les commer\u00e7ants, c\u2019est un soulagement, pourtant, la vigilance reste de mise pour les autorit\u00e9s, tant que la fin de la pand\u00e9mie n\u2019a pas \u00e9t\u00e9 d\u00e9clar\u00e9e. Dans la matin\u00e9e du 20 avril 2020, Rood- [&hellip;]<\/p>\n","protected":false},"author":1816,"featured_media":0,"comment_status":"closed","ping_status":"closed","sticky":false,"template":"","format":"standard","meta":{"fifu_image_url":"","fifu_image_alt":"","footnotes":""},"categories":[73,81],"tags":[],"class_list":["post-82967","post","type-post","status-publish","format-standard","hentry","category-actualite","category-burkina-faso"],"_links":{"self":[{"href":"https:\/\/linitiative.ca\/International\/wp-json\/wp\/v2\/posts\/82967","targetHints":{"allow":["GET"]}}],"collection":[{"href":"https:\/\/linitiative.ca\/International\/wp-json\/wp\/v2\/posts"}],"about":[{"href":"https:\/\/linitiative.ca\/International\/wp-json\/wp\/v2\/types\/post"}],"author":[{"embeddable":true,"href":"https:\/\/linitiative.ca\/International\/wp-json\/wp\/v2\/users\/1816"}],"replies":[{"embeddable":true,"href":"https:\/\/linitiative.ca\/International\/wp-json\/wp\/v2\/comments?post=82967"}],"version-history":[{"count":0,"href":"https:\/\/linitiative.ca\/International\/wp-json\/wp\/v2\/posts\/82967\/revisions"}],"wp:attachment":[{"href":"https:\/\/linitiative.ca\/International\/wp-json\/wp\/v2\/media?parent=82967"}],"wp:term":[{"taxonomy":"category","embeddable":true,"href":"https:\/\/linitiative.ca\/International\/wp-json\/wp\/v2\/categories?post=82967"},{"taxonomy":"post_tag","embeddable":true,"href":"https:\/\/linitiative.ca\/International\/wp-json\/wp\/v2\/tags?post=82967"}],"curies":[{"name":"wp","href":"https:\/\/api.w.org\/{rel}","templated":true}]}}